{"id":2105,"date":"2016-01-13T18:48:30","date_gmt":"2016-01-13T17:48:30","guid":{"rendered":"http:\/\/elblogdejoseblasfernandez.com\/?p=2105"},"modified":"2016-01-13T18:48:30","modified_gmt":"2016-01-13T17:48:30","slug":"la-invalidez-absoluta-discrimina-a-la-jubilacion","status":"publish","type":"post","link":"https:\/\/elblogdejoseblasfernandez.com\/?p=2105","title":{"rendered":"LA INVALIDEZ ABSOLUTA DISCRIMINA A LA JUBILACI\u00d3N"},"content":{"rendered":"<p style=\"text-align: justify;\">\u00a0\u00a0\u00a0\u00a0\u00a0\u00a0\u00a0\u00a0 A la Jubilaci\u00f3n\u00a0 se llega por ley natural y quien disfruta o la soporta es porque \u00a0el\u00a0 calendario\u00a0 \u00a0de la vida\u00a0 ha cumplido la hoja\u00a0 de ruta y te hace recordar que el ocaso\u00a0 de los humanos \u00a0est\u00e1 pr\u00f3ximo a cumplirse por raz\u00f3n del tiempo. \u00a0Jubilarse \u00a0es de j\u00fabilo\u00a0 y hoy cuando se est\u00e1 en ello vienen los muchos\u00a0 y agradables recuerdos de lo que hemos hecho o no pudimos hacer, independientemente\u00a0 de poner\u00a0 el video de nuestra vida laboral y recordar los muchos momentos que hemos pasado junto a nuestros\u00a0 compa\u00f1eros y\u00a0 colaboradores de nuestro quehacer, ya sean como trabajadores, profesionales o como aut\u00f3nomos, \u00a0en cualquiera de sus modalidades.<\/p>\n<p style=\"text-align: justify;\">\u00a0\u00a0\u00a0\u00a0\u00a0\u00a0\u00a0\u00a0\u00a0 A la jubilaci\u00f3n\u00a0\u00a0 se accede por la edad y muchos la disfrutan como un\u00a0 tesoro \u00a0sin valor \u00a0y\u00a0 otros como algo\u00a0 inalcanzable \u00a0que por fin le \u00a0\u00a0ha llevado a la meta.\u00a0\u00a0\u00a0 Laboralmente hablando, la pensi\u00f3n de jubilaci\u00f3n no es m\u00e1s que la cotizaci\u00f3n \u00a0de muchos a\u00f1os de vida laboral y seg\u00fan sus c\u00e1lculos, pues su prestaci\u00f3n econ\u00f3mica \u00a0es y va en\u00a0 funci\u00f3n de lo cotizado y con un m\u00ednimo\u00a0 de a\u00f1os, pero topada desde hace mas de 20 a\u00f1os, porque ese\u00a0 fondo de pensiones \u00a0no puede soportar el peso de su carga, aunque\u00a0 sea injusto de \u00a0que pese haber cotizado por mas,\u00a0 su techo sea inapelable, \u00a0disminuido con ese IRPF que a todos les toca pagar por \u00a0ese impuesto que entiendo\u00a0\u00a0 que \u00a0ya durante la vida laboral hemos venido pagando en nuestras nominas\u00a0 o retenciones.\u00a0\u00a0\u00a0\u00a0\u00a0\u00a0Sin embargo, la invalidez\u00a0 permanente, en grado de absoluta, \u00a0que es una prestaci\u00f3n del 100% no lleva ning\u00fan tipo de\u00a0 merma, pues si su c\u00e1lculo no es el de\u00a0 toda la vida\u00a0 laboral (y me refiero como el de la jubilaci\u00f3n), es aquel que \u00a0te acontece en el momento del hecho causante. Es decir, puede sobrevenir en \u00a0cualquier edad\u00a0 laboral y en muchos casos muy lejos de los 65 a\u00f1os y no digamos, si esa invalidez es por accidente de trabajo o enfermedad profesional que con un solo d\u00eda de cotizaci\u00f3n ya \u00a0se tiene derecho a ella.<\/p>\n<p style=\"text-align: justify;\">\u00a0\u00a0\u00a0\u00a0\u00a0\u00a0\u00a0\u00a0\u00a0 Me parece importante sacar de aqu\u00ed la Gran Invalidez, pues ese 50% \u00a0que aumenta su pensi\u00f3n\u00a0 y que la\u00a0 construye \u00a0de\u00a0 un 150% es para que por su estado\u00a0 de salud alguien \u00a0\u00a0ayude \u00a0al incapacitado en este grado en su d\u00eda a dia, por lo que en nada debo discrepar de lo que hoy existe, pero\u00a0 muestro mi disconformidad\u00a0 con \u00a0quienes tienen una \u00a0incapacidad permanente \u00a0y absoluta y \u00a0no\u00a0 pagan \u00a0a Hacienda cuando cumplen\u00a0 los 65 a\u00f1os \u00a0al igual que \u00a0hacen los jubilados, por\u00a0 lo que no considero correcto que quienes tienen la misma edad y quienes tienen una pensi\u00f3n p\u00fablica no paguen los dos a Hacienda su IRPF o bien \u00a0ninguno lo haga, pero unos s\u00ed y otros no es discriminatorio en estos momentos donde la igualdad es y debe ser para todos. Es m\u00e1s, quien o quienes poseen una prestaci\u00f3n\u00a0 de incapacidad permanente y absoluta para toda clase de trabajo no\u00a0 s\u00f3lo no paga nada al fisco, sino que no est\u00e1 obligado ni a declararla en su Renta, algo discriminatorio\u00a0 cuando esa prestaci\u00f3n es por jubilaci\u00f3n, la cual s\u00ed tributa por IRPF y encima se tiene que declarar\u00a0 en su Renta anual.<\/p>\n<p style=\"text-align: justify;\">\u00a0\u00a0\u00a0\u00a0\u00a0\u00a0\u00a0\u00a0\u00a0 Es cierto que nuestro sistema\u00a0 p\u00fablico de pensiones est\u00e1 en\u00a0 un duro y dif\u00edcil momento por la falta de\u00a0 cotizantes, pero discriminarlos es a\u00fan m\u00e1s grave, pues si es cierto que una invalidez sobrelleva costes adicionales en gastos de\u00a0 farmacia y sanitario cosa que el jubilado hasta su edad de jubilaci\u00f3n\u00a0 no los va a \u00a0poseer, pero con la misma edad (65 a\u00f1os o algo m\u00e1s) todos debemos ser iguales\u00a0 y unos pagar y otros no es de poca congruencia. Sobre este tema se podr\u00eda escribir mucho y seguro\u00a0 que quienes no pagan por la invalidez IRPF, una vez cumplida la edad que hubieran tenido de jubilaci\u00f3n estar\u00e1n en contra, pero los jubilados que acceden\u00a0 por su edad a la pensi\u00f3n y tienen que pagar, seguro estar\u00e1n de acuerdo conmigo en esta tesis, pues no solo pagan el impuesto sino que tienen que declarar la pensi\u00f3n.<\/p>\n<p style=\"text-align: justify;\">\n<p style=\"text-align: justify;\">\u00a0\u00a0\u00a0\u00a0\u00a0\u00a0\u00a0\u00a0\u00a0 En resumidas cuentas, existe un debate sobre\u00a0 si el pensionista\u00a0 de invalidez absoluta debe o no pagar IRPF, pues el jubilado lo est\u00e1 pagando \u00a0y aqu\u00ed en donde existe la gran diferencia.\u00a0 Debido a esta circunstancia ya\u00a0 hay voces que quieren equiparar el invalido absoluto al jubilado y que a partir de la edad de jubilaci\u00f3n\u00a0 (hoy 65 o\u00a0 m\u00e1s) ninguno abone\u00a0 cantidad de IRPF, pues\u00a0 se entiende\u00a0 que \u00a0el hacerlo unos s\u00ed y otros no y tener la misma edad conlleva a una clara discriminaci\u00f3n y, m\u00e1s a\u00fan, cuando las pensiones por desgracia ya vienen topadas, salvando, como he dicho al principio,\u00a0 la gran invalidez, que en este caso no dudo de su \u00a0exenci\u00f3n de pagar \u00a0a Hacienda.<\/p>\n<p style=\"text-align: justify;\">\u00a0\u00a0\u00a0\u00a0\u00a0\u00a0\u00a0\u00a0\u00a0\u00a0En definitiva, o todos pagan o todos\u00a0 exentos, pero\u00a0 unos s\u00ed y otros no por\u00a0 el concepto de\u00a0 ser\u00a0 jubilado o invalido no tiene raz\u00f3n de ser y esto est\u00e1 teniendo un gran debate en la sociedad actual que habr\u00e1 que darle una soluci\u00f3n, si bien no hacerlo\u00a0 para los que tienen un derecho adquirido\u00a0 pero si llevarlo a cabo para los futuros pensionistas y m\u00e1s a\u00fan hoy con la jubilaci\u00f3n activa que propicia\u00a0 el seguir trabajando y percibir el 50% de la pensi\u00f3n, lo que en definitiva hace que parezca\u00a0 al pagar las dos situaciones IRPF que el beneficio de ese 50%\u00a0 no es tal beneficio.<\/p>\n","protected":false},"excerpt":{"rendered":"<p>\u00a0\u00a0\u00a0\u00a0\u00a0\u00a0\u00a0\u00a0 A la Jubilaci\u00f3n\u00a0 se llega por ley natural y quien disfruta o la soporta es porque \u00a0el\u00a0 calendario\u00a0 \u00a0de la vida\u00a0 ha cumplido la hoja\u00a0 de ruta y te hace recordar que el ocaso\u00a0 de los humanos \u00a0est\u00e1 pr\u00f3ximo a cumplirse por raz\u00f3n del tiempo. \u00a0Jubilarse \u00a0es de j\u00fabilo\u00a0 y hoy cuando se est\u00e1 [&hellip;]<\/p>\n","protected":false},"author":1,"featured_media":0,"comment_status":"open","ping_status":"open","sticky":false,"template":"","format":"standard","meta":{"footnotes":""},"categories":[3],"tags":[],"class_list":["post-2105","post","type-post","status-publish","format-standard","hentry","category-vida-profesional"],"_links":{"self":[{"href":"https:\/\/elblogdejoseblasfernandez.com\/index.php?rest_route=\/wp\/v2\/posts\/2105","targetHints":{"allow":["GET"]}}],"collection":[{"href":"https:\/\/elblogdejoseblasfernandez.com\/index.php?rest_route=\/wp\/v2\/posts"}],"about":[{"href":"https:\/\/elblogdejoseblasfernandez.com\/index.php?rest_route=\/wp\/v2\/types\/post"}],"author":[{"embeddable":true,"href":"https:\/\/elblogdejoseblasfernandez.com\/index.php?rest_route=\/wp\/v2\/users\/1"}],"replies":[{"embeddable":true,"href":"https:\/\/elblogdejoseblasfernandez.com\/index.php?rest_route=%2Fwp%2Fv2%2Fcomments&post=2105"}],"version-history":[{"count":2,"href":"https:\/\/elblogdejoseblasfernandez.com\/index.php?rest_route=\/wp\/v2\/posts\/2105\/revisions"}],"predecessor-version":[{"id":2111,"href":"https:\/\/elblogdejoseblasfernandez.com\/index.php?rest_route=\/wp\/v2\/posts\/2105\/revisions\/2111"}],"wp:attachment":[{"href":"https:\/\/elblogdejoseblasfernandez.com\/index.php?rest_route=%2Fwp%2Fv2%2Fmedia&parent=2105"}],"wp:term":[{"taxonomy":"category","embeddable":true,"href":"https:\/\/elblogdejoseblasfernandez.com\/index.php?rest_route=%2Fwp%2Fv2%2Fcategories&post=2105"},{"taxonomy":"post_tag","embeddable":true,"href":"https:\/\/elblogdejoseblasfernandez.com\/index.php?rest_route=%2Fwp%2Fv2%2Ftags&post=2105"}],"curies":[{"name":"wp","href":"https:\/\/api.w.org\/{rel}","templated":true}]}}