{"id":2118,"date":"2016-02-03T14:44:46","date_gmt":"2016-02-03T13:44:46","guid":{"rendered":"http:\/\/elblogdejoseblasfernandez.com\/?p=2118"},"modified":"2016-02-03T14:44:46","modified_gmt":"2016-02-03T13:44:46","slug":"la-muerte-de-munoz-alonso-deja-grandes-secuelas-a-los-buenos-politicos","status":"publish","type":"post","link":"https:\/\/elblogdejoseblasfernandez.com\/?p=2118","title":{"rendered":"LA MUERTE DE MU\u00d1OZ-ALONSO DEJA GRANDES SECUELAS A LOS BUENOS POL\u00cdTICOS."},"content":{"rendered":"<p style=\"text-align: justify;\">\u00a0\u00a0\u00a0\u00a0\u00a0\u00a0\u00a0\u00a0 D\u00edas pasados falleci\u00f3 <strong>Alejandro Mu\u00f1oz-Alonso<\/strong>, un gran pol\u00edtico que bajo su profesi\u00f3n de docente y profesional\u00a0 del Derecho \u00a0\u00a0ha dejado \u00a0una estela de valores que dif\u00edcilmente se podr\u00e1n igualar por quienes viven hoy en el mundo de la pol\u00edtica. Alejandro ha sido Senador en la VII, VIII, IX y X Legislatura y con\u00a0 \u00e9l he coincidido\u00a0 en la VII, VIII\u00a0 y X, donde aprend\u00ed mucho de este veterano parlamentario que nos ha dejado a los 82 a\u00f1os y recuerdo cu\u00e1ntas conversaciones y charlas \u00a0hemos tenido en la C\u00e1mara Alta donde \u00e9l me hablaba\u00a0 de su experiencia como Catedr\u00e1tico de opini\u00f3n p\u00fablica en la Facultad de Ciencias de la Informaci\u00f3n y como Catedr\u00e1tico Em\u00e9rito en la Universidad San Pablo-CEU.<\/p>\n<p style=\"text-align: justify;\">\u00a0\u00a0\u00a0\u00a0\u00a0\u00a0\u00a0\u00a0 Recuerdo c\u00f3mo su oratoria llegaba a todos y recuerdo el d\u00eda que estando junto a m\u00ed le concedieron \u00a0la Medalla al M\u00e9rito Constitucional, m\u00e1s que merecida y que supo compartirla con sus buenos compa\u00f1eros. Tanto mi compa\u00f1ero Senador, Joaquin Ram\u00edrez como yo pasamos muchas horas hablando de temas pol\u00edticos y\u00a0 actuales con este salamantino que siempre hac\u00eda menci\u00f3n \u00a0a su Doctorado en Derecho y Ciencias Pol\u00edticas, es decir un gran hombre, un gran Catedr\u00e1tico y un gran Senador con el que tuve el honor de compartir muchas horas y leer decenas de art\u00edculos que escrib\u00eda en el Diario ABC y en la revista Cambio 16.<\/p>\n<p style=\"text-align: justify;\">\n<p style=\"text-align: justify;\">\u00a0\u00a0\u00a0\u00a0\u00a0\u00a0\u00a0\u00a0 Se nos fue un gran pol\u00edtico y un gran especialista en pol\u00edtica exterior y defensa, hombre amable y de gran agrado y formaci\u00f3n.\u00a0 Todav\u00eda parece que estoy hablando mi \u00faltima conversaci\u00f3n con \u00e9l cuando\u00a0 tras defender en la Tribuna de Oradores, como ponente,\u00a0 un proyecto de ley relacionado \u00a0con la Seguridad Social del Mar (R\u00e9gimen Especial del Mar) me dijo: \u201c<em>Jos\u00e9 Blas, \u00a0qu\u00e9 me gusta o\u00edrte hablar de esos temas tan dif\u00edciles de entender \u00a0para m\u00ed y de los que t\u00fa eres un maestro y\u00a0 m\u00e1s aun con tu acento andaluz que\u00a0 siempre que te oigo luego te recuerdo y s\u00e9 que has llegado a que te entiendan que es lo bonito de un pol\u00edtico\u201d. <\/em>\u00a0Gracias Alejandro, pues no me merec\u00eda tus palabras de elogio.\u00a0\u00a0 <\/p>\n<p style=\"text-align: justify;\">\u00a0\u00a0\u00a0\u00a0\u00a0\u00a0\u00a0\u00a0 Te has ido justo al terminar la X Legislatura y te qued\u00f3 una espina en tu coraz\u00f3n que fue no repetir en las listas para la XI Legislatura y lo peor de todo,\u00a0 que nunca nadie te dijo por qu\u00e9 no repet\u00edas; algo muy propio del Partido al que los dos pertenecemos, pero tu camino ha sido otro y has emprendido ese al que todos tenemos que llegar y que al menos te has ahorrado o\u00edr y ver lo que yo hoy veo y oigo.<\/p>\n<p>Descansa en Paz Alejandro y pedir\u00e9 por ti.<\/p>\n","protected":false},"excerpt":{"rendered":"<p>\u00a0\u00a0\u00a0\u00a0\u00a0\u00a0\u00a0\u00a0 D\u00edas pasados falleci\u00f3 Alejandro Mu\u00f1oz-Alonso, un gran pol\u00edtico que bajo su profesi\u00f3n de docente y profesional\u00a0 del Derecho \u00a0\u00a0ha dejado \u00a0una estela de valores que dif\u00edcilmente se podr\u00e1n igualar por quienes viven hoy en el mundo de la pol\u00edtica. Alejandro ha sido Senador en la VII, VIII, IX y X Legislatura y con\u00a0 \u00e9l [&hellip;]<\/p>\n","protected":false},"author":1,"featured_media":0,"comment_status":"open","ping_status":"open","sticky":false,"template":"","format":"standard","meta":{"footnotes":""},"categories":[12],"tags":[],"class_list":["post-2118","post","type-post","status-publish","format-standard","hentry","category-vida-privada"],"_links":{"self":[{"href":"https:\/\/elblogdejoseblasfernandez.com\/index.php?rest_route=\/wp\/v2\/posts\/2118","targetHints":{"allow":["GET"]}}],"collection":[{"href":"https:\/\/elblogdejoseblasfernandez.com\/index.php?rest_route=\/wp\/v2\/posts"}],"about":[{"href":"https:\/\/elblogdejoseblasfernandez.com\/index.php?rest_route=\/wp\/v2\/types\/post"}],"author":[{"embeddable":true,"href":"https:\/\/elblogdejoseblasfernandez.com\/index.php?rest_route=\/wp\/v2\/users\/1"}],"replies":[{"embeddable":true,"href":"https:\/\/elblogdejoseblasfernandez.com\/index.php?rest_route=%2Fwp%2Fv2%2Fcomments&post=2118"}],"version-history":[{"count":1,"href":"https:\/\/elblogdejoseblasfernandez.com\/index.php?rest_route=\/wp\/v2\/posts\/2118\/revisions"}],"predecessor-version":[{"id":2122,"href":"https:\/\/elblogdejoseblasfernandez.com\/index.php?rest_route=\/wp\/v2\/posts\/2118\/revisions\/2122"}],"wp:attachment":[{"href":"https:\/\/elblogdejoseblasfernandez.com\/index.php?rest_route=%2Fwp%2Fv2%2Fmedia&parent=2118"}],"wp:term":[{"taxonomy":"category","embeddable":true,"href":"https:\/\/elblogdejoseblasfernandez.com\/index.php?rest_route=%2Fwp%2Fv2%2Fcategories&post=2118"},{"taxonomy":"post_tag","embeddable":true,"href":"https:\/\/elblogdejoseblasfernandez.com\/index.php?rest_route=%2Fwp%2Fv2%2Ftags&post=2118"}],"curies":[{"name":"wp","href":"https:\/\/api.w.org\/{rel}","templated":true}]}}