{"id":2124,"date":"2016-02-19T18:20:12","date_gmt":"2016-02-19T17:20:12","guid":{"rendered":"http:\/\/elblogdejoseblasfernandez.com\/?p=2124"},"modified":"2016-02-19T18:20:12","modified_gmt":"2016-02-19T17:20:12","slug":"el-mercado-laboral-no-puede-esperar-con-miedo-al-nuevo-inquilino-de-la-moncloa","status":"publish","type":"post","link":"https:\/\/elblogdejoseblasfernandez.com\/?p=2124","title":{"rendered":"EL MERCADO LABORAL NO PUEDE ESPERAR, CON MIEDO, AL NUEVO INQUILINO DE LA MONCLOA"},"content":{"rendered":"<p style=\"text-align: justify;\">\u00a0\u00a0\u00a0\u00a0\u00a0\u00a0\u00a0\u00a0 Nuestro pa\u00eds ha mejorado notablemente la tasa de desempleo y lleva un camino ascendente que ha costado mucho con reformas\u00a0 y sacrificios de todos, \u00a0que ahora el futuro gobierno que salga del Congreso tiene o que seguir\u00a0 con las directrices marcadas o entrar en una nueva situaci\u00f3n\u00a0 para marcar nuevas l\u00edneas generales sobre el mercado laboral. Los cuatro\u00a0 partidos pol\u00edticos con opciones de participar en un nuevo gobierno\u00a0 tienen tambi\u00e9n distintas perspectivas\u00a0 para\u00a0 el compromiso con los desempleados.\u00a0\u00a0\u00a0\u00a0\u00a0 De hecho el PP se comprometi\u00f3 a crear 500 mil empleos anuales para que en el 2020 haya 20 millones de personas trabajando en Espa\u00f1a, uni\u00e9ndolo a la modernizaci\u00f3n del servicio de empleo\u00a0 con un tratamiento personalizado\u00a0 para cada desempleado, as\u00ed como\u00a0 un compromiso con el empleo p\u00fablico y desarrollaran de camino, el Estatuto B\u00e1sico del Empleado P\u00fablico, con evaluaciones en su desempe\u00f1o. Sin embargo el PSOE, derogar\u00e1 toda la reforma laboral\u00a0 que el PP aprob\u00f3 en 2012 y ha anunciado\u00a0 un nuevo Estatuto de los Trabajadores para potenciar la negociaci\u00f3n colectiva y\u00a0 ha prometido duplicar las inversiones en pol\u00edticas activas de empleo.\u00a0\u00a0\u00a0 PODEMOS, \u00a0dice que derogar\u00e1 \u00a0las reformas laborales del PSOE y del PP, es decir, las habidas\u00a0 en el 2010 y en el 2012 y llevar\u00e1 a cabo una reducci\u00f3n de la jornada laboral a 35 horas, as\u00ed como\u00a0 reforzar\u00e1 el papel de la negociaci\u00f3n colectiva e incluso calcula que su Plan de Transici\u00f3n Energ\u00e9tica (que incluye un\u00a0 programa masivo de remodelaci\u00f3n de edificios) va a permitir la creaci\u00f3n de 400 mil puestos de trabajo y creara unos Consejos de Vigilancia al estilo Alem\u00e1n para que los trabajadores participen en la gesti\u00f3n de las empresas de m\u00e1s de 100 miembros de la plantilla.\u00a0\u00a0 <\/p>\n<p style=\"text-align: justify;\">\u00a0CIUDADANOS va a crear una Agencia independiente de Pol\u00edticas de Empleo, para poder controlar\u00a0 en el mercado \u00a0la figura del contrato \u00fanico\u00a0 y eliminar\u00e1 los restantes con cheques de\u00a0 formaci\u00f3n para los parados de larga duraci\u00f3n \u00a0y la creaci\u00f3n de rentas de rehabilitaci\u00f3n\u00a0 para mayores de 45 a\u00f1os que quieran reciclarse para mantener su empleo, sin olvidar a los de Unidad Popular que\u00a0 derogara todas las reformas laborales, establecer\u00e1 jornadas de 35 horas, prohibir\u00e1 las Agencias de Colocaci\u00f3n privada con \u00e1nimo de lucro, \u00a0como las ETT\u2019s y recuperara la clausula de ultraactividad de los convenios colectivos prohibiendo los despidos colectivos\u00a0 en empresas con beneficios.<\/p>\n<p style=\"text-align: justify;\">\u00a0\u00a0\u00a0\u00a0\u00a0\u00a0\u00a0\u00a0\u00a0 Dicho as\u00ed, todos han propuesto\u00a0 alcanzar la luna con\u00a0 una serie de\u00a0 medidas basadas\u00a0 principalmente en hacer desaparecer\u00a0 la reforma laboral del Partido Popular y\u00a0 acudir a la feliz idea de hacernos creer que daban \u201cduros a pesetas\u201d, cuando\u00a0 en el mercado laboral y ante una crisis tan profunda, este pasa por llevar a cabo medidas contra la temporalidad, el paro juvenil\u00a0 y el desempleo de larga duraci\u00f3n con bonificaciones en las cotizaciones,\u00a0 programas\u00a0 para mayores de 55 a\u00f1os\u00a0 y\u00a0 hacer una reforma importante\u00a0 en los Convenios Colectivos, pues en muchos casos y muchos de ellos son discriminatorios, tanto por raz\u00f3n de los salarios, como por la ubicaci\u00f3n geogr\u00e1fica en que estos se encuentran.\u00a0<\/p>\n<p style=\"text-align: justify;\">\u00a0\u00a0\u00a0\u00a0\u00a0\u00a0\u00a0\u00a0\u00a0 Dicho esto y a grandes rasgos parece como si todos tuviesen la \u201cbarita m\u00e1gica\u201d para la creaci\u00f3n de empleo \u00a0y \u00a0echar la culpa\u00a0 a quien anteriormente ha gobernado, pero a ninguno se le ocurre\u00a0 publicitar\u00a0 que una reforma laboral\u00a0 no puede ser\u00a0 llevada a cabo sin el claro consentimiento de quien crea el empleo y en nuestro pa\u00eds, quien verdaderamente crea ese empleo es el empleador y como consecuencia de ello las pymes y micropymes, que son quienes mantienen plantillas con verdaderos sacrificios, \u00a0porque el trabajador es parte intregrante de la empresa,\u00a0\u00a0 no es un objeto, es ese factor humano que d\u00eda a d\u00eda\u00a0 tambi\u00e9n lleva luces y sombras del mercado en el que se encuentra y vive con el empleador\u00a0\u00a0 los momentos dif\u00edciles, f\u00e1ciles y sufre\u00a0 la batida de impuestos\u00a0 que a los dos\u00a0 les pide cada trimestre ese socio que se llama \u201cHacienda\u201d.<\/p>\n<p style=\"text-align: justify;\">\u00a0\u00a0\u00a0\u00a0\u00a0\u00a0\u00a0\u00a0\u00a0 Los partidos pol\u00edticos pueden prometer\u00a0 lo que les parezca ante unas elecciones, pero cuando se gobierna tienen que sentarse con quienes tienen las herramientas del mercado laboral que no son\u00a0 ni m\u00e1s ni menos que\u00a0 el empleador, el trabajador y los profesionales que a diario viven con angustia el asesoramiento y la conducci\u00f3n real\u00a0 de la contrataci\u00f3n, pues sin un buen profesional que asesore sobre esa materia y se sepa acoger\u00a0 a los mejores m\u00e9todos de contrataci\u00f3n, la empresa puede ser tambi\u00e9n un fracaso.\u00a0\u00a0\u00a0 Por ello, quien conoce el mercado laboral\u00a0 no son,\u00a0 precisamente los pol\u00edticos, son\u00a0 quienes llevan las pol\u00edticas de empleo, lo que siempre ha existido, pero no\u00a0 arrogarse conocimientos\u00a0 de materias de la que no tienen ni idea; eso s\u00ed, deben poner a disposici\u00f3n de \u00e9stos reservas econ\u00f3micas\u00a0 para potenciar el empleo y garantizar el desempleo, pero tambi\u00e9n deben esos pol\u00edticos abortar el fraude\u00a0 y no colaborar\u00a0 para que se abuse de ello, pues muchas de las medidas\u00a0 ya end\u00e9micas que tiene este pa\u00eds e impuestas por los pol\u00edticos \u00a0es c\u00f3mo tanto subsidio y tanta econom\u00eda sumergida est\u00e1n haciendo\u00a0 que junto a la longevidad\u00a0 las pensiones tengan \u00a0un final preocupante y ojo,\u00a0\u00a0 de los aut\u00f3nomos pocas reformas se atisban, cuando los aut\u00f3nomos son los que\u00a0 en un nuevo mercado de trabajo se llevan la palma del empleo, sin olvidar lo mal tratados que est\u00e1n\u00a0 y c\u00f3mo les pagan las administraciones\u00a0 como tales proveedores, pues la presi\u00f3n de una plantilla voluminosa no es lo mismo\u00a0 que un simple trabajador aut\u00f3nomo\u00a0 que para poder llevar a cabo su trabajo o profesi\u00f3n no tiene\u00a0 ni para llegar a final de mes. Por tanto,\u00a0 mientras que en las Cortes Generales se debaten los pactos y se debate qui\u00e9n se casa con qui\u00e9n,\u00a0 el mercado laboral est\u00e1 ralentizado, pues est\u00e1n aumentando los despidos y, por supuesto, la creaci\u00f3n de empleo no aumenta por esa inseguridad\u00a0 de que unos dan m\u00e1s y otros quitan, lo que conlleva una gran apat\u00eda y s\u00edndrome de espera para ver qu\u00e9 ocurre en este pa\u00eds, por lo que\u00a0 hay que concienciarse de que proyectos pol\u00edticos pueden existir muchos, tantos como la ideolog\u00eda de cada partido, pero el empleo juvenil, la creaci\u00f3n de empleo para la mujer, las pensiones y las prestaciones en general solo existen cuando hay\u00a0 fluidez y garant\u00eda en el mercado laboral. Lo que ocurre en estos momentos puede suponer un par\u00f3n que veremos a ver si a corto plazo el capital se ausenta, las inversiones desaparecen\u00a0 y el paro aumenta y entonces nos lamentaremos\u00a0 de a quienes les hemos dado nuestro voto para que, en definitiva, nos hagan estar peor de lo que est\u00e1bamos y entonces ya nada tendr\u00e1 arreglo.<\/p>\n","protected":false},"excerpt":{"rendered":"<p>\u00a0\u00a0\u00a0\u00a0\u00a0\u00a0\u00a0\u00a0 Nuestro pa\u00eds ha mejorado notablemente la tasa de desempleo y lleva un camino ascendente que ha costado mucho con reformas\u00a0 y sacrificios de todos, \u00a0que ahora el futuro gobierno que salga del Congreso tiene o que seguir\u00a0 con las directrices marcadas o entrar en una nueva situaci\u00f3n\u00a0 para marcar nuevas l\u00edneas generales sobre el [&hellip;]<\/p>\n","protected":false},"author":1,"featured_media":0,"comment_status":"open","ping_status":"open","sticky":false,"template":"","format":"standard","meta":{"footnotes":""},"categories":[3],"tags":[],"class_list":["post-2124","post","type-post","status-publish","format-standard","hentry","category-vida-profesional"],"_links":{"self":[{"href":"https:\/\/elblogdejoseblasfernandez.com\/index.php?rest_route=\/wp\/v2\/posts\/2124","targetHints":{"allow":["GET"]}}],"collection":[{"href":"https:\/\/elblogdejoseblasfernandez.com\/index.php?rest_route=\/wp\/v2\/posts"}],"about":[{"href":"https:\/\/elblogdejoseblasfernandez.com\/index.php?rest_route=\/wp\/v2\/types\/post"}],"author":[{"embeddable":true,"href":"https:\/\/elblogdejoseblasfernandez.com\/index.php?rest_route=\/wp\/v2\/users\/1"}],"replies":[{"embeddable":true,"href":"https:\/\/elblogdejoseblasfernandez.com\/index.php?rest_route=%2Fwp%2Fv2%2Fcomments&post=2124"}],"version-history":[{"count":1,"href":"https:\/\/elblogdejoseblasfernandez.com\/index.php?rest_route=\/wp\/v2\/posts\/2124\/revisions"}],"predecessor-version":[{"id":2132,"href":"https:\/\/elblogdejoseblasfernandez.com\/index.php?rest_route=\/wp\/v2\/posts\/2124\/revisions\/2132"}],"wp:attachment":[{"href":"https:\/\/elblogdejoseblasfernandez.com\/index.php?rest_route=%2Fwp%2Fv2%2Fmedia&parent=2124"}],"wp:term":[{"taxonomy":"category","embeddable":true,"href":"https:\/\/elblogdejoseblasfernandez.com\/index.php?rest_route=%2Fwp%2Fv2%2Fcategories&post=2124"},{"taxonomy":"post_tag","embeddable":true,"href":"https:\/\/elblogdejoseblasfernandez.com\/index.php?rest_route=%2Fwp%2Fv2%2Ftags&post=2124"}],"curies":[{"name":"wp","href":"https:\/\/api.w.org\/{rel}","templated":true}]}}