{"id":2134,"date":"2016-03-02T17:59:49","date_gmt":"2016-03-02T16:59:49","guid":{"rendered":"http:\/\/elblogdejoseblasfernandez.com\/?p=2134"},"modified":"2016-03-02T17:59:49","modified_gmt":"2016-03-02T16:59:49","slug":"novedades-juridico-laborales-febrero2016","status":"publish","type":"post","link":"https:\/\/elblogdejoseblasfernandez.com\/?p=2134","title":{"rendered":"NOVEDADES JURIDICO-LABORALES FEBRERO\/2016"},"content":{"rendered":"<p><strong><\/strong><\/p>\n<p style=\"text-align: justify;\">\n<p style=\"text-align: justify;\">\u00a0<\/p>\n<p style=\"text-align: justify;\">\u00a0<\/p>\n<p style=\"text-align: justify;\">Esta es la Circular que el pasado mes de Febrero edit\u00e9 en mi Despacho profesional:<\/p>\n<p style=\"text-align: justify;\"><strong>MODELO 145 DE COMUNICACI\u00d3N DE DATOS AL PAGADOR:<\/strong><\/p>\n<p style=\"text-align: justify;\"><strong>\u00a0\u00a0\u00a0\u00a0\u00a0\u00a0\u00a0\u00a0 <\/strong><em>Le\/s recordamos que a principios de a\u00f1o\u00a0 entro \u00a0en vigor el nuevo <span style=\"text-decoration: underline;\">modelo 145 de comunicaci\u00f3n de datos al pagador<\/span>, en el que se ha incluido un nuevo subapartado en el punto 1, por lo que a partir de esta fecha los trabajadores deber\u00e1n utilizar este nuevo impreso para comunicar cualquier variaci\u00f3n en su situaci\u00f3n familiar para la correcta aplicaci\u00f3n del IRPF en \u00a0sus n\u00f3minas. Dicho modelo est\u00e1 a\u00a0 disposici\u00f3n de esa empresa en este\u00a0 Despacho.<\/em><\/p>\n<p style=\"text-align: justify;\">\u00a0<\/p>\n<p style=\"text-align: justify;\"><strong>SEGURIDAD E HIGIENE EN EL TRABAJO Y VIGILANCIA DE LA SALUD:\u00a0\u00a0 <\/strong><\/p>\n<p style=\"text-align: justify;\"><strong>\u00a0<\/strong><strong>\u00a0\u00a0\u00a0\u00a0\u00a0\u00a0\u00a0\u00a0 <\/strong><em>Le\/s recordamos la obligaci\u00f3n de esa empresa\u00a0 de\u00a0 llevar a cabo la planificaci\u00f3n de la actividad preventiva en cada centro de trabajo con evaluaci\u00f3n de los riesgos laborales y la formaci\u00f3n en materia\u00a0 de seguridad e higiene de los trabajadores respecto de su puesto de trabajo, sin olvidar la obligaci\u00f3n, igualmente, de llevar a cabo los reconocimientos m\u00e9dicos peri\u00f3dicos a los mismos.\u00a0 \u00a0<\/em><\/p>\n<p style=\"text-align: justify;\"><em>\u00a0<\/em><em>\u00a0\u00a0\u00a0\u00a0\u00a0\u00a0\u00a0\u00a0 Todo ello, podr\u00e1 concertarse, si no lo tuvieran, con un servicio de prevenci\u00f3n ajeno con el que suscribir\u00e1n el correspondiente contrato. La Inspecci\u00f3n de Trabajo podr\u00e1 recabar la existencia de tal cumplimiento para lo que le\/s insto a que verifiquen si lo\u00a0 tienen\u00a0 o no\u00a0 implantado en la empresa, con el fin de evitar posibles sanciones en esta materia.<\/em><\/p>\n<p style=\"text-align: justify;\"><em>\u00a0<\/em><strong>REGISTRO DIARIO DE LA JORNADA DE TRABAJO:<\/strong><\/p>\n<p style=\"text-align: justify;\"><strong>\u00a0<\/strong><strong>\u00a0\u00a0\u00a0\u00a0\u00a0\u00a0\u00a0\u00a0\u00a0<\/strong><em>Volvemos a insistir nuevamente en <strong><span style=\"text-decoration: underline;\">la importancia que tiene\u00a0 el<\/span><\/strong> <strong>\u00a0\u00a0llevar a cabo <span style=\"text-decoration: underline;\">un registro diario de la jornada de trabajo<\/span><\/strong> <strong><span style=\"text-decoration: underline;\">\u00a0\u00a0de los trabajadores a tiempo parcial<\/span><\/strong>, <strong><span style=\"text-decoration: underline;\">el cual debe ser firmado por cada trabajado<\/span><\/strong>r <span style=\"text-decoration: underline;\">con indicaci\u00f3n de la\u00a0 hora de entrada y salida a su puesto de trabajo<\/span>, debiendo \u00e9stos firmar, igualmente,\u00a0 la <strong><span style=\"text-decoration: underline;\">hoja resumen de horas mensuales<\/span>\u00a0 que va unida a las n\u00f3minas<\/strong> y que desde este Despacho se le\/s env\u00eda \u00a0todos los meses. <\/em><\/p>\n<p style=\"text-align: justify;\"><em>\u00a0<\/em><em>\u00a0\u00a0\u00a0\u00a0\u00a0\u00a0\u00a0\u00a0 Igualmente, <strong><span style=\"text-decoration: underline;\">dicho registro<\/span> debe ampliarse a los <span style=\"text-decoration: underline;\">trabajadores\u00a0 con<\/span> <span style=\"text-decoration: underline;\">contrato de trabajo a jornada completa<\/span><\/strong> a los efectos de controlar los posibles excesos de jornada\u00a0 laboral (horas extraordinarias).<\/em><\/p>\n<p style=\"text-align: justify;\"><em>\u00a0<\/em><em>\u00a0\u00a0\u00a0\u00a0\u00a0\u00a0\u00a0\u00a0 <strong>Ambos registros deben estar a disposici\u00f3n de la Inspecci\u00f3n de Trabajo si los solicitara<\/strong>, teniendo en cuenta que <strong><span style=\"text-decoration: underline;\">la ausencia del registro diario para los trabajadores a tiempo parcial supondr\u00eda la consideraci\u00f3n de la \u00a0jornada laboral a tiempo completo<\/span>,<\/strong> adem\u00e1s de\u00a0 que pueda considerarse, porque as\u00ed viene tipificado<strong>,\u00a0 infracci\u00f3n\u00a0 grave<\/strong>\u00a0 en la Ley de Infracciones y Sanciones del Orden Social. Es m\u00e1s, se est\u00e1 llevando a cabo una <strong>campa\u00f1a\u00a0 de vigilancia de esta obligaci\u00f3n <\/strong>y\u00a0 la Inspecci\u00f3n de Trabajo\u00a0 <strong>est\u00e1 sancionando por el mero hecho de no estar firmado por el trabajador\u00a0 dicho registro\u00a0 diario de la jornada. Es decir el mismo debe ser firmado diariamente con indicaci\u00f3n de la jornada\u00a0 realizada por \u00e9ste. <\/strong><\/em><\/p>\n<p style=\"text-align: justify;\"><strong><em>\u00a0<\/em><\/strong><\/p>\n<p style=\"text-align: justify;\"><strong>\u00a0<\/strong><\/p>\n<p style=\"text-align: justify;\"><strong>FUMAR EN EL CENTRO DE TRABAJO: DESPIDO PROCEDENTE.<\/strong><\/p>\n<p style=\"text-align: justify;\"><em>\u00a0<\/em><em>\u00a0\u00a0\u00a0\u00a0\u00a0\u00a0\u00a0\u00a0 Ya existen varios pronunciamientos de los Tribunales en\u00a0 el sentido de que el despido resulta procedente en los supuestos de\u00a0 trabajadores que fumen en zonas prohibidas\u00a0 de la empresa para tal fin. La \u00faltima Sentencia que declara la procedencia de un despido por este motivo es de la Sala de lo Social del Tribunal Superior de Justicia, con sede en Sevilla, de fecha 03-11-2015.<\/em><\/p>\n<p style=\"text-align: justify;\"><strong>\u00a0<\/strong><\/p>\n<p style=\"text-align: justify;\"><strong>\u00a0<\/strong><strong>PENSI\u00d3N DE VIUDEDAD Y PAREJAS DE HECHO.<\/strong><\/p>\n<p style=\"text-align: justify;\"><strong>\u00a0\u00a0\u00a0\u00a0\u00a0\u00a0\u00a0\u00a0 <\/strong><em>El Tribunal Supremo, en Sentencia de fecha 16-12-2015, se ha pronunciado en el sentido de se\u00f1alar que la pensi\u00f3n de viudedad tan s\u00f3lo se reconocer\u00e1s a las parejas\u00a0 de hecho que est\u00e9n v\u00e1lidamente registradas como tales en los registros habilitados para ello o hayan formalizado su relaci\u00f3n ante Notario, todo ello con una antelaci\u00f3n a la fecha del fallecimiento de dos a\u00f1os y con convivencia.<\/em><\/p>\n<p style=\"text-align: justify;\"><em><\/em>\u00a0<\/p>\n<p style=\"text-align: justify;\"><strong>RENOVACION DE CERTIFICADOS FNMT-RCM DE PERSONA JUR\u00cdDICA Y ENTIDADES\u00a0 SIN PERSONALIDAD JUR\u00cdDICA.<\/strong><\/p>\n<p style=\"text-align: justify;\"><strong>\u00a0<\/strong><em>\u00a0\u00a0\u00a0\u00a0\u00a0\u00a0\u00a0\u00a0 El 1 de julio de 2016 ser\u00e1 aplicable en su pr\u00e1ctica totalidad el Reglamento (UE) 910\/2014 del Parlamento Europeo y del Consejo de 23 de julo de 2014, relativo a la identificaci\u00f3n electr\u00f3nica y los servicios de confianza en las transacciones electr\u00f3nicas en el mercado interior y por el que se deroga la Directiva 1999\/93\/CE.<\/em><\/p>\n<p style=\"text-align: justify;\"><em>\u00a0<\/em><em>\u00a0\u00a0\u00a0\u00a0\u00a0\u00a0\u00a0\u00a0 Con el objetivo de adaptarse a estos cambios t\u00e9cnicos, <strong>a partir del pr\u00f3ximo mes de marzo<\/strong> la F\u00e1brica Nacional de Moneda y Timbre\u2013Real Casa de la Moneda (FNMT\u2013RCM) comenzar\u00e1 a expedir los <strong>nuevos certificados de representante de persona jur\u00eddica, de representante de entidad sin personalidad jur\u00eddica y de representante para administradores \u00fanicos y solidarios<\/strong>. A partir de esa fecha, dejar\u00e1n de emitirse los actuales certificados de persona jur\u00eddica y de entidad sin personalidad jur\u00eddica, y <strong>la renovaci\u00f3n de los mismos no podr\u00e1 realizarse a trav\u00e9s de la p\u00e1gina web.<\/strong> No obstante, podr\u00e1n seguir utiliz\u00e1ndose hasta su caducidad o revocaci\u00f3n.<\/em><\/p>\n<p style=\"text-align: justify;\">\n<p style=\"text-align: justify;\"><em>\u00a0\u00a0\u00a0\u00a0\u00a0\u00a0\u00a0\u00a0 Por tanto, <span style=\"text-decoration: underline;\">a partir del mes de marzo de <\/span><\/em><em><span style=\"text-decoration: underline;\">2016 podr\u00e1n obtenerse los nuevos certificados de representante, actuando de la siguiente forma:<\/span><\/em><\/p>\n<p style=\"text-align: justify;\">\u00a0<\/p>\n<ul style=\"text-align: justify;\">\n<li><em>Si se trata de un administrador \u00fanico o solidario, podr\u00e1 obtener su certificado de representante sin necesidad de personarse en las oficinas de registro ni aportar documentaci\u00f3n alguna, siempre que se identifique en la p\u00e1gina Web CERES, cuyo enlace encontrar\u00e1 m\u00e1s abajo, con un certificado electr\u00f3nico de persona f\u00edsica expedido por la FNMT\u2013RCM \u00a0o de los incluidos en el DNI electr\u00f3nico (la expedici\u00f3n del certificado queda sometido a la vigencia de las facultades de representaci\u00f3n que consten en el Registro Mercantil a favor del interesado).<\/em><\/li>\n<li><em>Si no es administrador \u00fanico o solidario, o si no puede identificarse en la p\u00e1gina web como se ha descrito en el p\u00e1rrafo anterior, es preciso personarse en una oficina de registro para obtener un certificado de representante, con la documentaci\u00f3n exigible en cada caso.<\/em><\/li>\n<\/ul>\n<p style=\"text-align: justify;\"><strong>\u00a0<\/strong><strong>\u00a0<\/strong><strong>MODIFICACI\u00d3N DE LA BASE DE COTIZACI\u00d3N DE LOS TRABAJADORES AUT\u00d3NOMOS:<\/strong><\/p>\n<p style=\"text-align: justify;\"><strong>\u00a0<\/strong><strong>\u00a0\u00a0\u00a0\u00a0\u00a0\u00a0\u00a0\u00a0 <\/strong><em>Le\/s recordamos que si desea\/n modificar su base de cotizaci\u00f3n al RETA, bien\u00a0 para incrementarla o bien para reducirla a la base m\u00ednima de cotizaci\u00f3n, <span style=\"text-decoration: underline;\">el plazo para ello finaliza el pr\u00f3ximo d\u00eda 30 de Abril<\/span> para que tenga efectos el d\u00eda 1 de Julio del cte. a\u00f1o.<\/em><\/p>\n<p style=\"text-align: justify;\"><strong>\u00a0<\/strong><strong>\u00a0<\/strong><strong>SOLICITUD DE APLAZAMIENTO DEL PAGO DE SEGUROS SOCIALES.\u00a0\u00a0 <\/strong><\/p>\n<p style=\"text-align: justify;\"><strong>\u00a0<\/strong><strong>\u00a0\u00a0\u00a0\u00a0\u00a0\u00a0\u00a0\u00a0 <\/strong><em>La solicitud de aplazamiento para el pago de los Seguros Sociales se debe solicitar a la TGSS <span style=\"text-decoration: underline;\">antes del d\u00eda 15 del mes correspondiente a su pago, ya que de lo contrario\u00a0\u00a0 la misma ser\u00e1 desestimada<\/span>, por lo que deber\u00e1 ponerse en contacto con este despacho antes de ese d\u00eda para poder solicitar el aplazamiento\/fraccionamiento del pago de los Seguros Sociales.<\/em><\/p>\n<p style=\"text-align: justify;\"><em>\u00a0<\/em><strong>TRIBUNAL SUPREMO:<\/strong><\/p>\n<p style=\"text-align: justify;\"><strong>\u00a0<\/strong><strong>\u00a0\u00a0\u00a0\u00a0\u00a0\u00a0\u00a0\u00a0\u00a0<\/strong><em><span style=\"text-decoration: underline;\">El Tribunal Supremo<\/span><\/em><em>, en una Sentencia dictada\u00a0 por la Sala de lo Penal, el pasado 10 de Diciembre de 2015, <span style=\"text-decoration: underline;\">avala\u00a0 el acceso de los padres a la cuenta de facebook de sus hijos menores para evitar el ciberacoso,<\/span> todo ello, confirmando la validez como\u00a0 prueba de un delito de abuso sexual los datos obtenidos \u00a0por una madre de la cuenta abierta por su hija menor \u00a0de edad en la citada red social, a la que accedi\u00f3 sin que conste\u00a0 su permiso y \u00a0ante la sospecha de que la ni\u00f1a pudiera estar siendo v\u00edctima de ciberacoso.<\/em><\/p>\n<p style=\"text-align: justify;\"><em>\u00a0<\/em><strong>DIAS FESTIVOS:\u00a0\u00a0 <\/strong><\/p>\n<p style=\"text-align: justify;\"><strong>\u00a0<\/strong><em>\u00a0\u00a0\u00a0\u00a0\u00a0\u00a0\u00a0\u00a0\u00a0Los \u00a0pr\u00f3ximos <strong>\u00a0d\u00edas 24 y 25 de Marzo <\/strong>\u00a0ser\u00e1n\u00a0 considerados d\u00edas festivos, por ser Jueves y Viernes Santo, \u00a0respectivamente, seg\u00fan\u00a0 Decreto 114\/2015, de 24 de marzo, por el que se determina el calendario de fiestas laborales de la Comunidad Aut\u00f3noma de Andalucia para el 2016.<\/em><\/p>\n<p style=\"text-align: justify;\"><strong>\u00a0<\/strong><\/p>\n<p style=\"text-align: center;\"><strong>\u00a0************************<\/strong><\/p>\n<p style=\"text-align: justify;\"><strong>\u00a0<\/strong><\/p>\n","protected":false},"excerpt":{"rendered":"<p>\u00a0 \u00a0 Esta es la Circular que el pasado mes de Febrero edit\u00e9 en mi Despacho profesional: MODELO 145 DE COMUNICACI\u00d3N DE DATOS AL PAGADOR: \u00a0\u00a0\u00a0\u00a0\u00a0\u00a0\u00a0\u00a0 Le\/s recordamos que a principios de a\u00f1o\u00a0 entro \u00a0en vigor el nuevo modelo 145 de comunicaci\u00f3n de datos al pagador, en el que se ha incluido un nuevo subapartado [&hellip;]<\/p>\n","protected":false},"author":1,"featured_media":0,"comment_status":"open","ping_status":"open","sticky":false,"template":"","format":"standard","meta":{"footnotes":""},"categories":[3],"tags":[],"class_list":["post-2134","post","type-post","status-publish","format-standard","hentry","category-vida-profesional"],"_links":{"self":[{"href":"https:\/\/elblogdejoseblasfernandez.com\/index.php?rest_route=\/wp\/v2\/posts\/2134","targetHints":{"allow":["GET"]}}],"collection":[{"href":"https:\/\/elblogdejoseblasfernandez.com\/index.php?rest_route=\/wp\/v2\/posts"}],"about":[{"href":"https:\/\/elblogdejoseblasfernandez.com\/index.php?rest_route=\/wp\/v2\/types\/post"}],"author":[{"embeddable":true,"href":"https:\/\/elblogdejoseblasfernandez.com\/index.php?rest_route=\/wp\/v2\/users\/1"}],"replies":[{"embeddable":true,"href":"https:\/\/elblogdejoseblasfernandez.com\/index.php?rest_route=%2Fwp%2Fv2%2Fcomments&post=2134"}],"version-history":[{"count":1,"href":"https:\/\/elblogdejoseblasfernandez.com\/index.php?rest_route=\/wp\/v2\/posts\/2134\/revisions"}],"predecessor-version":[{"id":2145,"href":"https:\/\/elblogdejoseblasfernandez.com\/index.php?rest_route=\/wp\/v2\/posts\/2134\/revisions\/2145"}],"wp:attachment":[{"href":"https:\/\/elblogdejoseblasfernandez.com\/index.php?rest_route=%2Fwp%2Fv2%2Fmedia&parent=2134"}],"wp:term":[{"taxonomy":"category","embeddable":true,"href":"https:\/\/elblogdejoseblasfernandez.com\/index.php?rest_route=%2Fwp%2Fv2%2Fcategories&post=2134"},{"taxonomy":"post_tag","embeddable":true,"href":"https:\/\/elblogdejoseblasfernandez.com\/index.php?rest_route=%2Fwp%2Fv2%2Ftags&post=2134"}],"curies":[{"name":"wp","href":"https:\/\/api.w.org\/{rel}","templated":true}]}}