{"id":2147,"date":"2016-03-14T20:37:54","date_gmt":"2016-03-14T19:37:54","guid":{"rendered":"http:\/\/elblogdejoseblasfernandez.com\/?p=2147"},"modified":"2016-03-18T19:55:14","modified_gmt":"2016-03-18T18:55:14","slug":"el-sindicato-vertical-y-los-derechos-humanos-en-cadiz","status":"publish","type":"post","link":"https:\/\/elblogdejoseblasfernandez.com\/?p=2147","title":{"rendered":"EL SINDICATO VERTICAL Y LOS DERECHOS HUMANOS EN C\u00c1DIZ."},"content":{"rendered":"<p style=\"text-align: justify;\"><span style=\"font-size: medium;\">\u00a0\u00a0\u00a0\u00a0\u00a0\u00a0\u00a0\u00a0 <\/span><span style=\"font-size: medium;\">Todo r\u00e9gimen tiene su sindicato y el de Podemos en C\u00e1diz cuenta con el suyo: Autonom\u00eda Obrera, que no solo est\u00e1<\/span><span style=\"font-size: medium;\">\u00a0 <\/span><span style=\"font-size: medium;\">observando con simpat\u00eda<\/span><span style=\"font-size: medium;\">\u00a0 <\/span><span style=\"font-size: medium;\">la \u201cdepuraci\u00f3n<\/span><span style=\"font-size: medium;\">\u00a0 <\/span><span style=\"font-size: medium;\">podemita\u201d entre los funcionarios municipales del Ayuntamiento de C\u00e1diz, tal y como aparec\u00eda en La Voz d\u00edas atr\u00e1s, sino que sale a la tribuna p\u00fablica cuando el l\u00edder es atacado. De esta manera se ha podido comprobar c\u00f3mo entre las 26 organizaciones que se han mostrado a favor de revocar el Premio Libertad Cortes de C\u00e1diz 2015 a los opositores venezolanos por<\/span><span style=\"font-size: medium;\">\u00a0 <\/span><span style=\"font-size: medium;\">un jurado independiente y democr\u00e1tico,<\/span><span style=\"font-size: medium;\">\u00a0 <\/span><span style=\"font-size: medium;\">se encuentra Autonom\u00eda Obrera y, atenci\u00f3n, la secci\u00f3n sindical de Autonom\u00eda Obrera en Navantia.\u00a0<\/span><\/p>\n<p style=\"text-align: justify;\"><span style=\"font-size: medium;\">\u00a0\u00a0\u00a0\u00a0\u00a0\u00a0\u00a0\u00a0 <\/span><span style=\"font-size: medium;\">Es vergonzoso comprobar c\u00f3mo en un Ayuntamiento democr\u00e1tico como el de C\u00e1diz, donde siempre rein\u00f3 el entendimiento entre sindicatos y gobierno local,<\/span><span style=\"font-size: medium;\">\u00a0 <\/span><span style=\"font-size: medium;\">tanto en tiempos del PSOE como del PP, con todas las diferencias normales y leg\u00edtimas de ambas partes y<\/span><span style=\"font-size: medium;\">\u00a0 <\/span><span style=\"font-size: medium;\">con todos los tiras y aflojas inherentes a la labor de sindicatos y administraci\u00f3n local, se est\u00e1 produciendo una purga de funcionarios por parte de Podemos ante el silencio de este sindicato. La \u00fanica explicaci\u00f3n es que es precisamente este sindicato, tan reivindicativo en otras \u00e9pocas, el encargado de mirar para otro sitio<\/span><span style=\"font-size: medium;\">\u00a0 <\/span><span style=\"font-size: medium;\">y ver y permitir<\/span><span style=\"font-size: medium;\">\u00a0 <\/span><span style=\"font-size: medium;\">esta pol\u00edtica de acoso y derribo a los funcionarios municipales, pues desde que el PP dej\u00f3 el gobierno municipal, la revancha estaba anunciada. Es m\u00e1s, en algunas empresas p\u00fablicas municipales prometieron,<\/span><span style=\"font-size: medium;\">\u00a0\u00a0 <\/span><span style=\"font-size: medium;\">en su<\/span><span style=\"font-size: medium;\">\u00a0 <\/span><span style=\"font-size: medium;\">campa\u00f1a para la elecci\u00f3n de delegados de personal,<\/span><span style=\"font-size: medium;\">\u00a0 <\/span><span style=\"font-size: medium;\">que municipalizar\u00edan<\/span><span style=\"font-size: medium;\">\u00a0 <\/span><span style=\"font-size: medium;\">a las plantillas<\/span><span style=\"font-size: medium;\">\u00a0 <\/span><span style=\"font-size: medium;\">para recibir adhesiones, hoy totalmente fracasadas por su invialibilidad y no digamos<\/span><span style=\"font-size: medium;\">\u00a0 <\/span><span style=\"font-size: medium;\">de lo que est\u00e1 ocurriendo entre la plantilla del Gran Teatro Falla, a lo cual<\/span><span style=\"font-size: medium;\">\u00a0 <\/span><span style=\"font-size: medium;\">se dedicaran<\/span><span style=\"font-size: medium;\">\u00a0 <\/span><span style=\"font-size: medium;\">otras tribunas como esta.\u00a0\u00a0\u00a0 <\/span><\/p>\n<p style=\"text-align: justify;\">\u00a0 \u00a0 \u00a0 <span style=\"font-size: medium;\">\u00a0\u00a0\u00a0\u00a0\u00a0\u00a0\u00a0\u00a0 <\/span><span style=\"font-size: medium;\">El aspecto m\u00e1s curioso de todo esto es que ninguno de esos funcionarios<\/span><span style=\"font-size: medium;\">\u00a0 <\/span><span style=\"font-size: medium;\">hoy \u201cdepurados\u201d entr\u00f3 en el ayuntamiento durante el gobierno del Partido Popular. Todos ellos estaban ya cuando el PP lleg\u00f3<\/span><span style=\"font-size: medium;\">\u00a0 <\/span><span style=\"font-size: medium;\">a la Alcald\u00eda en 1995. Algunos de ellos ya como jefes de \u00e1reas,<\/span><span style=\"font-size: medium;\">\u00a0 <\/span><span style=\"font-size: medium;\">otros llegaron a esos puestos por jubilaci\u00f3n o \u2013en los casos m\u00e1s desgraciados- por defunci\u00f3n de los titulares de esas plazas. A ninguno de ellos se les pregunt\u00f3 su filiaci\u00f3n pol\u00edtica. Todos cumplieron de manera leal y profesional con la ciudad de C\u00e1diz, que es la que pagaba y paga sus retribuciones, pero nada de esto ha valido para que Podemos, ese partido que clama en las plazas por la justicia social y la defensa de los trabajadores con meg\u00e1fonos incluidos<\/span><span style=\"font-size: medium;\">\u00a0 <\/span><span style=\"font-size: medium;\">y acusando vilmente a pol\u00edticos del PP si ning\u00fan tipo de fundamentos y hoy sentados en los esca\u00f1os del municipio,<\/span><span style=\"font-size: medium;\">\u00a0\u00a0\u00a0 <\/span><span style=\"font-size: medium;\">los hayan menospreciado y atacado con el silencio<\/span><span style=\"font-size: medium;\">\u00a0 <\/span><span style=\"font-size: medium;\">y complicidad de dicho sindicato.<\/span> \u00a0 <span style=\"font-size: medium;\">\u00a0<\/span> <span style=\"font-size: medium;\">\u00a0\u00a0\u00a0\u00a0\u00a0\u00a0\u00a0\u00a0 <\/span><span style=\"font-size: medium;\">Y<\/span><span style=\"font-size: medium;\">\u00a0 <\/span><span style=\"font-size: medium;\">lo que faltaba por ver en esta ciudad es c\u00f3mo ese sindicato complaciente con el poder (el poder ahora en C\u00e1diz lo ejerce Podemos) sale en defensa de su jefe supremo aunque para ello pisoteen un derecho universal como es la Libertad.<\/span><span style=\"font-size: medium;\">\u00a0 <\/span><span style=\"font-size: medium;\">Por otra parte, que una asociaci\u00f3n que dice estar a favor de los Derechos Humanos como la APDHA (Asociaci\u00f3n pro Derechos Humanos de Andaluc\u00eda) se posicione a favor de la privaci\u00f3n de libertad para tres personas que disienten del gobierno de Venezuela, tambi\u00e9n calibra muy bien qu\u00e9 sentido de la libertad maneja la APDHA de C\u00e1diz. <\/span> \u00a0 <span style=\"font-size: medium;\">\u00a0<\/span><\/p>\n<p style=\"text-align: justify;\">\u00a0 <span style=\"color: #000000; font-size: medium;\">\u00a0\u00a0\u00a0\u00a0 <\/span><span style=\"color: #000000; font-size: medium;\">\u00a0\u00a0\u00a0\u00a0<\/span><span style=\"color: #000000; font-size: medium;\">Se pudo comprobar, como suele pasarle a este tipo de organizaciones que disfrazan sus objetivos pol\u00edticos bajo el paraguas de grandes causas humanitarias, el vergonzoso silencio de algunas cuentas de redes sociales de sus miembros en el caso de la concejal de Podemos encausada por un presunto delito de estafa a inmigrantes, <\/span><span style=\"color: #000000; font-size: medium;\">. Ni una sola menci\u00f3n de la APDHA ni de sus dirigentes mereci\u00f3 un delito que consist\u00eda presuntamente en quedarse con el dinero de los inmigrantes sudamericanos a cambio de promesas falsas de contratos y trabajos; cuentas todas ellas hiperactivas cuando de lo que<\/span><span style=\"color: #000000; font-size: medium;\">\u00a0 <\/span><span style=\"color: #000000; font-size: medium;\">se trata es de poner en duda la actuaci\u00f3n de la Guardia Civil o de<\/span><span style=\"color: #000000; font-size: medium;\">\u00a0 <\/span><span style=\"color: #000000; font-size: medium;\">la Polic\u00eda Nacional respecto a la inmigraci\u00f3n. Ese es el nivel de quienes dicen defender los Derechos Humanos en C\u00e1diz.<\/span><span style=\"color: #000000; font-size: medium;\">\u00a0 <\/span><span style=\"color: #000000; font-size: medium;\">Y luego, los vemos<\/span><span style=\"color: #000000; font-size: medium;\">\u00a0 <\/span><span style=\"color: #000000; font-size: medium;\">con manifestaciones rid\u00edculas y tendenciosas defendiendo la libertad de otros.<\/span> \u00a0 <span style=\"color: #000000; font-family: Times New Roman; font-size: medium;\">\u00a0<\/span><\/p>\n","protected":false},"excerpt":{"rendered":"<p>\u00a0\u00a0\u00a0\u00a0\u00a0\u00a0\u00a0\u00a0 Todo r\u00e9gimen tiene su sindicato y el de Podemos en C\u00e1diz cuenta con el suyo: Autonom\u00eda Obrera, que no solo est\u00e1\u00a0 observando con simpat\u00eda\u00a0 la \u201cdepuraci\u00f3n\u00a0 podemita\u201d entre los funcionarios municipales del Ayuntamiento de C\u00e1diz, tal y como aparec\u00eda en La Voz d\u00edas atr\u00e1s, sino que sale a la tribuna p\u00fablica cuando el l\u00edder [&hellip;]<\/p>\n","protected":false},"author":1,"featured_media":0,"comment_status":"open","ping_status":"open","sticky":false,"template":"","format":"standard","meta":{"footnotes":""},"categories":[4],"tags":[],"class_list":["post-2147","post","type-post","status-publish","format-standard","hentry","category-vida-publica"],"_links":{"self":[{"href":"https:\/\/elblogdejoseblasfernandez.com\/index.php?rest_route=\/wp\/v2\/posts\/2147","targetHints":{"allow":["GET"]}}],"collection":[{"href":"https:\/\/elblogdejoseblasfernandez.com\/index.php?rest_route=\/wp\/v2\/posts"}],"about":[{"href":"https:\/\/elblogdejoseblasfernandez.com\/index.php?rest_route=\/wp\/v2\/types\/post"}],"author":[{"embeddable":true,"href":"https:\/\/elblogdejoseblasfernandez.com\/index.php?rest_route=\/wp\/v2\/users\/1"}],"replies":[{"embeddable":true,"href":"https:\/\/elblogdejoseblasfernandez.com\/index.php?rest_route=%2Fwp%2Fv2%2Fcomments&post=2147"}],"version-history":[{"count":3,"href":"https:\/\/elblogdejoseblasfernandez.com\/index.php?rest_route=\/wp\/v2\/posts\/2147\/revisions"}],"predecessor-version":[{"id":2154,"href":"https:\/\/elblogdejoseblasfernandez.com\/index.php?rest_route=\/wp\/v2\/posts\/2147\/revisions\/2154"}],"wp:attachment":[{"href":"https:\/\/elblogdejoseblasfernandez.com\/index.php?rest_route=%2Fwp%2Fv2%2Fmedia&parent=2147"}],"wp:term":[{"taxonomy":"category","embeddable":true,"href":"https:\/\/elblogdejoseblasfernandez.com\/index.php?rest_route=%2Fwp%2Fv2%2Fcategories&post=2147"},{"taxonomy":"post_tag","embeddable":true,"href":"https:\/\/elblogdejoseblasfernandez.com\/index.php?rest_route=%2Fwp%2Fv2%2Ftags&post=2147"}],"curies":[{"name":"wp","href":"https:\/\/api.w.org\/{rel}","templated":true}]}}