{"id":2165,"date":"2016-03-18T19:52:30","date_gmt":"2016-03-18T18:52:30","guid":{"rendered":"http:\/\/elblogdejoseblasfernandez.com\/?p=2165"},"modified":"2016-03-18T19:52:30","modified_gmt":"2016-03-18T18:52:30","slug":"el-mercado-laboral-no-puede-entrar-en-involucion","status":"publish","type":"post","link":"https:\/\/elblogdejoseblasfernandez.com\/?p=2165","title":{"rendered":"EL MERCADO LABORAL NO PUEDE ENTRAR EN INVOLUCI\u00d3N"},"content":{"rendered":"<p style=\"text-align: justify;\"><span style=\"color: #000000;\">\u00a0\u00a0\u00a0\u00a0\u00a0\u00a0\u00a0\u00a0 Nuestro mercado de trabajo se encuentra en estos momentos en una situaci\u00f3n de expectativa, \u00a0\u00a0donde quienes\u00a0 hemos vivido\u00a0 el aumento continuado del paro y el desconcierto\u00a0 permanente del cierre de miles de empresas, \u00a0ha creado\u00a0 en nuestra sociedad civil\u00a0 una preocupaci\u00f3n da\u00f1ina que en los \u00faltimos a\u00f1os ha sido casi imposible retomar el pulso\u00a0 a tantas y tantas empresas y empleadores que por d\u00eda contemplaban \u00a0el \u201csuicidio\u201d de sus patronales o el cierre de tantas l\u00edneas de trabajo\u00a0 que nos pon\u00edan a la cabeza de Europa en la tasa de ese desempleo tan feroz.<\/span><\/p>\n<p style=\"text-align: justify;\"><span style=\"color: #000000;\">\u00a0\u00a0\u00a0\u00a0\u00a0\u00a0\u00a0\u00a0 La reforma\u00a0 laboral ha sido discutida y utilizada permanentemente\u00a0 como un \u00e9xito para muchos y un fracaso\u00a0 para otros, pues\u00a0 nuestro pa\u00eds que en\u00a0 la legislatura del Gobierno de Zapatero cay\u00f3 al abismo por falta de empleo, nadie podr\u00e1 discutir que en estos \u00faltimos a\u00f1os ha ido superando\u00a0 esa enfermedad del paro y sin llegar a lo que todos deseamos,\u00a0 ha podido ir dejando en la cuneta \u00a0ese maleficio que ten\u00eda \u00a0y que a\u00fan poseemos,\u00a0 pues nuestro\u00a0 mercado laboral sigue enfermo en esta materia y carente de un pleno empleo. <\/span><\/p>\n<p style=\"text-align: justify;\"><span style=\"color: #000000;\">\u00a0\u00a0\u00a0\u00a0\u00a0\u00a0\u00a0\u00a0 Con estos antecedentes hoy estamos en un inmovilismo pol\u00edtico, pues un Gobierno en funciones y unas elecciones fallidas\u00a0 no hacen precisamente posible que la credibilidad\u00a0 en el empleo\u00a0 y de quienes lo crean\u00a0 se atisbe \u00a0una carrera veloz para acabar con esta lacra social. Algunos\u00a0 partidos pol\u00edticos vienen prometiendo y asegurando que\u00a0 derogar\u00e1n,\u00a0 si alcanzan el poder, la reforma laboral\u00a0 hoy en vigor y, es\u00a0 m\u00e1s, posiblemente, tambi\u00e9n la del 2010, realizada por el entonces Gobierno socialista,\u00a0 por lo que\u00a0 ya existen voces de algunos de los miembros del Consejo Empresarial de la Competitividad, \u00a0\u00a0que est\u00e1 formado \u00a0por el poderoso grupo\u00a0 de 15 de las grandes empresas espa\u00f1olas,\u00a0 que esto es inquietante, pues\u00a0 si no se deja marcar y trabajar en lo realizado\u00a0 en esta reforma existe una clara amenaza de potenciar\u00a0 una involuci\u00f3n laboral, pues\u00a0 el c\u00edrculo de empresarios, la CEOE, profesionales del Derecho Laboral, Juristas, Economistas y conocedores del mundo jur\u00eddico-laboral tambi\u00e9n sienten esta preocupaci\u00f3n, pues si\u00a0 un Gobierno d\u00e9bil \u00a0es incapaz de continuar\u00a0 las reformas emprendidas y, es m\u00e1s, se prev\u00e9 un considerable retroceso de lo realizado, alimentando temores de los emprendedores, como \u00a0ya se ha hecho en la \u00faltima campa\u00f1a electoral que\u00a0 solo \u00a0ha tra\u00eddo m\u00e1s que disgustos, cosa que ya se \u00a0nota en \u00a0los inversores \u00a0que est\u00e1n, con habilidad,\u00a0 llevando a cabo una retirada de sus efectivos ante el temor de una negociaci\u00f3n o reforma del Estatuto de los Trabajadores a la baja, pues\u00a0 hasta el propio Pedro S\u00e1nchez se ha comprometido a no rebajar el coste de los despidos, pero la incertidumbre del empleador y del desanimo de la sociedad \u00a0est\u00e1n \u00a0llevando a cabo una permanente divisi\u00f3n del mercado de trabajo en Espa\u00f1a. Estamos viendo c\u00f3mo entre el 90% y el 92% de los contratos \u00a0de trabajo que se realizan son precarios, \u00a0frente\u00a0 a los indefinidos que est\u00e1n en una horquilla de entre el 8% y el 10%, recordando que el a\u00f1o pasado las empresas hicieron 18,5 millones de contratos de los que\u00a0 17 millones fueron temporales e indefinidos los 1,5 millones restantes.\u00a0 <\/span><\/p>\n<p style=\"text-align: justify;\"><span style=\"color: #000000;\">\u00a0<\/span><span style=\"color: #000000;\">\u00a0\u00a0\u00a0\u00a0\u00a0\u00a0\u00a0\u00a0 Entiendo que la meta\u00a0 de nuestro pa\u00eds es la creaci\u00f3n de empleo y no a cualquier precio, pero si se sigue la l\u00ednea ascendente que hoy estamos teniendo,\u00a0\u00a0podemos\u00a0 en un tiempo no lejano a dos a\u00f1os situarnos en una tasa decente, pero\u00a0\u00a0 las voces que hoy gritan queriendo derogar todo lo derogable\u00a0 les est\u00e1n\u00a0 haciendo un flaco servicio a los empleadores, pues\u00a0 de no afianzarse el mercado de trabajo volveremos a la p\u00e9rdida sustancial de \u00a0su origen a los expedientes de regulaci\u00f3n de empleo, a los despidos y a una reforma desafortunada\u00a0 en los Convenios Colectivos y \u00a0con un crecimiento aparente del Salario M\u00ednimo\u00a0 har\u00e1n que se entre en restructuraciones de\u00a0 plantilla, pues un mercado laboral amenazado es de lo m\u00e1s sensible que puede proporcionar\u00a0 la inestabilidad en un pa\u00eds y ya los que conocemos, por nuestra profesi\u00f3n, la evoluci\u00f3n\u00a0 maltrecha que han tenido los trabajadores, no queremos pasar\u00a0 por un nuevo percance que no solamente repercutir\u00e1 en el mundo laboral, sino lo que es\u00a0 m\u00e1s grave, en el mundo de los pensionistas, pues una falta de cotizaciones nos har\u00e1 d\u00e9biles ante el futuro y esto\u00a0 es\u00a0 lo que debemos evitar ante el temor\u00a0 a una contra-reforma laboral.<\/span><\/p>\n<p style=\"text-align: justify;\"><span style=\"color: #000000;\">\u00a0<\/span><span style=\"color: #000000;\">\u00a0\u00a0\u00a0\u00a0\u00a0\u00a0\u00a0\u00a0 Un Gobierno en funciones y un meg\u00e1fono abierto permanente queriendo reformar el mundo laboral\u00a0 es tan peligroso que quienes vengan a invertir y a crear empleo esperar\u00e1n a un horizonte m\u00e1s apetecible para dejar su dinero da\u00f1ando\u00a0 a nuestro mercado y poni\u00e9ndolo, de nuevo,\u00a0 en el escenario\u00a0 \u00a0de los a\u00f1os 2011 y 2012, pues no olvidemos que quien crea empleo son las empresas con sus propios recursos y no los pol\u00edticos, por lo que cuidado\u00a0 con amenazas veladas\u00a0 contraproducentes para\u00a0 que despu\u00e9s\u00a0 no tengamos que arrepentirnos.<\/span><\/p>\n","protected":false},"excerpt":{"rendered":"<p>\u00a0\u00a0\u00a0\u00a0\u00a0\u00a0\u00a0\u00a0 Nuestro mercado de trabajo se encuentra en estos momentos en una situaci\u00f3n de expectativa, \u00a0\u00a0donde quienes\u00a0 hemos vivido\u00a0 el aumento continuado del paro y el desconcierto\u00a0 permanente del cierre de miles de empresas, \u00a0ha creado\u00a0 en nuestra sociedad civil\u00a0 una preocupaci\u00f3n da\u00f1ina que en los \u00faltimos a\u00f1os ha sido casi imposible retomar el pulso\u00a0 [&hellip;]<\/p>\n","protected":false},"author":1,"featured_media":0,"comment_status":"open","ping_status":"open","sticky":false,"template":"","format":"standard","meta":{"footnotes":""},"categories":[1],"tags":[],"class_list":["post-2165","post","type-post","status-publish","format-standard","hentry","category-sin-categoria"],"_links":{"self":[{"href":"https:\/\/elblogdejoseblasfernandez.com\/index.php?rest_route=\/wp\/v2\/posts\/2165","targetHints":{"allow":["GET"]}}],"collection":[{"href":"https:\/\/elblogdejoseblasfernandez.com\/index.php?rest_route=\/wp\/v2\/posts"}],"about":[{"href":"https:\/\/elblogdejoseblasfernandez.com\/index.php?rest_route=\/wp\/v2\/types\/post"}],"author":[{"embeddable":true,"href":"https:\/\/elblogdejoseblasfernandez.com\/index.php?rest_route=\/wp\/v2\/users\/1"}],"replies":[{"embeddable":true,"href":"https:\/\/elblogdejoseblasfernandez.com\/index.php?rest_route=%2Fwp%2Fv2%2Fcomments&post=2165"}],"version-history":[{"count":2,"href":"https:\/\/elblogdejoseblasfernandez.com\/index.php?rest_route=\/wp\/v2\/posts\/2165\/revisions"}],"predecessor-version":[{"id":2172,"href":"https:\/\/elblogdejoseblasfernandez.com\/index.php?rest_route=\/wp\/v2\/posts\/2165\/revisions\/2172"}],"wp:attachment":[{"href":"https:\/\/elblogdejoseblasfernandez.com\/index.php?rest_route=%2Fwp%2Fv2%2Fmedia&parent=2165"}],"wp:term":[{"taxonomy":"category","embeddable":true,"href":"https:\/\/elblogdejoseblasfernandez.com\/index.php?rest_route=%2Fwp%2Fv2%2Fcategories&post=2165"},{"taxonomy":"post_tag","embeddable":true,"href":"https:\/\/elblogdejoseblasfernandez.com\/index.php?rest_route=%2Fwp%2Fv2%2Ftags&post=2165"}],"curies":[{"name":"wp","href":"https:\/\/api.w.org\/{rel}","templated":true}]}}