{"id":2198,"date":"2016-05-16T17:23:10","date_gmt":"2016-05-16T15:23:10","guid":{"rendered":"http:\/\/elblogdejoseblasfernandez.com\/?p=2198"},"modified":"2016-05-16T17:33:35","modified_gmt":"2016-05-16T15:33:35","slug":"le-llaman-empresario","status":"publish","type":"post","link":"https:\/\/elblogdejoseblasfernandez.com\/?p=2198","title":{"rendered":"LE LLAMAN EMPRESARIO"},"content":{"rendered":"<p style=\"text-align: justify;\">\u00a0\u00a0\u00a0\u00a0\u00a0\u00a0\u00a0\u00a0 Es habitual que la sociedad civil de nuestros d\u00edas llame empresario a esas personas que, \u00a0bajo la tutela de unas relaciones laborales, poseen en sus plantillas a trabajadores o empleados que para unos son explotados laboralmente hablando y para otros son esa gente que sacan adelante con su esfuerzo y trabajo al denominado empresario y que sin el sudor de estos trabajadores, \u00a0esa empresa no saldr\u00eda nunca adelante. Es decir calificativos para todos los gustos y \u00a0seg\u00fan de quien proceda y quien los maneje. Hoy, \u00a0tenemos que diferenciar entre el \u00a0empresario aut\u00f3nomo y el\u00a0 de las multinacionales \u00a0que, \u00a0en cualquier momento estos \u00faltimos levantan el \u201cchiringuito\u201d de donde est\u00e1n ubicadas y se marchan bajo el manto de un ERE \u00a0a otro lugar m\u00e1s adecuado para tener rendimientos y sin ning\u00fan dolor de su coraz\u00f3n, \u00a0pues suelen ser personas jur\u00eddicas, \u00a0dejan todo un lastre\u00a0 socio-econ\u00f3mico\u00a0 y sus trabajadores los lanzan al denominado desempleo, porque las expectativas que les hicieron instalarse para su viabilidad \u00a0no han sido concluyentes para su econom\u00eda. \u00a0Dicho esto, todos conocemos este tipo de empleadores que en nuestra geograf\u00eda han surgido muchos como hongos, \u00a0que cuando el mercado econ\u00f3mico no les ha dado sus frutos y fines \u00a0se han ido como \u201cperdigones de escopetas\u201d y\u00a0 \u201csi te vi no me acuerdo\u201d, esparciendo por doquier las secuelas de esa marcha, incluidos los concursos y quiebras \u00a0en los Juzgados de lo Mercantil.<\/p>\n<p style=\"text-align: justify;\">\u00a0\u00a0\u00a0\u00a0\u00a0\u00a0\u00a0\u00a0 Pero no quiero hablar de ese tipo de empresarios; quiero hablar de ese que hoy se\u00a0 llama emprendedor, \u00a0que es ese \u00a0aut\u00f3nomo que todas las ma\u00f1anas abre su negocio o actividad profesional con un socio llamado \u201cHacienda\u201d, entre otros. Es decir, que muchas veces casi todo lo que gana\u00a0\u00a0 tiene que distribuirlo, como m\u00ednimo, \u00a0entre el pago de la Seguridad Social, el IRPF, la n\u00f3mina del empleado o empleados que tenga, el Impuesto del IBI, el de \u00a0circulaci\u00f3n de veh\u00edculos por tener un triste autom\u00f3vil para repartir,\u00a0 luz y agua, IVA y un m\u00f3vil como m\u00ednimo para llamar a los proveedores y para pagarles con dinero por delante porque si no, no te sirven ni una cabeza de ajo. Este empresario que\u00a0 muchas noches no duerme y que\u00a0 tiene que adaptar su negocio o profesi\u00f3n a las necesidades de los clientes es el que para poder obtener una jubilaci\u00f3n el d\u00eda de ma\u00f1ana\u00a0 paga al RETA su Seguridad Social sobre la base m\u00ednima de cotizaci\u00f3n, cosa que su empleado cotiza seg\u00fan convenio colectivo del sector y al final de los d\u00edas de la vida\u00a0 laboral el empleado tiene\u00a0 m\u00e1s pensi\u00f3n que el empleador y no olvidemos que \u00e9ste que se llama empresario\u00a0 tendr\u00e1 que tener mucho\u00a0 cuidado en no ponerse enfermo\u00a0 ni accidentarse, pues ello conllevar\u00eda poner a otro en su lugar y\u00a0 cotizar doblemente o cerrar \u00a0mientras tanto\u00a0 la actividad, \u00a0\u00a0para que cuando se recupere y vuelva a la misma, quiz\u00e1s \u00a0se lo coman las moscas.\u00a0\u00a0 <\/p>\n<p style=\"text-align: justify;\">\u00a0\u00a0\u00a0\u00a0\u00a0\u00a0\u00a0\u00a0 Desgraciadamente, estas empresas denominadas pymes o micropymes son las que crean en nuestro pa\u00eds m\u00e1s del 80% del empleo\u00a0 y\u00a0 lo hacen con cari\u00f1o y entrega, incluyendo a su familia y\u00a0 exponen permanentemente\u00a0 su patrimonio personal para que en los d\u00edas bajos de esos negocios, esos d\u00edas de lluvia, de finales de mes y\u00a0 el bajo consumo que ha dejado la crisis del 2008 hasta nuestros d\u00edas,\u00a0 puedan equilibrar ese presupuesto\u00a0 para que sus socios\u00a0 llamados \u201chacienda\u201d y \u201cSeguridad Social\u201d cobren \u00a0puntualmente, pues de lo contrario\u00a0 el peso de la Agencia Tributaria\u00a0 y la visita, \u00a0a menudo, \u00a0de la Inspecci\u00f3n de Trabajo \u00a0puedan comprobar que todo se \u00a0hace bien, pues de lo contrario pueden dar con sus \u201chuesos\u201d en un triste embargo\u00a0 y de llegar \u00e9sto, \u00a0por ser empleador\u00a0 ni siquiera tendr\u00e1 el desempleo que sus trabajadores s\u00ed van a solicitar y percibir. Por eso,\u00a0 nuestra sociedad deber\u00eda\u00a0 tener en cuenta que la palabra empresario no es \u00a0igual para\u00a0 todos. Es verdad que hoy ese aut\u00f3nomo aumenta por la necesidad de introducirse en el mercado laboral y porque no se tiene otra cosa, \u00a0\u00a0pero no es lo mismo ser trabajador que ser este tipo de empresario que, como te descuides un poco, solo lo quieren para pagar y a duras penas\u00a0 llegar a final de mes. Habr\u00eda que buscar f\u00f3rmulas para no ser tratado de la misma manera un empleador que tiene hasta cinco trabajadores\u00a0 u otro empleador que pasa de los veinte, porque\u00a0 laboral y fiscalmente\u00a0 el tratamiento es el mismo\u00a0 y llamar a uno empresario \u00a0cuando\u00a0 pr\u00e1cticamente es un negocio familiar\u00a0 y su horario es de sol a sol es hacer un poco el rid\u00edculo.\u00a0 Por eso, cuidemos su entorno, ayud\u00e9moslos\u00a0 con tratamientos fiscales de acorde con la realidad \u00a0y veamos tras la lupa\u00a0 que igualar a esa figura\u00a0 es querer mirar para otro lado. Hoy el emprendedor aut\u00f3nomo\u00a0 de corte bajo deber\u00eda hac\u00e9rsele, al menos,\u00a0 un reconocimiento por no decir un monumento, pues gracias a ellos este pa\u00eds sale\u00a0 al paso d\u00eda a d\u00eda de la econom\u00eda, pero \u00a0no nos\u00a0 olvidemos que con una\u00a0 competencia desleal y una econom\u00eda sumergida, como muchas veces se le hace haciendo nuestras compras incluso por internet, los estamos\u00a0 condenando al ostracismo\u00a0 en todas sus facetas. Y ahora, \u00a0que se presentan nuevas elecciones, \u00a0dejemos de lado esas promesas que no se\u00a0 pueden cumplir\u00a0 y pensemos en lo m\u00e1s importante, la creaci\u00f3n de empleo, facilitar a los aut\u00f3nomos un mercado pr\u00f3spero\u00a0 y revisar\u00a0 seriamente el\u00a0 fondo de pensiones\u00a0 porque se atisba \u00a0\u00a0que la longevidad puede\u00a0 poner en entredicho el pago de estas, ya que no puede ser normal que hoy algunos tenga m\u00e1s vida de pensionistas que de\u00a0 vida laboral.<\/p>\n","protected":false},"excerpt":{"rendered":"<p>\u00a0\u00a0\u00a0\u00a0\u00a0\u00a0\u00a0\u00a0 Es habitual que la sociedad civil de nuestros d\u00edas llame empresario a esas personas que, \u00a0bajo la tutela de unas relaciones laborales, poseen en sus plantillas a trabajadores o empleados que para unos son explotados laboralmente hablando y para otros son esa gente que sacan adelante con su esfuerzo y trabajo al denominado empresario [&hellip;]<\/p>\n","protected":false},"author":1,"featured_media":0,"comment_status":"open","ping_status":"open","sticky":false,"template":"","format":"standard","meta":{"footnotes":""},"categories":[1],"tags":[],"class_list":["post-2198","post","type-post","status-publish","format-standard","hentry","category-sin-categoria"],"_links":{"self":[{"href":"https:\/\/elblogdejoseblasfernandez.com\/index.php?rest_route=\/wp\/v2\/posts\/2198","targetHints":{"allow":["GET"]}}],"collection":[{"href":"https:\/\/elblogdejoseblasfernandez.com\/index.php?rest_route=\/wp\/v2\/posts"}],"about":[{"href":"https:\/\/elblogdejoseblasfernandez.com\/index.php?rest_route=\/wp\/v2\/types\/post"}],"author":[{"embeddable":true,"href":"https:\/\/elblogdejoseblasfernandez.com\/index.php?rest_route=\/wp\/v2\/users\/1"}],"replies":[{"embeddable":true,"href":"https:\/\/elblogdejoseblasfernandez.com\/index.php?rest_route=%2Fwp%2Fv2%2Fcomments&post=2198"}],"version-history":[{"count":3,"href":"https:\/\/elblogdejoseblasfernandez.com\/index.php?rest_route=\/wp\/v2\/posts\/2198\/revisions"}],"predecessor-version":[{"id":2204,"href":"https:\/\/elblogdejoseblasfernandez.com\/index.php?rest_route=\/wp\/v2\/posts\/2198\/revisions\/2204"}],"wp:attachment":[{"href":"https:\/\/elblogdejoseblasfernandez.com\/index.php?rest_route=%2Fwp%2Fv2%2Fmedia&parent=2198"}],"wp:term":[{"taxonomy":"category","embeddable":true,"href":"https:\/\/elblogdejoseblasfernandez.com\/index.php?rest_route=%2Fwp%2Fv2%2Fcategories&post=2198"},{"taxonomy":"post_tag","embeddable":true,"href":"https:\/\/elblogdejoseblasfernandez.com\/index.php?rest_route=%2Fwp%2Fv2%2Ftags&post=2198"}],"curies":[{"name":"wp","href":"https:\/\/api.w.org\/{rel}","templated":true}]}}