{"id":22,"date":"2008-12-15T10:05:29","date_gmt":"2008-12-15T10:05:29","guid":{"rendered":""},"modified":"2012-11-21T04:48:56","modified_gmt":"2012-11-21T03:48:56","slug":"aceptada-la-mayoria-de-las-sugerencias-de-los-detallistas-del-mercado-para-los-futuros-puestos","status":"publish","type":"post","link":"https:\/\/elblogdejoseblasfernandez.com\/?p=22","title":{"rendered":"Aceptada la mayor\u00eda de las sugerencias de los detallistas del mercado para los futuros puestos"},"content":{"rendered":"<p style=\"text-align: justify;\">Jos\u00e9 Blas Fern\u00e1ndez anuncia que la rehabilitaci\u00f3n del equipamiento municipal contin\u00faa ahora con la puesta del alicatado y la soler\u00eda<\/p>\n<p style=\"text-align: justify;\">El primer teniente de alcaldesa del Ayuntamiento de C\u00e1diz y concejal de las \u00e1reas de Hacienda, Personal y Patrimonio, Jos\u00e9 Blas Fern\u00e1ndez, ha mantenido una reuni\u00f3n esta semana con los representantes de las distintas secciones del mercado: fruta, carne y pescado, en la cual se pusieron sobre la mesa las sugerencias realizadas por los detallistas para adaptar a sus preferencias los puestos en los que trabajar\u00e1n en el momento en el que finalicen las obras de rehabilitaci\u00f3n del Mercado Central. Unos trabajos que \u201cvan a un ritmo incre\u00edble y que posibilitar\u00e1n que en un futuro pr\u00f3ximo se pueda disfrutar de unas instalaciones municipales modernas, limpias y adaptadas a todo tipo de p\u00fablico\u201d.<\/p>\n<p style=\"text-align: justify;\">Fern\u00e1ndez explic\u00f3 que para analizar las sugerencias de los minoristas se ha tenido que contar con el visto bueno del arquitecto director de la obra, Carlos de Ria\u00f1o, puesto que en todo momento prevalecen las indicaciones de Sanidad, de cara a que en un futuro no se plantee ning\u00fan tipo de problema.<\/p>\n<p style=\"text-align: justify;\">Seg\u00fan el teniente de alcaldesa, en la secci\u00f3n de pescader\u00eda, se han aceptado todas las modificaciones planteadas y relacionadas con los cambios t\u00e9cnicos, incluida la tipolog\u00eda de desag\u00fces que sugiri\u00f3 el colectivo, y tan s\u00f3lo se est\u00e1 pendiente del sistema de cierre de techos. Algo similar ocurre en las fruter\u00edas, donde se han aceptado todas las sugerencias t\u00e9cnicas que planteaban y se est\u00e1 pendiente de la cubierta.<\/p>\n<p style=\"text-align: justify;\">En cuanto a la carne, el delegado municipal de Mercados manifest\u00f3 que \u201cles hemos cambiado las paredes de caucho por alicatado en las paredes; el suelo al final ser\u00e1 de terrazo, tal y como solicitaron; se han aceptado los cambios en la estructura del mobiliario y se van a poner tambi\u00e9n los expositores que sugirieron\u201d. Lo \u00fanico que no es viable por motivos t\u00e9cnicos, y teniendo en cuenta las razones que imponen desde sanidad, es la instalaci\u00f3n del altillo practicable en las carnicer\u00edas, aunque \u201cs\u00ed van a contar con un techo de escayola para su adecuaci\u00f3n a la motorizaci\u00f3n que necesita este tipo de establecimientos\u201d, a\u00f1adi\u00f3 Fern\u00e1ndez.<\/p>\n<p style=\"text-align: justify;\">Por lo tanto, despu\u00e9s de \u201cmuchos esfuerzos, muchas reuniones t\u00e9cnicas con los detallistas y de muchas visitas a los puestos pilotos y de consultas al arquitecto de la obra, puedo decir que se ha aceptado la mayor\u00eda de las sugerencias, lo que va a posibilitar que contin\u00faen las obras con el alicatado y la soler\u00eda, as\u00ed como con las terminaciones\u201d. A juicio de Jos\u00e9 Blas Fern\u00e1ndez, se ha hecho \u201cun trabajo pormenorizado, muy al detalle, para que el colectivo estuviera contento con las instalaciones que van a disfrutar en un futuro pr\u00f3ximo\u201d.<\/p>\n<p style=\"text-align: justify;\">Asimismo, explic\u00f3 que la rehabilitaci\u00f3n del Mercado Central \u201cest\u00e1 permitiendo que ya se pueda visualizar la piedra ostionera original de la fachada y que est\u00e9 saliendo a la luz una viguer\u00eda antiqu\u00edsima que se est\u00e1 respetando en todo momento\u201d.<\/p>\n<p style=\"text-align: justify;\">Cabe recordar que con las obras de rehabilitaci\u00f3n del Mercado Central, adjudicadas a Corsam Corviam por un montante 7.390.864 euros, &#8212; y sin contar con la urbanizaci\u00f3n del entorno&#8211; el interior del Mercado ser\u00e1 totalmente renovado y el exterior conservar\u00e1 la fachada original, que est\u00e1 siendo saneada y recuperar\u00e1 elementos que se han ido perdiendo con el paso de los a\u00f1os.<\/p>\n<p style=\"text-align: justify;\">Durante el desarrollo de las obras, los detallistas permanecen en unas carpas instaladas en los alrededores del Mercado, por lo que el teniente de alcalde volvi\u00f3 a agradecer \u201cel esfuerzo de los minoristas\u201d.<\/p>\n","protected":false},"excerpt":{"rendered":"<p>Jos\u00e9 Blas Fern\u00e1ndez anuncia que la rehabilitaci\u00f3n del equipamiento municipal contin\u00faa ahora con la puesta del alicatado y la soler\u00eda El primer teniente de alcaldesa del Ayuntamiento de C\u00e1diz y concejal de las \u00e1reas de Hacienda, Personal y Patrimonio, Jos\u00e9 Blas Fern\u00e1ndez, ha mantenido una reuni\u00f3n esta semana con los representantes de las distintas secciones [&hellip;]<\/p>\n","protected":false},"author":1,"featured_media":0,"comment_status":"open","ping_status":"open","sticky":false,"template":"","format":"standard","meta":{"footnotes":""},"categories":[6,4],"tags":[],"class_list":["post-22","post","type-post","status-publish","format-standard","hentry","category-actualidad","category-vida-publica"],"_links":{"self":[{"href":"https:\/\/elblogdejoseblasfernandez.com\/index.php?rest_route=\/wp\/v2\/posts\/22","targetHints":{"allow":["GET"]}}],"collection":[{"href":"https:\/\/elblogdejoseblasfernandez.com\/index.php?rest_route=\/wp\/v2\/posts"}],"about":[{"href":"https:\/\/elblogdejoseblasfernandez.com\/index.php?rest_route=\/wp\/v2\/types\/post"}],"author":[{"embeddable":true,"href":"https:\/\/elblogdejoseblasfernandez.com\/index.php?rest_route=\/wp\/v2\/users\/1"}],"replies":[{"embeddable":true,"href":"https:\/\/elblogdejoseblasfernandez.com\/index.php?rest_route=%2Fwp%2Fv2%2Fcomments&post=22"}],"version-history":[{"count":3,"href":"https:\/\/elblogdejoseblasfernandez.com\/index.php?rest_route=\/wp\/v2\/posts\/22\/revisions"}],"predecessor-version":[{"id":593,"href":"https:\/\/elblogdejoseblasfernandez.com\/index.php?rest_route=\/wp\/v2\/posts\/22\/revisions\/593"}],"wp:attachment":[{"href":"https:\/\/elblogdejoseblasfernandez.com\/index.php?rest_route=%2Fwp%2Fv2%2Fmedia&parent=22"}],"wp:term":[{"taxonomy":"category","embeddable":true,"href":"https:\/\/elblogdejoseblasfernandez.com\/index.php?rest_route=%2Fwp%2Fv2%2Fcategories&post=22"},{"taxonomy":"post_tag","embeddable":true,"href":"https:\/\/elblogdejoseblasfernandez.com\/index.php?rest_route=%2Fwp%2Fv2%2Ftags&post=22"}],"curies":[{"name":"wp","href":"https:\/\/api.w.org\/{rel}","templated":true}]}}