{"id":2206,"date":"2016-05-25T20:25:28","date_gmt":"2016-05-25T18:25:28","guid":{"rendered":"http:\/\/elblogdejoseblasfernandez.com\/?p=2206"},"modified":"2016-05-25T20:25:28","modified_gmt":"2016-05-25T18:25:28","slug":"mis-33-anos-en-la-politica-como-concejal-del-ayuntamiento-de-cadiz","status":"publish","type":"post","link":"https:\/\/elblogdejoseblasfernandez.com\/?p=2206","title":{"rendered":"MIS 33 A\u00d1OS EN LA POLITICA COMO CONCEJAL DEL AYUNTAMIENTO DE C\u00c1DIZ"},"content":{"rendered":"<p>El pasado lunes, 23 de\u00a0Mayo, sali\u00f3 publicada en el Diario de C\u00e1diz\u00a0 una entrevista que me hicieron como consecuencia de haber cumplido 33 a\u00f1os como Concejal en el Ayuntamiento de C\u00e1diz y quiero compartirla en mi blog con todos los que me segu\u00eds, por lo que m\u00e1s abajo \u00abentrecomillado\u00bb se encuentra el texto completo de dicha entrevista, que se titula en el Diario \u00abEL TERCIO DE FERNANDEZ\u00bb<\/p>\n<p>&nbsp;<\/p>\n<p><em>\u201cEl tercio de Fern\u00e1ndez<\/em><\/p>\n<p><em>\u00a0 El 23 de mayo de 1983 tom\u00f3 posesi\u00f3n como concejal del Ayuntamiento Jos\u00e9 Blas Fern\u00e1ndez, que cumple hoy 33 a\u00f1os dedicados a la pol\u00edtica municipal.\u00a0\u00a0 <\/em><\/p>\n<p style=\"text-align: justify;\"><em>Jos\u00e9 Blas Fern\u00e1ndez cumple hoy la friolera de 33 a\u00f1os como concejal del Ayuntamiento de C\u00e1diz. Un tercio de siglo desde que este graduado social clavara su pica en San Juan de Dios para defender unas pol\u00edticas y un modo de gestionar la administraci\u00f3n municipal que le ha dado muchos votos y otros tantos sinsabores. \u00abNo conozco a un concejal que sea m\u00e1s antiguo que yo\u00bb, afirma Fern\u00e1ndez. Su carrera en el Ayuntamiento podr\u00eda dividirse, hasta el momento presente, en tres tercios. El primero en la oposici\u00f3n, desde 1983 a 1995; el segundo en el gobierno de Te\u00f3fila Mart\u00ednez, hasta el pasado a\u00f1o; y el tercero en la actualidad de nuevo en la oposici\u00f3n. \u00abMientras que me sienta \u00fatil para mi ciudad seguir\u00e9; de momento tengo hasta 2019\u00bb, dice.<\/em><\/p>\n<p style=\"text-align: justify;\"><em>Esa trayectoria municipal la resume Fern\u00e1ndez de otro modo: \u00abTuve una preparaci\u00f3n de doce a\u00f1os para gobernar y una consolidaci\u00f3n de veinte a\u00f1os de gobierno. Ahora hemos ganado las elecciones pero volvemos a la oposici\u00f3n\u00bb, analiza, entendiendo que la ciudad \u00abest\u00e1 viviendo de la herencia, tanto de la buena como de la mala\u00bb.<\/em><\/p>\n<p style=\"text-align: justify;\"><em>De la primera etapa recuerda que coincidi\u00f3 con el inicio de la regulaci\u00f3n del funcionamiento del Ayuntamiento, a ra\u00edz de la Ley de Haciendas Locales que defin\u00eda las competencias. \u00abCon esa ley se tomaban decisiones ante las que solo nos quedaba acudir a los tribunales. Se anul\u00f3 todo el plan hotelero al equipo de gobierno, tambi\u00e9n la operaci\u00f3n de Puerto Am\u00e9rica o una especie de gran superficie que quer\u00edan habilitar en la entrada de la ciudad. No hicieron las cosas bien\u00bb, comenta Fern\u00e1ndez. Sin embargo, de esas primeras corporaciones destaca que \u00absiempre encontr\u00e9 personas que eran responsables, muy poquitos ven\u00edan por dinero, la mayor\u00eda ten\u00eda sus trabajos y los compatibilizaban con el Ayuntamiento\u00bb. \u00abHab\u00eda un debate pol\u00edtico, pero luego siempre quedaba un reconocimiento hasta de amistad. Hab\u00eda una gran compenetraci\u00f3n que no ha habido en los \u00faltimos a\u00f1os. Ahora he visto gente que ven\u00eda a buscar un puesto y asegurarse un salario\u00bb, a\u00f1ade. En esa etapa hubo muchos momentos se\u00f1alados. El pleno de los Smaes; cuando el Ayuntamiento se hizo cargo del C\u00e1diz Club de F\u00fatbol; obras como la del polideportivo de Cortadura, \u00abque cost\u00f3 290 millones de pesetas m\u00e1s de lo previsto\u00bb; \u00abun pleno muy complejo sobre Provinsur\u00bb; el cierre del cementerio; la iniciaci\u00f3n de los terrenos ociosos de Astilleros, \u00aben un pleno del que salimos custodiados por la Polic\u00eda hasta casa por una gran bronca de los trabajadores\u00bb; o el d\u00eda, el 8 de diciembre de 1993, en que C\u00e1diz se qued\u00f3 sin 12.000 tel\u00e9fonos por una aver\u00eda por la que se lleg\u00f3 a pedir 500 millones de pesetas de indemnizaci\u00f3n. \u00abFue todo controvertido, pero nunca se lleg\u00f3 a faltar el respeto\u00bb, valora Jos\u00e9 Blas Fern\u00e1ndez. Eso no es lo que ocurre hoy. \u00abHoy vale el destruirte, el calumniarte en las redes sociales, el decir cosas sin demostrar\u00bb, lamenta, manifestando que los dos \u00faltimos a\u00f1os de gobierno en el Ayuntamiento \u00abfue un ir contra el PP, unos insultos, tener que desalojar un pleno&#8230; eso no lo hab\u00eda vivido nunca en el Ayuntamiento\u00bb. La peor parte que en el plano personal se ha llevado es \u00abcuando me imputan la muerte del ni\u00f1o en el Campo de las Balas\u00bb. \u00abTodo eso se pasa tan mal, tu propia familia. Mis hijos han visto sufrir a su padre por estar en pol\u00edtica\u00bb, reconoce. De los veinte a\u00f1os gobernando, en los que a Fern\u00e1ndez \u00abme ha tocado bailar con la m\u00e1s fea siempre\u00bb -las cuentas municipales- valora dos proyectos por encima de todo: el soterramiento y el segundo puente. \u00abEstoy satisfecho de muchas cosas que se han hecho\u00bb, resume, considerando que en el Ayuntamiento \u00abme convert\u00ed en un t\u00e9cnico m\u00e1s al conocer la tem\u00e1tica; y no hicimos caza de brujas, como veo ahora, nunca dudamos de la lealtad del funcionario\u00bb. El a\u00f1o pasado se decidi\u00f3 a volver a acompa\u00f1ar a Te\u00f3fila Mart\u00ednez en la lista a las elecciones \u00abyendo para un partido del C\u00e1diz, porque yo no quer\u00eda ir pero me lo pidieron encarecidamente\u00bb. Y tras el varapalo electoral que ape\u00f3 al PP del gobierno municipal sigue porque \u00abno quiero ser pasota\u00bb. \u00abCreo que debo estar ah\u00ed hasta que termine el mandato, aunque si antes por raz\u00f3n de la vida o de otra cosa creo que no puedo atender esto, me ir\u00e9. Ahora adem\u00e1s no soy tan necesario en mi partido\u00bb, considera. <\/em>\n<\/p>\n<p style=\"text-align: justify;\">\n<p style=\"text-align: justify;\"><em>Lo que tiene claro es que nunca dejar\u00e1 su vida profesional, como ha hecho en estos 33 a\u00f1os. Y a este respecto observa uno de los principales problemas de la pol\u00edtica actual. \u00abHay concejales que no ejercen nada, que tienen cero patatero en su profesi\u00f3n. Y eso lleva a que se est\u00e9 alejando cada vez m\u00e1s la vida p\u00fablica de lo profesional. Habr\u00eda que buscar otra f\u00f3rmula de funcionamiento porque as\u00ed no vamos bien\u00bb, plantea este concejal que ha dedicado un tercio de siglo, m\u00e1s de media vida, al Ayuntamiento de C\u00e1diz\u201d.<\/em><\/p>\n","protected":false},"excerpt":{"rendered":"<p>El pasado lunes, 23 de\u00a0Mayo, sali\u00f3 publicada en el Diario de C\u00e1diz\u00a0 una entrevista que me hicieron como consecuencia de haber cumplido 33 a\u00f1os como Concejal en el Ayuntamiento de C\u00e1diz y quiero compartirla en mi blog con todos los que me segu\u00eds, por lo que m\u00e1s abajo \u00abentrecomillado\u00bb se encuentra el texto completo de [&hellip;]<\/p>\n","protected":false},"author":1,"featured_media":0,"comment_status":"open","ping_status":"open","sticky":false,"template":"","format":"standard","meta":{"footnotes":""},"categories":[1],"tags":[],"class_list":["post-2206","post","type-post","status-publish","format-standard","hentry","category-sin-categoria"],"_links":{"self":[{"href":"https:\/\/elblogdejoseblasfernandez.com\/index.php?rest_route=\/wp\/v2\/posts\/2206","targetHints":{"allow":["GET"]}}],"collection":[{"href":"https:\/\/elblogdejoseblasfernandez.com\/index.php?rest_route=\/wp\/v2\/posts"}],"about":[{"href":"https:\/\/elblogdejoseblasfernandez.com\/index.php?rest_route=\/wp\/v2\/types\/post"}],"author":[{"embeddable":true,"href":"https:\/\/elblogdejoseblasfernandez.com\/index.php?rest_route=\/wp\/v2\/users\/1"}],"replies":[{"embeddable":true,"href":"https:\/\/elblogdejoseblasfernandez.com\/index.php?rest_route=%2Fwp%2Fv2%2Fcomments&post=2206"}],"version-history":[{"count":1,"href":"https:\/\/elblogdejoseblasfernandez.com\/index.php?rest_route=\/wp\/v2\/posts\/2206\/revisions"}],"predecessor-version":[{"id":2209,"href":"https:\/\/elblogdejoseblasfernandez.com\/index.php?rest_route=\/wp\/v2\/posts\/2206\/revisions\/2209"}],"wp:attachment":[{"href":"https:\/\/elblogdejoseblasfernandez.com\/index.php?rest_route=%2Fwp%2Fv2%2Fmedia&parent=2206"}],"wp:term":[{"taxonomy":"category","embeddable":true,"href":"https:\/\/elblogdejoseblasfernandez.com\/index.php?rest_route=%2Fwp%2Fv2%2Fcategories&post=2206"},{"taxonomy":"post_tag","embeddable":true,"href":"https:\/\/elblogdejoseblasfernandez.com\/index.php?rest_route=%2Fwp%2Fv2%2Ftags&post=2206"}],"curies":[{"name":"wp","href":"https:\/\/api.w.org\/{rel}","templated":true}]}}