{"id":2218,"date":"2016-06-22T21:53:35","date_gmt":"2016-06-22T19:53:35","guid":{"rendered":"http:\/\/elblogdejoseblasfernandez.com\/?p=2218"},"modified":"2016-06-22T21:53:35","modified_gmt":"2016-06-22T19:53:35","slug":"el-alcoholismo-sigue-teniendo-en-la-sociedad-resultados-muy-negativos","status":"publish","type":"post","link":"https:\/\/elblogdejoseblasfernandez.com\/?p=2218","title":{"rendered":"EL ALCOHOLISMO  SIGUE TENIENDO EN LA SOCIEDAD RESULTADOS MUY NEGATIVOS."},"content":{"rendered":"<p style=\"text-align: justify;\">\u00a0\u00a0\u00a0\u00a0\u00a0\u00a0\u00a0\u00a0 En la actualidad, \u00a0el alcoholismo ha pasado a ser\u00a0 una enfermedad compleja en s\u00ed, con todas sus consecuencias y\u00a0 aun cuando afecta mayormente a los adultos, el consumo en \u00a0los adolescentes es cada vez\u00a0 m\u00e1s preocupante.<\/p>\n<p style=\"text-align: justify;\">\u00a0\u00a0\u00a0\u00a0\u00a0\u00a0\u00a0\u00a0 Sobre este\u00a0 tema se ha organizado\u00a0 una conferencia-coloquio titulada \u201cLa adicci\u00f3n y sus implicaciones\u201d que tendr\u00e1 tres intervinientes para desarrollar la misma y entre ellos tengo el honor de participar\u00a0 bajo el titular <strong>\u201cEl alcoholismo en el \u00e1mbito laboral\u201d<\/strong> donde intentar\u00e9 exponer mi experiencia profesional y legal en el marco de las relaciones jur\u00eddico-laborales. Me acompa\u00f1aran <strong>D. Bernardo Ruiz Victoria<\/strong>, Psic\u00f3logo especialista en psicolog\u00eda cl\u00ednica y\u00a0 <strong>D. Juan Gibert Rahola<\/strong>, Catedr\u00e1tico de la Universidad de C\u00e1diz.<\/p>\n<p style=\"text-align: justify;\">\u00a0\u00a0\u00a0\u00a0\u00a0\u00a0\u00a0\u00a0 Dicha conferencia ser\u00e1 el mi\u00e9rcoles 29 de Junio, a las 20.00 horas, en el Sal\u00f3n de actos de la Asociaci\u00f3n de la Prensa de C\u00e1diz (APC), en la calle Ancha, n\u00ba 6 de esta capital.<\/p>\n<p style=\"text-align: justify;\">\n<p style=\"text-align: justify;\">\u00a0\u00a0\u00a0\u00a0\u00a0\u00a0\u00a0\u00a0 Mi inter\u00e9s es que todos sin excepci\u00f3n veamos las graves consecuencias que el alcohol y las drogas tienen hoy inmersa a la sociedad civil actual y desde aqu\u00ed invito a todos los que quieran asistir.<\/p>\n","protected":false},"excerpt":{"rendered":"<p>\u00a0\u00a0\u00a0\u00a0\u00a0\u00a0\u00a0\u00a0 En la actualidad, \u00a0el alcoholismo ha pasado a ser\u00a0 una enfermedad compleja en s\u00ed, con todas sus consecuencias y\u00a0 aun cuando afecta mayormente a los adultos, el consumo en \u00a0los adolescentes es cada vez\u00a0 m\u00e1s preocupante. \u00a0\u00a0\u00a0\u00a0\u00a0\u00a0\u00a0\u00a0 Sobre este\u00a0 tema se ha organizado\u00a0 una conferencia-coloquio titulada \u201cLa adicci\u00f3n y sus implicaciones\u201d que tendr\u00e1 tres [&hellip;]<\/p>\n","protected":false},"author":1,"featured_media":0,"comment_status":"open","ping_status":"open","sticky":false,"template":"","format":"standard","meta":{"footnotes":""},"categories":[1],"tags":[],"class_list":["post-2218","post","type-post","status-publish","format-standard","hentry","category-sin-categoria"],"_links":{"self":[{"href":"https:\/\/elblogdejoseblasfernandez.com\/index.php?rest_route=\/wp\/v2\/posts\/2218","targetHints":{"allow":["GET"]}}],"collection":[{"href":"https:\/\/elblogdejoseblasfernandez.com\/index.php?rest_route=\/wp\/v2\/posts"}],"about":[{"href":"https:\/\/elblogdejoseblasfernandez.com\/index.php?rest_route=\/wp\/v2\/types\/post"}],"author":[{"embeddable":true,"href":"https:\/\/elblogdejoseblasfernandez.com\/index.php?rest_route=\/wp\/v2\/users\/1"}],"replies":[{"embeddable":true,"href":"https:\/\/elblogdejoseblasfernandez.com\/index.php?rest_route=%2Fwp%2Fv2%2Fcomments&post=2218"}],"version-history":[{"count":1,"href":"https:\/\/elblogdejoseblasfernandez.com\/index.php?rest_route=\/wp\/v2\/posts\/2218\/revisions"}],"predecessor-version":[{"id":2221,"href":"https:\/\/elblogdejoseblasfernandez.com\/index.php?rest_route=\/wp\/v2\/posts\/2218\/revisions\/2221"}],"wp:attachment":[{"href":"https:\/\/elblogdejoseblasfernandez.com\/index.php?rest_route=%2Fwp%2Fv2%2Fmedia&parent=2218"}],"wp:term":[{"taxonomy":"category","embeddable":true,"href":"https:\/\/elblogdejoseblasfernandez.com\/index.php?rest_route=%2Fwp%2Fv2%2Fcategories&post=2218"},{"taxonomy":"post_tag","embeddable":true,"href":"https:\/\/elblogdejoseblasfernandez.com\/index.php?rest_route=%2Fwp%2Fv2%2Ftags&post=2218"}],"curies":[{"name":"wp","href":"https:\/\/api.w.org\/{rel}","templated":true}]}}