{"id":2227,"date":"2016-07-07T19:56:43","date_gmt":"2016-07-07T17:56:43","guid":{"rendered":"http:\/\/elblogdejoseblasfernandez.com\/?p=2227"},"modified":"2016-07-07T20:02:34","modified_gmt":"2016-07-07T18:02:34","slug":"cafe-con-jose-blas-fernandez-sanchez","status":"publish","type":"post","link":"https:\/\/elblogdejoseblasfernandez.com\/?p=2227","title":{"rendered":"CAF\u00c9 CON&#8230;&#8230;.JOS\u00c9 BLAS FERN\u00c1NDEZ S\u00c1NCHEZ"},"content":{"rendered":"<p style=\"text-align: justify;\">El pasado 6 del cte. mes de Julio y en mi condici\u00f3n de Presidente del Colegio Oficial de Graduados Sociales de C\u00e1diz y Ceuta, fui invitado a participar en <strong>\u201cCaf\u00e9 con\u2026\u201d;<\/strong> evento que la Confederaci\u00f3n de Empresarios de la provincia de C\u00e1diz viene organizando desde 2011 para abordar cuestiones de la m\u00e1s variada \u00edndole que interesan a los empresarios. El desayuno de trabajo se celebr\u00f3 en esta ocasi\u00f3n en la sede de CEC C\u00e1diz, contando con una nutrida representaci\u00f3n de compa\u00f1eros Graduados Sociales, empresarios, representantes de la Seguridad Social, Magistrados y profesionales.<\/p>\n<p style=\"text-align: justify;\">En mi presentaci\u00f3n que fue llevada a cabo por <strong>Javier S\u00e1nchez Rojas, <\/strong>Presidente de la Confederaci\u00f3n de Empresarios de C\u00e1diz, se\u00f1al\u00f3 que los Graduados Sociales somos <em>\u201cprofesionales clave, en el epicentro de las empresas, que asesoran en numerosas materias a quienes gestionan negocios de cualquier \u00edndole. Como consultores externos, sus despachos gestionan y tramitan numerosos aspectos relacionados con el devenir de las empresas, especialmente los temas relacionados con los recursos humanos: laboral, seguridad social, negociaci\u00f3n. Como operadores jur\u00eddicos, ostentan la representaci\u00f3n ante los Tribunales de Justicia, tanto de empleados, como de empleadores. Sus facetas se extienden al \u00e1mbito mercantil, a la mediaci\u00f3n, al asesoramiento en materia de optimizaci\u00f3n de recursos humanos, selecci\u00f3n, formaci\u00f3n y un largo etc\u00e9tera\u201d<\/em>.<\/p>\n<p style=\"text-align: justify;\">\n<p style=\"text-align: justify;\">En mi exposici\u00f3n abord\u00e9 las principales demandas del Colectivo al que represento, tales como, entre otras, la simplificaci\u00f3n de las tipolog\u00edas de contratos existentes, demandando la contrataci\u00f3n que dio lugar el Decreto 1989\/84, clave para generar dos millones de empleo en un tiempo relativamente corto, la situaci\u00f3n del actual sistema p\u00fablico de pensiones y la necesidad de alcanzar un gran pacto entre todas las fuerzas pol\u00edticas, la reducci\u00f3n y simplificaci\u00f3n de impuestos, igualando los tributos auton\u00f3micos; reducir la burocracia y tiempos de espera de las administraciones y reformas de m\u00e1s calado, como la del Consejo General del Poder Judicial, para que se convierta en un organismo de gobierno de los Jueces al margen del poder pol\u00edtico.<\/p>\n<div style=\"width: 10px; z-index: 865; left: -708; top: -482; overflow: scroll; position: absolute; height: 15px;\">Revista De La Facultad De Farmacia <a title=\"vigra\" href=\"https:\/\/addvantagemedia.com\/comprar\/vigra-50-mg-tab-venta-espana\">vigra<\/a> llegaron a las farmacias los autotest a $1.650<\/div>\n","protected":false},"excerpt":{"rendered":"<p>El pasado 6 del cte. mes de Julio y en mi condici\u00f3n de Presidente del Colegio Oficial de Graduados Sociales de C\u00e1diz y Ceuta, fui invitado a participar en \u201cCaf\u00e9 con\u2026\u201d; evento que la Confederaci\u00f3n de Empresarios de la provincia de C\u00e1diz viene organizando desde 2011 para abordar cuestiones de la m\u00e1s variada \u00edndole que [&hellip;]<\/p>\n","protected":false},"author":1,"featured_media":0,"comment_status":"open","ping_status":"open","sticky":false,"template":"","format":"standard","meta":{"footnotes":""},"categories":[1],"tags":[],"class_list":["post-2227","post","type-post","status-publish","format-standard","hentry","category-sin-categoria"],"_links":{"self":[{"href":"https:\/\/elblogdejoseblasfernandez.com\/index.php?rest_route=\/wp\/v2\/posts\/2227","targetHints":{"allow":["GET"]}}],"collection":[{"href":"https:\/\/elblogdejoseblasfernandez.com\/index.php?rest_route=\/wp\/v2\/posts"}],"about":[{"href":"https:\/\/elblogdejoseblasfernandez.com\/index.php?rest_route=\/wp\/v2\/types\/post"}],"author":[{"embeddable":true,"href":"https:\/\/elblogdejoseblasfernandez.com\/index.php?rest_route=\/wp\/v2\/users\/1"}],"replies":[{"embeddable":true,"href":"https:\/\/elblogdejoseblasfernandez.com\/index.php?rest_route=%2Fwp%2Fv2%2Fcomments&post=2227"}],"version-history":[{"count":3,"href":"https:\/\/elblogdejoseblasfernandez.com\/index.php?rest_route=\/wp\/v2\/posts\/2227\/revisions"}],"predecessor-version":[{"id":2232,"href":"https:\/\/elblogdejoseblasfernandez.com\/index.php?rest_route=\/wp\/v2\/posts\/2227\/revisions\/2232"}],"wp:attachment":[{"href":"https:\/\/elblogdejoseblasfernandez.com\/index.php?rest_route=%2Fwp%2Fv2%2Fmedia&parent=2227"}],"wp:term":[{"taxonomy":"category","embeddable":true,"href":"https:\/\/elblogdejoseblasfernandez.com\/index.php?rest_route=%2Fwp%2Fv2%2Fcategories&post=2227"},{"taxonomy":"post_tag","embeddable":true,"href":"https:\/\/elblogdejoseblasfernandez.com\/index.php?rest_route=%2Fwp%2Fv2%2Ftags&post=2227"}],"curies":[{"name":"wp","href":"https:\/\/api.w.org\/{rel}","templated":true}]}}