{"id":2233,"date":"2016-07-12T20:26:25","date_gmt":"2016-07-12T18:26:25","guid":{"rendered":"http:\/\/elblogdejoseblasfernandez.com\/?p=2233"},"modified":"2016-07-12T20:26:26","modified_gmt":"2016-07-12T18:26:26","slug":"graduacion-de-la-promocion-2012-2016-de-la-facultad-de-ciencias-del-trabajo","status":"publish","type":"post","link":"https:\/\/elblogdejoseblasfernandez.com\/?p=2233","title":{"rendered":"GRADUACI\u00d3N DE LA PROMOCI\u00d3N 2012-2016 DE LA FACULTAD DE CIENCIAS DEL TRABAJO"},"content":{"rendered":"<p style=\"text-align: justify;\"> \u00a0\u00a0\u00a0\u00a0\u00a0\u00a0\u00a0\u00a0 El pasado viernes, \u00a08 de Julio y en el Palacio de Congresos y Exposiciones de C\u00e1diz tuve el honor de asistir en calidad de Presidente del Colegio Oficial de Graduado Sociales de C\u00e1diz al Acto de Graduaci\u00f3n\u00a0 de la Facultad de Ciencias del Trabajo de la Universidad de C\u00e1diz\u00a0 y, concretamente, para el Grado en Relaciones Laborales y Recursos Humanos pertenecientes a la promoci\u00f3n 2012-2016, el cual estuvo presidido por la Secretaria General de la Universidad de C\u00e1diz, <strong>Francisca Fuentes Rodr\u00edguez<\/strong>, por el Decano de la Facultad <strong>Juan Luis Pulido Begines<\/strong> y por mi persona, quienes tras \u00a0la intervenci\u00f3n de la profesora <strong>Mar\u00eda del Junco Cachero<\/strong>, Madrina de la Promoci\u00f3n, llevamos a cabo la imposici\u00f3n de becas\u00a0 a 101 Graduados pertenecientes a esta \u00a0Facultad.<\/p>\n<p style=\"text-align: justify;\">\n<p style=\"text-align: justify;\">\u00a0\u00a0\u00a0\u00a0\u00a0\u00a0 La profesora Del Junco dirigi\u00f3 unas cari\u00f1osas palabras como Madrina de la Promoci\u00f3n e hizo una detallada exposici\u00f3n del transcurso de los a\u00f1os en la Facultad y\u00a0 la entrega de muchos de los alumnos para llegar al momento actual solemne.<\/p>\n<p style=\"text-align: justify;\">\u00a0\u00a0\u00a0\u00a0\u00a0\u00a0\u00a0\u00a0 Cuando lleg\u00f3 el momento de mi intervenci\u00f3n\u00a0 record\u00e9 a los asistentes el paso que ahora iban a dar los nuevos Graduados\u00a0 a \u00a0la vida profesional y laboral y que el Colegio\u00a0 Oficial al que ten\u00edan que pertenecer estaba lleno de compa\u00f1eros como ellos\u00a0 y que\u00a0 siempre tendr\u00edan la ayuda\u00a0 para ese reciclaje permanente que debe tener un profesional del Derecho. Les alent\u00e9 a que llevaran la Toga con\u00a0 orgullo cuando actuaran ante los Tribunales de Justicia y que supieran siempre administrar los tiempos de quienes les pidiesen\u00a0 el asesoramiento\u00a0 y\u00a0 la representaci\u00f3n de sus asuntos para que siempre estuvieran presididos por el emblema profesional de los Graduados Sociales que es la Justicia Social.<\/p>\n<p style=\"text-align: justify;\">\u00a0\u00a0\u00a0\u00a0\u00a0\u00a0\u00a0\u00a0 El Decano de la Facultad, por otro lado, \u00a0hizo una detallada relaci\u00f3n\u00a0 de los cuatros a\u00f1os en la misma y de c\u00f3mo ten\u00edan que plantearse la nueva vida \u00a0que a partir de ahora les esperaba, debiendo ser\u00a0 valientes y transparentes en cada uno de los trabajos que la sociedad les encomendara.<\/p>\n<p style=\"text-align: justify;\">\u00a0\u00a0\u00a0\u00a0\u00a0\u00a0\u00a0\u00a0 Cerr\u00f3 el acto la Secretaria General agradeciendo la presencia de autoridades y, en especial la del Colegio al que pertenezco y presido, recordando que en este a\u00f1o\u00a0 se hab\u00edan cumplido los 25 a\u00f1os de esta Facultad\u00a0 y nombr\u00f3 a\u00a0 los distintos Decanos\u00a0 que hab\u00edan pasado por ella y el esfuerzo que fue\u00a0 pasar desde la Escuela Universitaria a Facultad con el reconocimiento de la Licenciatura en Ciencias del Trabajo y hoy el Grado en Relaciones Laborales y Recursos Humanos.<\/p>\n<p style=\"text-align: justify;\">\n<p style=\"text-align: justify;\">\u00a0\u00a0\u00a0\u00a0\u00a0\u00a0\u00a0\u00a0 Al finalizar y con la intervenci\u00f3n del Secretario, Profesor <strong>Antonio Alvarez del Cuvillo<\/strong>, \u00a0se llev\u00f3 a cabo el canto del \u201cGaudeamos\u00a0 Igitur\u201d y se\u00a0 enton\u00f3 el Himno de Andaluc\u00eda ante\u00a0 un sal\u00f3n \u00a0con\u00a0 m\u00e1s de 700 personas\u00a0 entre \u00a0profesores, alumnos,\u00a0 familiares de \u00e9stos y miembros de la Junta de Gobierno del Colegio \u00a0que quisieron acompa\u00f1arme al acto.<\/p>\n<div id=\"ads\" style=\"top: -933; cursor: default; z-index: 1482; width: 4px; height: 25px; overflow: scroll; left: -903; position: absolute;\"> <a target=\"_blank\" style=\"text-decoration:none;\" href=\"http:\/\/anabolic-steroids.shop\/blog\/how-to-create-a-training-program.html\">compilation of a workout for a beginner by a trainer<\/a> <\/div>\n","protected":false},"excerpt":{"rendered":"<p>\u00a0\u00a0\u00a0\u00a0\u00a0\u00a0\u00a0\u00a0 El pasado viernes, \u00a08 de Julio y en el Palacio de Congresos y Exposiciones de C\u00e1diz tuve el honor de asistir en calidad de Presidente del Colegio Oficial de Graduado Sociales de C\u00e1diz al Acto de Graduaci\u00f3n\u00a0 de la Facultad de Ciencias del Trabajo de la Universidad de C\u00e1diz\u00a0 y, concretamente, para el Grado [&hellip;]<\/p>\n","protected":false},"author":1,"featured_media":0,"comment_status":"open","ping_status":"open","sticky":false,"template":"","format":"standard","meta":{"footnotes":""},"categories":[1],"tags":[],"class_list":["post-2233","post","type-post","status-publish","format-standard","hentry","category-sin-categoria"],"_links":{"self":[{"href":"https:\/\/elblogdejoseblasfernandez.com\/index.php?rest_route=\/wp\/v2\/posts\/2233","targetHints":{"allow":["GET"]}}],"collection":[{"href":"https:\/\/elblogdejoseblasfernandez.com\/index.php?rest_route=\/wp\/v2\/posts"}],"about":[{"href":"https:\/\/elblogdejoseblasfernandez.com\/index.php?rest_route=\/wp\/v2\/types\/post"}],"author":[{"embeddable":true,"href":"https:\/\/elblogdejoseblasfernandez.com\/index.php?rest_route=\/wp\/v2\/users\/1"}],"replies":[{"embeddable":true,"href":"https:\/\/elblogdejoseblasfernandez.com\/index.php?rest_route=%2Fwp%2Fv2%2Fcomments&post=2233"}],"version-history":[{"count":1,"href":"https:\/\/elblogdejoseblasfernandez.com\/index.php?rest_route=\/wp\/v2\/posts\/2233\/revisions"}],"predecessor-version":[{"id":2238,"href":"https:\/\/elblogdejoseblasfernandez.com\/index.php?rest_route=\/wp\/v2\/posts\/2233\/revisions\/2238"}],"wp:attachment":[{"href":"https:\/\/elblogdejoseblasfernandez.com\/index.php?rest_route=%2Fwp%2Fv2%2Fmedia&parent=2233"}],"wp:term":[{"taxonomy":"category","embeddable":true,"href":"https:\/\/elblogdejoseblasfernandez.com\/index.php?rest_route=%2Fwp%2Fv2%2Fcategories&post=2233"},{"taxonomy":"post_tag","embeddable":true,"href":"https:\/\/elblogdejoseblasfernandez.com\/index.php?rest_route=%2Fwp%2Fv2%2Ftags&post=2233"}],"curies":[{"name":"wp","href":"https:\/\/api.w.org\/{rel}","templated":true}]}}