{"id":2240,"date":"2016-07-20T11:28:25","date_gmt":"2016-07-20T09:28:25","guid":{"rendered":"http:\/\/elblogdejoseblasfernandez.com\/?p=2240"},"modified":"2016-07-20T11:28:25","modified_gmt":"2016-07-20T09:28:25","slug":"los-pensionistas-somos-todos","status":"publish","type":"post","link":"https:\/\/elblogdejoseblasfernandez.com\/?p=2240","title":{"rendered":"LOS PENSIONISTAS SOMOS TODOS"},"content":{"rendered":"<p style=\"text-align: justify;\">\u00a0\u00a0\u00a0\u00a0\u00a0\u00a0\u00a0\u00a0 En las pasadas elecciones ning\u00fan Partido Pol\u00edtico ha sabido dar soluciones tajantes y precisas para que las pensiones del futuro\u00a0 sean una asignatura que transmita tranquilidad y que\u00a0 no sea como\u00a0 hasta ahora, una moneda de cambio para inquietar, deslucir\u00a0 o alterar la conciencia de todos los espa\u00f1oles con respecto al futuro de las mismas. Que es una\u00a0 preocupaci\u00f3n\u00a0 nadie lo pone en duda, pues un 95% se encuentra intranquilo\u00a0 cuando hace\u00a0 tres a\u00f1os\u00a0 el porcentaje se situaba en\u00a0 un 80% aproximadamente, lo que pone de manifiesto que ahora\u00a0 aumenta considerablemente\u00a0 esa expresi\u00f3n de calle de que \u201ccualquiera sabe cu\u00e1ndo me jubile\u00a0 qu\u00e9 cobrar\u00e9 de pensi\u00f3n y si la cobrar\u00e9\u201d . Esta interrogaci\u00f3n tiene que ir unida de una tranquilidad\u00a0 que\u00a0 ponga de manifiesto que nuestro Sistema P\u00fablico de Pensiones tiene que estar dotado de unas herramientas seguras y de unos\u00a0 fondos claros para que su futuro no tan inmediato sea\u00a0 subsanado con pilares\u00a0 firmes.<\/p>\n<p style=\"text-align: justify;\">\u00a0\u00a0\u00a0\u00a0\u00a0\u00a0\u00a0\u00a0 El Gobierno actual supo separar, acertadamente, las pensiones no contributivas de las\u00a0 contributivas, es decir, que quienes\u00a0 recojan en su ocaso laboral la correspondiente\u00a0 prestaci\u00f3n de jubilaci\u00f3n o invalidez es porque han cotizado y porque el Sistema ha tenido viabilidad. Nuestra Seguridad Social se financia a trav\u00e9s de un sistema de reparto, el cual est\u00e1 nutrido por los ingresos de las cotizaciones\u00a0 a la Seguridad Social de cada a\u00f1o y se destinan a pagar \u00a0las pensiones de ese mismo ejercicio. Pero, claro, al existir cada vez m\u00e1s\u00a0 pensionistas por cada cotizante y debido a la inversi\u00f3n de la pir\u00e1mide poblacional, as\u00ed como a la tasa de paro,\u00a0 el desequilibrio entre gastos e ingresos aumenta notablemente, sin olvidar la longevidad de los espa\u00f1oles que supone retribuir a los mayores m\u00e1s tiempo del existente hace diez a\u00f1os, por lo que las cotizaciones para sufragar el gasto puede terminar en un colapso de suma importancia.<\/p>\n<p style=\"text-align: justify;\">\u00a0\u00a0\u00a0\u00a0\u00a0\u00a0\u00a0\u00a0 En estos momentos, el gasto de la Seguridad Social en pensiones contributivas\u00a0 super\u00f3\u00a0 a finales de mayo los 8.467 millones de euros que da como resultado\u00a0 un incremento del 3,04%, siendo la pensi\u00f3n media de jubilaci\u00f3n de 1.041,00.- euros mensuales, es decir, un 2,10% m\u00e1s que hace un a\u00f1o\u00a0 y la pensi\u00f3n media del sistema se situ\u00f3 en 902,31.- euros al mes; un aumento\u00a0 interanual del 1,88%. Es decir, hay que conseguir recuperar o rehacer\u00a0 el Pacto de Toledo para actualizarlo, pues Espa\u00f1a es ya un pa\u00eds \u00a0de los m\u00e1s \u00a0longevos del mundo, por lo que hay que dotarlo de soluciones reales\u00a0 para que a largo plazo se garantice el sistema del bienestar.\u00a0\u00a0 <\/p>\n<p style=\"text-align: justify;\">\u00a0\u00a0\u00a0\u00a0\u00a0\u00a0\u00a0\u00a0 Pero esta situaci\u00f3n no es nueva y eso lo sabemos todos, salvo los que nos quieran enga\u00f1ar, pues antes de hacer el traspaso al Gobierno actual estaba el d\u00e9ficit p\u00fablico en\u00a0 un 9,3%, es decir, m\u00e1s de 30.000 millones de euros de d\u00e9ficit oculto con 41.877 millones de euros de recursos p\u00fablicos, \u00a0sin olvidar que\u00a0 congelaron las pensiones y solo hab\u00eda 70.000 millones de euros en la hucha\u00a0 de las mismas\u00a0 en el Fondo de\u00a0 Reserva y ello produjo un d\u00e9ficit importante en la Seguridad Social, teniendo en cuenta \u00a0los m\u00e1s de 5.300.000\u00a0 parados y 3 millones de cotizantes menos a la Seguridad Social. Es decir, un caj\u00f3n sin fondo y una situaci\u00f3n econ\u00f3mica\u00a0 en nada \u00a0parecida a la de hoy. Por ello, como todos estamos preocupados con el\u00a0 actual Sistema de Pensiones, creo que ser\u00eda conveniente y necesario\u00a0 que un grupo de expertos\u00a0 en materia de Seguridad Social y Econom\u00eda fuera nombrado por el Gobierno pr\u00f3ximo\u00a0 que se forme para que\u00a0 con un pacto de Estado\u00a0 se perpet\u00fae\u00a0 lo que hasta ahora\u00a0 se llama un Sistema P\u00fablico de Pensiones, pues aunque hay pactos sobre las pensiones en curso y estas no deben ser tocadas, otras como\u00a0 las futuras de orfandad y viudedad que son m\u00e1s bajas y que tienen un car\u00e1cter asistencial\u00a0 tienen que adaptarse al actual mercado de pensiones, por lo que gracias al existir la hucha hoy podemos pagar estas prestaciones sin que suponga un d\u00e9ficit que tiene un efecto multiplicador muy agresivo.<\/p>\n<p style=\"text-align: justify;\">\u00a0\u00a0\u00a0\u00a0\u00a0\u00a0\u00a0\u00a0 Las pensiones tienen que tener\u00a0 un debate\u00a0 serio y claro\u00a0 y ello no es nada nuevo, pues Espa\u00f1a que viene haciendo reformas de pensiones desde 1985 tiene que centrarse en aumentar los ingresos\u00a0 para su sostenimiento, llegando incluso a elevar las bases de cotizaci\u00f3n y algo que se nos olvida, las pensiones m\u00e1ximas\u00a0 est\u00e1n topadas, lo que supone una erosi\u00f3n en la econom\u00eda de\u00a0 quienes han cotizado\u00a0 de manera elevada, pero sin embargo, la merma entre su salario y la pensi\u00f3n es sumamente alarmante, porque si no se aumentan los cotizantes y aumenta el empleo dif\u00edcilmente podamos\u00a0 financiar\u00a0 todo el Sistema P\u00fablico de Pensiones.\u00a0 Esto quiere decir que\u00a0 las presiones para que las pensiones no suban m\u00e1s del 0,25% van a estar ah\u00ed hasta el 2040, salvo que de nuevo se produzca un fen\u00f3meno inmigratorio. Por ello, hay que dejar claro que los pensionistas somos todos y que \u00a0el Sistema que tiene defectos tiene que ser apoyado por todos los partidos de forma un\u00e1nime sin\u00a0 tirar cada uno para su lado\u00a0 y\u00a0\u00a0 haciendo evidente que no exista discriminaci\u00f3n en los a\u00f1os venideros. Si a este\u00a0 grupo de expertos formado por profesionales del Derecho Laboral y de la Seguridad Social y por Agentes\u00a0 de la Econom\u00eda\u00a0 y del mundo del trabajo se le faculta para ejercitar medidas contundentes para salir\u00a0 de esta situaci\u00f3n todos tenemos que aceptar tanto los pros como los contra que ello conllevar\u00eda, pero siempre pensando en el futuro y en la financiaci\u00f3n a trav\u00e9s del sistema de reparto. Luego, tras una estrategia\u00a0 bien fundamentada y dando a conocer a la poblaci\u00f3n de la importancia y de la dimensi\u00f3n del problema y haci\u00e9ndoles ver\u00a0 a los trabajadores el importe de su pensi\u00f3n futura seguro\u00a0 que dar\u00e1 estabilidad, pues si quienes se van a jubilar conocen claramente la pensi\u00f3n que les va a quedar dentro de 10 \u00f3 15 a\u00f1os ello\u00a0 dar\u00e1 reposo a quienes trabajan y\u00a0 dar\u00e1 tranquilidad a quienes llevan cotizando toda su vida y a quienes a\u00f1os antes de la jubilaci\u00f3n han mermado sus cotizaciones\u00a0 porque al final de su\u00a0 vida laboral la situaci\u00f3n econ\u00f3mica ha sido regresiva, penalizando as\u00ed la futura pensi\u00f3n que pudiera quedarle, lo que\u00a0 hace inseguro todo el Sistema P\u00fablico de Pensiones y, por tanto, una vez m\u00e1s se demuestra que los pensionistas somos todos.<\/p>\n<p>&nbsp;<\/p>\n","protected":false},"excerpt":{"rendered":"<p>\u00a0\u00a0\u00a0\u00a0\u00a0\u00a0\u00a0\u00a0 En las pasadas elecciones ning\u00fan Partido Pol\u00edtico ha sabido dar soluciones tajantes y precisas para que las pensiones del futuro\u00a0 sean una asignatura que transmita tranquilidad y que\u00a0 no sea como\u00a0 hasta ahora, una moneda de cambio para inquietar, deslucir\u00a0 o alterar la conciencia de todos los espa\u00f1oles con respecto al futuro de las [&hellip;]<\/p>\n","protected":false},"author":1,"featured_media":0,"comment_status":"open","ping_status":"open","sticky":false,"template":"","format":"standard","meta":{"footnotes":""},"categories":[3],"tags":[],"class_list":["post-2240","post","type-post","status-publish","format-standard","hentry","category-vida-profesional"],"_links":{"self":[{"href":"https:\/\/elblogdejoseblasfernandez.com\/index.php?rest_route=\/wp\/v2\/posts\/2240","targetHints":{"allow":["GET"]}}],"collection":[{"href":"https:\/\/elblogdejoseblasfernandez.com\/index.php?rest_route=\/wp\/v2\/posts"}],"about":[{"href":"https:\/\/elblogdejoseblasfernandez.com\/index.php?rest_route=\/wp\/v2\/types\/post"}],"author":[{"embeddable":true,"href":"https:\/\/elblogdejoseblasfernandez.com\/index.php?rest_route=\/wp\/v2\/users\/1"}],"replies":[{"embeddable":true,"href":"https:\/\/elblogdejoseblasfernandez.com\/index.php?rest_route=%2Fwp%2Fv2%2Fcomments&post=2240"}],"version-history":[{"count":1,"href":"https:\/\/elblogdejoseblasfernandez.com\/index.php?rest_route=\/wp\/v2\/posts\/2240\/revisions"}],"predecessor-version":[{"id":2244,"href":"https:\/\/elblogdejoseblasfernandez.com\/index.php?rest_route=\/wp\/v2\/posts\/2240\/revisions\/2244"}],"wp:attachment":[{"href":"https:\/\/elblogdejoseblasfernandez.com\/index.php?rest_route=%2Fwp%2Fv2%2Fmedia&parent=2240"}],"wp:term":[{"taxonomy":"category","embeddable":true,"href":"https:\/\/elblogdejoseblasfernandez.com\/index.php?rest_route=%2Fwp%2Fv2%2Fcategories&post=2240"},{"taxonomy":"post_tag","embeddable":true,"href":"https:\/\/elblogdejoseblasfernandez.com\/index.php?rest_route=%2Fwp%2Fv2%2Ftags&post=2240"}],"curies":[{"name":"wp","href":"https:\/\/api.w.org\/{rel}","templated":true}]}}