{"id":2249,"date":"2016-07-22T09:50:34","date_gmt":"2016-07-22T07:50:34","guid":{"rendered":"http:\/\/elblogdejoseblasfernandez.com\/?p=2249"},"modified":"2016-07-22T09:50:34","modified_gmt":"2016-07-22T07:50:34","slug":"las-pensiones-la-polemica-que-no-cesa","status":"publish","type":"post","link":"https:\/\/elblogdejoseblasfernandez.com\/?p=2249","title":{"rendered":"LAS PENSIONES: LA POL\u00c9MICA QUE NO CESA"},"content":{"rendered":"<p style=\"text-align: justify;\">Inserto en mi blog un interesante articulo escrito por mi compa\u00f1ero y amigo, <strong>Enrique Garc\u00eda Tom\u00e1s<\/strong>, Graduado Social con despacho en Zaragoza\u00a0 y Ex-Secretario General del Consejo General de Graduados Sociales de Espa\u00f1a que ha salido publicado en \u00abEl Derecho.com\u00bb. Espero os guste y os despierte\u00a0 la curiosidad, ya que\u00a0 es un tema candente\u00a0 y\u00a0 siempre preocupante.:<\/p>\n<p style=\"text-align: justify;\">\n<p style=\"text-align: justify;\"><em>\u00a0\u00a0\u00a0\u00a0 \u201cTras el pellizco que para pagar la mensualidad extraordinaria de las pensiones se ha tenido que dar al fondo de reserva de las mismas, vuelve la pol\u00e9mica de la reforma de nuestro sistema de protecci\u00f3n social. Se apuntan algunas posibles medidas que van desde aumentar el porcentaje de las cotizaciones a reducir los importes de las prestaciones, o crear un nuevo impuesto que ayudase a su financiaci\u00f3n. Pero todas tienen inconvenientes. Aumentar el porcentaje de las cotizaciones ser\u00eda contraproducente para la creaci\u00f3n de empleo y para el mantenimiento de peque\u00f1as empresas, que necesitan incluso que les fuera reducido el actual. Cosa, esta \u00faltima (bajar las cotizaciones) que obligar\u00eda a mayor financiaci\u00f3n v\u00eda impuestos, lo cual podr\u00eda hacerse si el ahorro que con ello tuvieran las empresas lo convirtieran en una mayor salario de sus empleados. As\u00ed el coste de la producci\u00f3n vendr\u00eda a ser el mismo, pero los trabajadores tendr\u00edan mayor poder adquisitivo y consumir\u00edan m\u00e1s dando ocasi\u00f3n de m\u00e1s trabajo para las industrias, a la vez que el Estado recaudar\u00eda m\u00e1s impuestos indirectos para poder dedicar en sus presupuestos mayor partida para la Seguridad Social, cuya recaudaci\u00f3n, adem\u00e1s, no se reducir\u00eda mucho, pues el menor porcentaje de cotizaci\u00f3n se aplicar\u00eda sobre salarios m\u00e1s altos. De manera que el coste social para las empresas ser\u00eda como el actual pero, como queda escrito, su producci\u00f3n podr\u00eda aumentar. Con la reducci\u00f3n de cotizaciones, adem\u00e1s, se pod\u00edan eliminar algunas bonificaciones que existen en las actuales encaminadas a facilitar la creaci\u00f3n de empleo.<\/em><\/p>\n<p style=\"text-align: justify;\"><em>Tambi\u00e9n se habla de crear un impuesto espec\u00edfico para la financiaci\u00f3n de las pensiones, soluci\u00f3n que no es nueva, pues para la financiaci\u00f3n del R\u00e9gimen Especial Agrario ya se crearon hace muchos a\u00f1os los impuestos sobre el alcohol y el tabaco, a la vez que otro sobre jornadas te\u00f3ricas a los propietarios de tierras de labor. No obstante lo cual, esa idea se podr\u00eda aplicar, sin gravar m\u00e1s a los contribuyentes, pasando parte de lo recaudado por el IRPF a las arcas de la Seguridad Social. Me explico: que parte de las retenciones resultantes de aplicar la Ley del IRPF en los recibos de salarios siguieran su cauce actual (por ejemplo, las resultantes de retribuciones mensuales inferiores a seis mil euros) y el resto a la financiaci\u00f3n del Sistema de Pensiones.<\/em><\/p>\n<p style=\"text-align: justify;\"><em>Otra idea que se baraja es eliminar el tope m\u00e1ximo de cotizaci\u00f3n, situado ahora en 3.642 euros mensuales, pero eso no ser\u00eda entendible por quienes tienen salarios m\u00e1s altos y saben que, aun cotizando por mucho m\u00e1s que ahora, la pensi\u00f3n m\u00e1xima que podr\u00edan obtener ser\u00eda muy inferior a la base reguladora de la misma. Aparte de que la gran parte de las cotizaciones que se pagasen ir\u00edan a cargo de las empresas, perjudicando la econom\u00eda de \u00e9stas. Por lo que ser\u00eda m\u00e1s aceptable para los mismos la soluci\u00f3n ya apuntada de que parte de lo que se les retiene del salario fuera a incrementar lo reservado para pensiones y as\u00ed tener m\u00e1s esperanza de que el futuro de \u00e9stas no peligra. Y la que debe desecharse totalmente, al menos por ahora, es la reducci\u00f3n del importe de las pensiones iniciales, pues ya est\u00e1 previsto que eso ocurra a partir de 2019, cuando en el c\u00e1lculo de las mismas se aplique el factor de expectativa de vida del beneficiario.<\/em><\/p>\n<p style=\"text-align: justify;\"><em>Lo que s\u00ed podr\u00eda plantearse es congelar el tope m\u00e1ximo de pensi\u00f3n durante varios a\u00f1os, como ya ocurri\u00f3 a partir de la Ley de medidas urgentes para la racionalizaci\u00f3n de la estructura y de la acci\u00f3n protectora de la Seguridad Social, que entr\u00f3 en vigor el d\u00eda 1 de agosto de 1985, siendo la reforma m\u00e1s importante hecha en el sistema. Y lo que parece muy razonable es que las pensiones derivadas de la muerte del causante de las mismas sean financiadas v\u00eda impuestos, especialmente porque las modificaciones que por conveniencia pol\u00edtica se han hecho en su normativa respecto a la que motiv\u00f3 su creaci\u00f3n constituye un importante desembolso en el presupuesto del sistema\u201d.<\/em><\/p>\n<p><em>\u00a0<\/em><\/p>\n","protected":false},"excerpt":{"rendered":"<p>Inserto en mi blog un interesante articulo escrito por mi compa\u00f1ero y amigo, Enrique Garc\u00eda Tom\u00e1s, Graduado Social con despacho en Zaragoza\u00a0 y Ex-Secretario General del Consejo General de Graduados Sociales de Espa\u00f1a que ha salido publicado en \u00abEl Derecho.com\u00bb. Espero os guste y os despierte\u00a0 la curiosidad, ya que\u00a0 es un tema candente\u00a0 y\u00a0 [&hellip;]<\/p>\n","protected":false},"author":1,"featured_media":0,"comment_status":"open","ping_status":"open","sticky":false,"template":"","format":"standard","meta":{"footnotes":""},"categories":[3],"tags":[],"class_list":["post-2249","post","type-post","status-publish","format-standard","hentry","category-vida-profesional"],"_links":{"self":[{"href":"https:\/\/elblogdejoseblasfernandez.com\/index.php?rest_route=\/wp\/v2\/posts\/2249","targetHints":{"allow":["GET"]}}],"collection":[{"href":"https:\/\/elblogdejoseblasfernandez.com\/index.php?rest_route=\/wp\/v2\/posts"}],"about":[{"href":"https:\/\/elblogdejoseblasfernandez.com\/index.php?rest_route=\/wp\/v2\/types\/post"}],"author":[{"embeddable":true,"href":"https:\/\/elblogdejoseblasfernandez.com\/index.php?rest_route=\/wp\/v2\/users\/1"}],"replies":[{"embeddable":true,"href":"https:\/\/elblogdejoseblasfernandez.com\/index.php?rest_route=%2Fwp%2Fv2%2Fcomments&post=2249"}],"version-history":[{"count":1,"href":"https:\/\/elblogdejoseblasfernandez.com\/index.php?rest_route=\/wp\/v2\/posts\/2249\/revisions"}],"predecessor-version":[{"id":2251,"href":"https:\/\/elblogdejoseblasfernandez.com\/index.php?rest_route=\/wp\/v2\/posts\/2249\/revisions\/2251"}],"wp:attachment":[{"href":"https:\/\/elblogdejoseblasfernandez.com\/index.php?rest_route=%2Fwp%2Fv2%2Fmedia&parent=2249"}],"wp:term":[{"taxonomy":"category","embeddable":true,"href":"https:\/\/elblogdejoseblasfernandez.com\/index.php?rest_route=%2Fwp%2Fv2%2Fcategories&post=2249"},{"taxonomy":"post_tag","embeddable":true,"href":"https:\/\/elblogdejoseblasfernandez.com\/index.php?rest_route=%2Fwp%2Fv2%2Ftags&post=2249"}],"curies":[{"name":"wp","href":"https:\/\/api.w.org\/{rel}","templated":true}]}}