{"id":2277,"date":"2016-09-05T19:56:14","date_gmt":"2016-09-05T17:56:14","guid":{"rendered":"http:\/\/elblogdejoseblasfernandez.com\/?p=2277"},"modified":"2016-09-05T19:56:45","modified_gmt":"2016-09-05T17:56:45","slug":"de-diarrea-legislativa-a-estrenimiento-institucional","status":"publish","type":"post","link":"https:\/\/elblogdejoseblasfernandez.com\/?p=2277","title":{"rendered":"DE DIARREA LEGISLATIVA A ESTRE\u00d1IMIENTO INSTITUCIONAL"},"content":{"rendered":"<p style=\"text-align: justify;\"><strong>\u00a0\u00a0\u00a0\u00a0\u00a0\u00a0\u00a0\u00a0\u00a0\u00a0\u00a0\u00a0 <\/strong>En la X Legislatura que acab\u00f3 en el 2015, las Cortes Generales aprobaron 244 leyes en cuatro a\u00f1os, pues\u00a0 esta Legislatura fue completa en este periodo, siendo lo legislado superior a lo\u00a0 tramitado en \u00a0las Legislaturas VIII y IX, pues en ambas se aprobaron\u00a0 47 y 25\u00a0 leyes menos, respectivamente, siendo la\u00a0 media de cada 5 d\u00edas una Ley, no olvidando que hasta el mes de Agosto de 2015 fue h\u00e1bil para\u00a0 aprobar algunas\u00a0 leyes, \u00a0cosa que no ocurr\u00eda hacia a\u00f1os y el Gobierno contest\u00f3 a Diputados y Senadores\u00a0 un montante de \u00a0162.037 preguntas, es decir, toda una diarrea legislativa que ha supuesto infinidad de cambios en nuestro ordenamiento jur\u00eddico y que \u00a0los despachos\u00a0 profesionales de los operadores jur\u00eddicos se han visto desbordados ante tantos cambios y tantas interpretaciones que los Tribunales de Justicia\u00a0 han realizado, sin olvidar al Tribunal Constitucional que ha validado\u00a0 o anulado, a trav\u00e9s de\u00a0 los correspondientes recursos, \u00a0otras muchas leyes puestas en vigor. En resumen, ha llovido a gusto de todos o a\u00a0 disgusto de muchos, pero lo que no ha podido nadie discutir ha sido el trabajo inmenso de las dos C\u00e1maras Legislativas y el trabajo que han llevado a cabo Diputados y Senadores de todos los Grupos Parlamentarios durante la X Legislatura.<\/p>\n<p style=\"text-align: justify;\">\u00a0\u00a0\u00a0\u00a0\u00a0\u00a0\u00a0\u00a0 Sin embargo, no pueden decir \u00a0lo mismo \u00a0los parlamentarios de la XI y XII Legislatura, pues la XI no han hecho ni la \u201co\u201d con un canuto y la XII est\u00e1 por ver a\u00fan, as\u00ed\u00a0 como el \u00a0tiempo que dura, pues se atisba complicada de salir rodando y en el tiempo mucho m\u00e1s, por no\u00a0 haber\u00a0 mayor\u00eda absoluta\u00a0 de ning\u00fan partido o\u00a0\u00a0 grupo pol\u00edtico. Por eso, Espa\u00f1a est\u00e1 parada a cal y canto y el \u201cestre\u00f1imiento legislativo\u201d es palpable, ya que\u00a0 un Gobierno en funciones como este y unos pol\u00edticos que no asisten a ning\u00fan debate legislativo es impropio de un Estado de Derecho, lo que conlleva al desprecio de la sociedad civil y \u00a0la impotencia de la ciudadan\u00eda por ver que nada funciona y que se pod\u00eda haber solucionado muchos problemas en estos ocho meses\u00a0\u00a0 m\u00e1s de \u201cvacaciones legislativas\u201d.<\/p>\n<p style=\"text-align: justify;\">\n<p style=\"text-align: justify;\">\u00a0\u00a0\u00a0\u00a0\u00a0\u00a0\u00a0\u00a0 Hay quien opina\u00a0 que los parlamentarios no deber\u00edan cobrar hasta tanto\u00a0 no se forme gobierno o que solo actuase la Diputaci\u00f3n Permanente de cada C\u00e1mara, cosa que\u00a0 legalmente es imposible, salvo que se modifique la Ley, pero algo hay que hacer, pues en estos momentos Europa va por\u00a0 libre\u00a0 sin Espa\u00f1a, los Ayuntamientos no dan pie con bola, \u00a0sin poder tomar medidas que afecten al conjunto\u00a0 general normativo y las Comunidades Aut\u00f3nomas est\u00e1n a la espera de que se les solucione\u00a0 problemas econ\u00f3micos que\u00a0 nadie puede afrontarlos\u00a0 por esa figura del Gobierno en\u00a0 funciones.<\/p>\n<p style=\"text-align: justify;\">\u00a0\u00a0\u00a0\u00a0\u00a0\u00a0\u00a0\u00a0 Hay desesperanza y rabia por todo lo que est\u00e1 ocurriendo, pues \u00a0el inter\u00e9s\u00a0 de Espa\u00f1a est\u00e1 por encima de todo o as\u00ed deber\u00eda ser, pero\u00a0 muchos pol\u00edticos prefieren que su \u201cpesebre\u201d no se acabe antes de\u00a0 ponerse de acuerdo para que Espa\u00f1a no vuelva a caer en recesi\u00f3n y el empleo y la econom\u00eda no caigan en un \u00a0barranco de manera \u00a0muy precipitada. Por ello, menos mal que la sociedad contin\u00faa\u00a0 y trabaja a su aire, pero lo peor es que un d\u00eda se canse y prescinda de los pol\u00edticos y de los partidos, entonces se enterar\u00edan\u00a0 muchos del da\u00f1o que han hecho con actitudes como las que estamos viendo y sufriendo a diario. En estos momentos que se debate\u00a0\u00a0 la formaci\u00f3n de un Gobierno y que se atisba, por la falta de mayor\u00eda absoluta que todo est\u00e1 complicado, \u00a0todo el Parlamento en su conjunto y, por ende, las Cortes Generales, deben\u00a0 mirar el inter\u00e9s general para que con ello, \u00a0aunque sea una Legislatura corta, no se tenga que volver a celebrar elecciones en Diciembre, ya que de hacerse pagaremos muy caro todos en su conjunto y las futuras generaciones la factura\u00a0 que se nos avecina.<\/p>\n<p>&nbsp;<\/p>\n<p>&nbsp;<\/p>\n","protected":false},"excerpt":{"rendered":"<p>\u00a0\u00a0\u00a0\u00a0\u00a0\u00a0\u00a0\u00a0\u00a0\u00a0\u00a0\u00a0 En la X Legislatura que acab\u00f3 en el 2015, las Cortes Generales aprobaron 244 leyes en cuatro a\u00f1os, pues\u00a0 esta Legislatura fue completa en este periodo, siendo lo legislado superior a lo\u00a0 tramitado en \u00a0las Legislaturas VIII y IX, pues en ambas se aprobaron\u00a0 47 y 25\u00a0 leyes menos, respectivamente, siendo la\u00a0 media de [&hellip;]<\/p>\n","protected":false},"author":1,"featured_media":0,"comment_status":"open","ping_status":"open","sticky":false,"template":"","format":"standard","meta":{"footnotes":""},"categories":[1,3],"tags":[],"class_list":["post-2277","post","type-post","status-publish","format-standard","hentry","category-sin-categoria","category-vida-profesional"],"_links":{"self":[{"href":"https:\/\/elblogdejoseblasfernandez.com\/index.php?rest_route=\/wp\/v2\/posts\/2277","targetHints":{"allow":["GET"]}}],"collection":[{"href":"https:\/\/elblogdejoseblasfernandez.com\/index.php?rest_route=\/wp\/v2\/posts"}],"about":[{"href":"https:\/\/elblogdejoseblasfernandez.com\/index.php?rest_route=\/wp\/v2\/types\/post"}],"author":[{"embeddable":true,"href":"https:\/\/elblogdejoseblasfernandez.com\/index.php?rest_route=\/wp\/v2\/users\/1"}],"replies":[{"embeddable":true,"href":"https:\/\/elblogdejoseblasfernandez.com\/index.php?rest_route=%2Fwp%2Fv2%2Fcomments&post=2277"}],"version-history":[{"count":1,"href":"https:\/\/elblogdejoseblasfernandez.com\/index.php?rest_route=\/wp\/v2\/posts\/2277\/revisions"}],"predecessor-version":[{"id":2281,"href":"https:\/\/elblogdejoseblasfernandez.com\/index.php?rest_route=\/wp\/v2\/posts\/2277\/revisions\/2281"}],"wp:attachment":[{"href":"https:\/\/elblogdejoseblasfernandez.com\/index.php?rest_route=%2Fwp%2Fv2%2Fmedia&parent=2277"}],"wp:term":[{"taxonomy":"category","embeddable":true,"href":"https:\/\/elblogdejoseblasfernandez.com\/index.php?rest_route=%2Fwp%2Fv2%2Fcategories&post=2277"},{"taxonomy":"post_tag","embeddable":true,"href":"https:\/\/elblogdejoseblasfernandez.com\/index.php?rest_route=%2Fwp%2Fv2%2Ftags&post=2277"}],"curies":[{"name":"wp","href":"https:\/\/api.w.org\/{rel}","templated":true}]}}