{"id":2283,"date":"2016-09-09T14:10:37","date_gmt":"2016-09-09T12:10:37","guid":{"rendered":"http:\/\/elblogdejoseblasfernandez.com\/?p=2283"},"modified":"2016-09-09T14:10:37","modified_gmt":"2016-09-09T12:10:37","slug":"campo-de-gibraltar-lugar-donde-llega-tarde-la-justicia","status":"publish","type":"post","link":"https:\/\/elblogdejoseblasfernandez.com\/?p=2283","title":{"rendered":"CAMPO DE GIBRALTAR: LUGAR DONDE LLEGA TARDE LA JUSTICIA"},"content":{"rendered":"<p style=\"text-align: justify;\">\u00a0Primer polo Industrial de Andaluc\u00eda y primer puerto de Espa\u00f1a en tr\u00e1fico de contenedores. Destino tur\u00edstico de excelencia gracias a sus recursos naturales y litoral. Frontera de Europa con \u00c1frica y el Pe\u00f1\u00f3n. Una poblaci\u00f3n din\u00e1mica de casi 300.000 habitantes que fluyen con el resto de comarcas de la provincia de C\u00e1diz, a trav\u00e9s de la vertebradora autov\u00eda de Los Alcornocales y la Costa del Sol. Un empresariado tremendamente activo de pymes y micropymes que proveen a las grandes industrias, comercio, servicios, log\u00edstica y un mundo del trabajo de grandes especialistas. Hablamos del Campo de Gibraltar, uno de los territorios m\u00e1s pujantes de Andaluc\u00eda, un puntal para la recuperaci\u00f3n econ\u00f3mica y la creaci\u00f3n de empleo que tiene en sus infraestructuras judiciales un problema de desfase respecto a los recursos que demanda la sociedad.<\/p>\n<p style=\"text-align: justify;\">Hablamos desde el Colegio Oficial de Graduados Sociales de C\u00e1diz y Ceuta haci\u00e9ndonos eco de las demandas de nuestros profesionales del Derecho en el Campo de Gibraltar y de la insatisfacci\u00f3n que genera, entre los operadores jur\u00eddicos, \u00a0los propios ciudadanos y usuarios de la Justicia, \u00a0la falta de recursos en el \u00fanico Juzgado de lo Social existente en Algeciras, totalmente \u00a0insuficiente para atender el ritmo de trabajo que exige la estructura econ\u00f3mica y social \u00a0que he resumido al principio.<\/p>\n<p style=\"text-align: justify;\">\n<p>Nuestro Colegio profesional viene denunciando las carencias \u00a0que posee la Jurisdicci\u00f3n del Orden Social \u00a0y reiterando la \u00a0imperiosa necesidad de contar urgentemente con un segundo Juzgado de lo Social, todo \u00a0en l\u00ednea \u00a0y haciendo una pi\u00f1a con el resto de los operadores jur\u00eddicos, sin olvidar\u00a0 las empresas, trabajadores, \u00a0sindicatos y pensionistas de la Seguridad Social, en todo su \u00e1mbito, que se encuentran afectados por la lentitud de las resoluciones judiciales que como es natural\u00a0 producen un caos por su tardanza\u00a0\u00a0 para ser resueltas, pues un solo \u00f3rgano jurisdiccional es incapaz de absorber tantas demandas y, por consiguiente, se olvidan los poderes p\u00fablicos que en el Campo de Gibraltar llega tarde la Justicia. Es m\u00e1s, hay pensiones de jubilaci\u00f3n pendientes de resolverse, de viudedad, de orfandad, invalideces, despidos, declaraci\u00f3n de derechos, reclamaciones de salarios, etc., que por lo visto\u00a0 sit\u00faan a esta comarca en una situaci\u00f3n totalmente\u00a0 de inferioridad \u00a0respecto del resto de otras poblaciones lim\u00edtrofes.<\/p>\n<p style=\"text-align: justify;\">El Colegio Oficial de Graduados Sociales de C\u00e1diz y Ceuta que presido reivindica constantemente que se cumplan con los anuncios realizados por la Junta de Andaluc\u00eda. El \u00faltimo de ellos, en la sede del Parlamento de Andaluc\u00eda a cargo del mism\u00edsimo Consejero de Justicia e Interior de la Junta, quien asegur\u00f3, hace ahora un a\u00f1o, \u00a0\u201cla inminente puesta en marcha del Juzgado n\u00famero 2 de lo Social en Algeciras\u201d. Palabras que se lleva el fuerte viento del Campo de Gibraltar, que quedan en papel mojado y que nunca se plasman en resoluci\u00f3n o dotaci\u00f3n presupuestaria ni \u00a0en ejecuci\u00f3n de ning\u00fan tipo, mientras la situaci\u00f3n del \u00fanico juzgado existente en la comarca es de bloqueo debido a la acumulaci\u00f3n de casos pendientes que, \u00a0a veces, \u00a0sobrepasa los dos a\u00f1os para la vista de un juicio, queriendo desde aqu\u00ed felicitar\u00a0 y poner en valor la gran profesionalidad de los Magistrados, Letrados de la Administracion de Justicia, tanto titulares como de apoyo y funcionarios que han pasado y est\u00e1n al pie del ca\u00f1\u00f3n haciendo frente a tantas adversidades.<\/p>\n<p style=\"text-align: justify;\">Desde este Colegio hemos apoyado todo tipo de gestiones y tambi\u00e9n de reivindicaciones como las recientes concentraciones en las puertas de los Juzgados algecire\u00f1os. Desde nuestra Junta de Gobierno se han enviado a las distintas administraciones requerimientos y denuncias alertando de las p\u00e9simas condiciones de trabajo de Magistrados, funcionarios y profesionales, lo que redunda en una mala atenci\u00f3n hacia el justiciable a los que todos servimos, tanto desde el lado de las empresas, de los trabajadores y pensionistas de la Seguridad Social.<\/p>\n<p style=\"text-align: justify;\">\u00a0Nos hemos dirigido al Consejero y tambi\u00e9n al Ministro de Justicia y al Presidente del Tribunal Superior de Justicia de Andaluc\u00eda, el cual se ha mostrado sensible a nuestra petici\u00f3n, pero en este caso, el Consejo General del Poder Judicial es el \u00f3rgano que tiene que designar al titular del nuevo Juzgado y \u00a0la Junta de Andaluc\u00eda responder oportunamente\u00a0 con una \u00a0dotaci\u00f3n de personal de apoyo y las infraestructuras \u00a0para esa segunda sede judicial, sin que hasta el momento exista un atisbo de ello.<\/p>\n<p style=\"text-align: justify;\">No hay tiempo que perder. El buen momento que se otea en el horizonte para la recuperaci\u00f3n econ\u00f3mica en el Campo de Gibraltar tiene que estar acompa\u00f1ado de todos los servicios y mecanismos de soporte de la administraci\u00f3n para que el crecimiento no var\u00ede su ritmo y de esta manera, con el asesoramiento jur\u00eddico de nuestros profesionales y otros, la Justicia no ser\u00e1 lenta y llegar\u00e1 oportunamente, porque una Justicia tard\u00eda no es Justicia.<\/p>\n<p style=\"text-align: justify;\">En resumen, el dinamismo del Campo de Gibraltar no puede seguir ni un d\u00eda m\u00e1s chocando con la realidad de una Justicia de lo Social lenta e infradotada, todo ello, de espaldas a un movimiento econ\u00f3mico que si no se agita, la recesi\u00f3n y la involuci\u00f3n del sistema har\u00e1 que otros nos orillen y perdamos no s\u00f3lo\u00a0 el espacio en el que nos encontramos, sino el abandono de los poderes econ\u00f3micos, con el efecto multiplicador de perdernos todos.<\/p>\n<p style=\"text-align: justify;\">\u00a0Desde aqu\u00ed, denuncio p\u00fablicamente\u00a0 la necesidad de un segundo Juzgado de lo Social en Algeciras que seguro estoy tambi\u00e9n lo est\u00e1n\u00a0 pidiendo otros colectivos del mundo del Derecho.<\/p>\n","protected":false},"excerpt":{"rendered":"<p>\u00a0Primer polo Industrial de Andaluc\u00eda y primer puerto de Espa\u00f1a en tr\u00e1fico de contenedores. Destino tur\u00edstico de excelencia gracias a sus recursos naturales y litoral. Frontera de Europa con \u00c1frica y el Pe\u00f1\u00f3n. Una poblaci\u00f3n din\u00e1mica de casi 300.000 habitantes que fluyen con el resto de comarcas de la provincia de C\u00e1diz, a trav\u00e9s de [&hellip;]<\/p>\n","protected":false},"author":1,"featured_media":0,"comment_status":"open","ping_status":"open","sticky":false,"template":"","format":"standard","meta":{"footnotes":""},"categories":[1],"tags":[],"class_list":["post-2283","post","type-post","status-publish","format-standard","hentry","category-sin-categoria"],"_links":{"self":[{"href":"https:\/\/elblogdejoseblasfernandez.com\/index.php?rest_route=\/wp\/v2\/posts\/2283","targetHints":{"allow":["GET"]}}],"collection":[{"href":"https:\/\/elblogdejoseblasfernandez.com\/index.php?rest_route=\/wp\/v2\/posts"}],"about":[{"href":"https:\/\/elblogdejoseblasfernandez.com\/index.php?rest_route=\/wp\/v2\/types\/post"}],"author":[{"embeddable":true,"href":"https:\/\/elblogdejoseblasfernandez.com\/index.php?rest_route=\/wp\/v2\/users\/1"}],"replies":[{"embeddable":true,"href":"https:\/\/elblogdejoseblasfernandez.com\/index.php?rest_route=%2Fwp%2Fv2%2Fcomments&post=2283"}],"version-history":[{"count":1,"href":"https:\/\/elblogdejoseblasfernandez.com\/index.php?rest_route=\/wp\/v2\/posts\/2283\/revisions"}],"predecessor-version":[{"id":2288,"href":"https:\/\/elblogdejoseblasfernandez.com\/index.php?rest_route=\/wp\/v2\/posts\/2283\/revisions\/2288"}],"wp:attachment":[{"href":"https:\/\/elblogdejoseblasfernandez.com\/index.php?rest_route=%2Fwp%2Fv2%2Fmedia&parent=2283"}],"wp:term":[{"taxonomy":"category","embeddable":true,"href":"https:\/\/elblogdejoseblasfernandez.com\/index.php?rest_route=%2Fwp%2Fv2%2Fcategories&post=2283"},{"taxonomy":"post_tag","embeddable":true,"href":"https:\/\/elblogdejoseblasfernandez.com\/index.php?rest_route=%2Fwp%2Fv2%2Ftags&post=2283"}],"curies":[{"name":"wp","href":"https:\/\/api.w.org\/{rel}","templated":true}]}}