{"id":2291,"date":"2016-09-19T18:28:18","date_gmt":"2016-09-19T16:28:18","guid":{"rendered":"http:\/\/elblogdejoseblasfernandez.com\/?p=2291"},"modified":"2016-09-19T18:29:04","modified_gmt":"2016-09-19T16:29:04","slug":"jornada-sobre-la-nueva-ley-de-procedimiento-administrativo","status":"publish","type":"post","link":"https:\/\/elblogdejoseblasfernandez.com\/?p=2291","title":{"rendered":"JORNADA SOBRE LA NUEVA LEY DE PROCEDIMIENTO ADMINISTRATIVO"},"content":{"rendered":"<p style=\"text-align: justify;\">\u00a0\u00a0 \u00a0\u00a0\u00a0\u00a0\u00a0<strong>El pr\u00f3ximo 4 de Octubre<\/strong> (martes) y en\u00a0 el sal\u00f3n del Edificio Heracles, en la Zona Franca de C\u00e1diz, se celebrar\u00e1 (D.M.) por el <strong>Excmo. Colegio Oficial de Graduados Sociales de C\u00e1diz<\/strong>, un importante encuentro\u00a0 para llevar a cabo una <strong>Jornada sobre la nueva Ley 39\/2015, de 1 de octubre, del procedimiento administrativo com\u00fan de las administraciones p\u00fablicas<\/strong>, que viene a modificar gran parte de la Ley 30\/1992, de 26 de Noviembre, que durante m\u00e1s de 20 a\u00f1os hemos estado teniendo como herramienta\u00a0 de trabajo entre el administrado y la administraci\u00f3n y que\u00a0 a los profesionales\u00a0 del Derecho, \u00a0como son los Graduados Sociales, faculta para obrar mejor\u00a0 en el \u00e1mbito del Derecho Administrativo.<\/p>\n<p style=\"text-align: justify;\">\u00a0\u00a0\u00a0\u00a0\u00a0\u00a0\u00a0\u00a0 Esta Ley, \u00a0que entra en vigor el 2 de octubre pr\u00f3ximo y que sali\u00f3 publicada el pasado 2 de Octubre de 2015 (BOE n\u00ba \u00a0236), tiene connotaciones muy importantes, \u00a0pues hace previsiones relativas al registro electr\u00f3nico de apoderamientos, registro electr\u00f3nico, registro de empleados p\u00fablicos habilitados, punto de acceso general electr\u00f3nico de la administraci\u00f3n y archivo \u00fanico electr\u00f3nico que\u00a0 producir\u00e1 efectos a los dos a\u00f1os de la entrada en vigor de la misma, sin olvidar la bater\u00eda de normas que se derogan \u00a0y muy especialmente art\u00edculos\u00a0 de la Ley 36\/2011, de 10 de Octubre, reguladora de la Jurisdicci\u00f3n Social.<\/p>\n<p style=\"text-align: justify;\">\u00a0\u00a0\u00a0\u00a0\u00a0\u00a0\u00a0 La jornada contar\u00e1 con dos magn\u00edficos\u00a0\u00a0 y prestigiosos ponentes, \u00a0uno <strong>Magistrado de la Sala de lo Contencioso del TSJ de Sevilla<\/strong>, <strong><u>Pedro Luis Roas Mart\u00edn<\/u><\/strong>, y\u00a0 otro, un <strong>Catedr\u00e1tico de Derecho Administrativo<\/strong>, <strong><u>Eduardo Gamero Casado<\/u><\/strong>, \u00a0los cuales van a distribuirse durante la jornada\u00a0 todo este conglomerado que reforma el procedimiento administrativo \u00a0y que es trascendental para los profesionales del Derecho.<\/p>\n","protected":false},"excerpt":{"rendered":"<p>\u00a0\u00a0 \u00a0\u00a0\u00a0\u00a0\u00a0El pr\u00f3ximo 4 de Octubre (martes) y en\u00a0 el sal\u00f3n del Edificio Heracles, en la Zona Franca de C\u00e1diz, se celebrar\u00e1 (D.M.) por el Excmo. Colegio Oficial de Graduados Sociales de C\u00e1diz, un importante encuentro\u00a0 para llevar a cabo una Jornada sobre la nueva Ley 39\/2015, de 1 de octubre, del procedimiento administrativo com\u00fan [&hellip;]<\/p>\n","protected":false},"author":1,"featured_media":0,"comment_status":"open","ping_status":"open","sticky":false,"template":"","format":"standard","meta":{"footnotes":""},"categories":[1],"tags":[],"class_list":["post-2291","post","type-post","status-publish","format-standard","hentry","category-sin-categoria"],"_links":{"self":[{"href":"https:\/\/elblogdejoseblasfernandez.com\/index.php?rest_route=\/wp\/v2\/posts\/2291","targetHints":{"allow":["GET"]}}],"collection":[{"href":"https:\/\/elblogdejoseblasfernandez.com\/index.php?rest_route=\/wp\/v2\/posts"}],"about":[{"href":"https:\/\/elblogdejoseblasfernandez.com\/index.php?rest_route=\/wp\/v2\/types\/post"}],"author":[{"embeddable":true,"href":"https:\/\/elblogdejoseblasfernandez.com\/index.php?rest_route=\/wp\/v2\/users\/1"}],"replies":[{"embeddable":true,"href":"https:\/\/elblogdejoseblasfernandez.com\/index.php?rest_route=%2Fwp%2Fv2%2Fcomments&post=2291"}],"version-history":[{"count":2,"href":"https:\/\/elblogdejoseblasfernandez.com\/index.php?rest_route=\/wp\/v2\/posts\/2291\/revisions"}],"predecessor-version":[{"id":2294,"href":"https:\/\/elblogdejoseblasfernandez.com\/index.php?rest_route=\/wp\/v2\/posts\/2291\/revisions\/2294"}],"wp:attachment":[{"href":"https:\/\/elblogdejoseblasfernandez.com\/index.php?rest_route=%2Fwp%2Fv2%2Fmedia&parent=2291"}],"wp:term":[{"taxonomy":"category","embeddable":true,"href":"https:\/\/elblogdejoseblasfernandez.com\/index.php?rest_route=%2Fwp%2Fv2%2Fcategories&post=2291"},{"taxonomy":"post_tag","embeddable":true,"href":"https:\/\/elblogdejoseblasfernandez.com\/index.php?rest_route=%2Fwp%2Fv2%2Ftags&post=2291"}],"curies":[{"name":"wp","href":"https:\/\/api.w.org\/{rel}","templated":true}]}}