{"id":2295,"date":"2016-09-28T19:08:15","date_gmt":"2016-09-28T17:08:15","guid":{"rendered":"http:\/\/elblogdejoseblasfernandez.com\/?p=2295"},"modified":"2016-09-28T19:08:15","modified_gmt":"2016-09-28T17:08:15","slug":"la-vulneracion-del-derecho-al-honor-tambien-se-resuelve-en-la-jurisdiccion-social","status":"publish","type":"post","link":"https:\/\/elblogdejoseblasfernandez.com\/?p=2295","title":{"rendered":"LA VULNERACI\u00d3N DEL DERECHO AL  HONOR TAMBI\u00c9N SE RESUELVE EN LA JURISDICCI\u00d3N SOCIAL."},"content":{"rendered":"<p>\u00a0\u00a0\u00a0\u00a0\u00a0\u00a0\u00a0 Por la <strong>Sala de lo Social del Tribunal Superior de Justicia de Madrid<\/strong> se ha dictado una interesante <strong>Sentencia de fecha 23 de Mayo de 2016<\/strong> que confirma a la vez\u00a0 la dictada por\u00a0 un Juzgado de lo Social, el cual considera que <strong>un trabajador vulner\u00f3 el derecho fundamental al honor y a la propia imagen del directivo\u00a0 de su empresa<\/strong>,\u00a0 condenando inclusive a dicho trabajador a publicar a su costa la Sentencia\u00a0 en un\u00a0 diario local y as\u00ed mismo impone una multa a \u00e9ste de 500 euros en concepto de indemnizaci\u00f3n.<\/p>\n<p style=\"text-align: justify;\">\u00a0\u00a0\u00a0\u00a0\u00a0\u00a0\u00a0\u00a0 Los hechos se produjeron al llevar el trabajador una pancarta en su veh\u00edculo con el siguiente mensaje y la fotograf\u00eda del referido directivo: \u201cDirector imprudente, dimisi\u00f3n inminente\u201d. Estos hechos se correspondieron durante el periodo de\u00a0 una\u00a0 huelga y d\u00edas despu\u00e9s de esta, donde exhibi\u00f3 la fotograf\u00eda del directivo, tanto dentro como fuera del recinto de la empresa.<\/p>\n<p>&nbsp;<\/p>\n<p style=\"text-align: justify;\">\u00a0\u00a0\u00a0\u00a0\u00a0\u00a0\u00a0\u00a0 La Sentencia recuerda que el Tribunal Constitucional ha se\u00f1alado que la libertad de expresi\u00f3n no est\u00e1 exenta de l\u00edmites y en cuanto al prestigio profesional ha apuntado que \u00a0ello tambi\u00e9n repercute\u00a0 con la\u00a0 limitaci\u00f3n de no dejar en entredicho la imagen de la persona, por lo que\u00a0 es novedosa\u00a0 con respecto a que\u00a0 estas denuncias que suelen dirimirse en la Jurisdicci\u00f3n Civil y Penal, sea en este caso la Social la que ratifique la conducta imprudente de una persona como tal trabajadora.<\/p>\n<p>&nbsp;<\/p>\n<p>Seguidamente cuelgo la Sentencia de la que hablo para quien desee leerla <a href=\"http:\/\/elblogdejoseblasfernandez.com\/wp-content\/uploads\/2016\/09\/document1.pdf\" rel=\"\">document1<\/a><\/p>\n","protected":false},"excerpt":{"rendered":"<p>\u00a0\u00a0\u00a0\u00a0\u00a0\u00a0\u00a0 Por la Sala de lo Social del Tribunal Superior de Justicia de Madrid se ha dictado una interesante Sentencia de fecha 23 de Mayo de 2016 que confirma a la vez\u00a0 la dictada por\u00a0 un Juzgado de lo Social, el cual considera que un trabajador vulner\u00f3 el derecho fundamental al honor y a la [&hellip;]<\/p>\n","protected":false},"author":1,"featured_media":0,"comment_status":"open","ping_status":"open","sticky":false,"template":"","format":"standard","meta":{"footnotes":""},"categories":[3],"tags":[],"class_list":["post-2295","post","type-post","status-publish","format-standard","hentry","category-vida-profesional"],"_links":{"self":[{"href":"https:\/\/elblogdejoseblasfernandez.com\/index.php?rest_route=\/wp\/v2\/posts\/2295","targetHints":{"allow":["GET"]}}],"collection":[{"href":"https:\/\/elblogdejoseblasfernandez.com\/index.php?rest_route=\/wp\/v2\/posts"}],"about":[{"href":"https:\/\/elblogdejoseblasfernandez.com\/index.php?rest_route=\/wp\/v2\/types\/post"}],"author":[{"embeddable":true,"href":"https:\/\/elblogdejoseblasfernandez.com\/index.php?rest_route=\/wp\/v2\/users\/1"}],"replies":[{"embeddable":true,"href":"https:\/\/elblogdejoseblasfernandez.com\/index.php?rest_route=%2Fwp%2Fv2%2Fcomments&post=2295"}],"version-history":[{"count":1,"href":"https:\/\/elblogdejoseblasfernandez.com\/index.php?rest_route=\/wp\/v2\/posts\/2295\/revisions"}],"predecessor-version":[{"id":2298,"href":"https:\/\/elblogdejoseblasfernandez.com\/index.php?rest_route=\/wp\/v2\/posts\/2295\/revisions\/2298"}],"wp:attachment":[{"href":"https:\/\/elblogdejoseblasfernandez.com\/index.php?rest_route=%2Fwp%2Fv2%2Fmedia&parent=2295"}],"wp:term":[{"taxonomy":"category","embeddable":true,"href":"https:\/\/elblogdejoseblasfernandez.com\/index.php?rest_route=%2Fwp%2Fv2%2Fcategories&post=2295"},{"taxonomy":"post_tag","embeddable":true,"href":"https:\/\/elblogdejoseblasfernandez.com\/index.php?rest_route=%2Fwp%2Fv2%2Ftags&post=2295"}],"curies":[{"name":"wp","href":"https:\/\/api.w.org\/{rel}","templated":true}]}}