{"id":2308,"date":"2016-10-11T18:01:02","date_gmt":"2016-10-11T16:01:02","guid":{"rendered":"http:\/\/elblogdejoseblasfernandez.com\/?p=2308"},"modified":"2016-10-11T18:01:02","modified_gmt":"2016-10-11T16:01:02","slug":"cada-vez-habra-menos-vocacion-en-la-politica","status":"publish","type":"post","link":"https:\/\/elblogdejoseblasfernandez.com\/?p=2308","title":{"rendered":"CADA VEZ HABR\u00c1 MENOS VOCACI\u00d3N EN LA POL\u00cdTICA"},"content":{"rendered":"<p style=\"text-align: justify;\"><strong>\u00a0\u00a0\u00a0\u00a0\u00a0\u00a0\u00a0\u00a0 <\/strong>Cuando acab\u00f3 la dictadura y comenzamos los espa\u00f1oles a vivir esa transici\u00f3n pol\u00edtica en la que pusimos todas\u00a0 las esperanzas del cambio, la generaci\u00f3n de la \u00e9poca acogi\u00f3 con deseos esa transici\u00f3n, pero a la vez, con ese miedo propio de quienes vivieron situaciones\u00a0 desafortunadas y de que la libertad\u00a0 pod\u00edamos volver a perderla si no hac\u00edamos las cosas bien.<\/p>\n<p style=\"text-align: justify;\">\u00a0\u00a0\u00a0\u00a0\u00a0\u00a0\u00a0\u00a0 Quienes empezaron a acudir\u00a0 a la pol\u00edtica lo hac\u00edan con cierto respeto, pues\u00a0 siempre la sociedad civil les pasar\u00eda factura de aqu\u00e9l antes y aqu\u00e9l despu\u00e9s que ya era una realidad y\u00a0 acudieron\u00a0 personas con ideales\u00a0\u00a0 de izquierdas\u00a0\u00a0 y de derechas y apareci\u00f3 un centro para que, \u00a0de alguna forma all\u00ed, como un caj\u00f3n desastre, pudiesen entrar quienes no quer\u00edan\u00a0 denominarse de otra manera que no fuera ese\u00a0 tibio nombre. Por eso, empezaron a aflorar partidos pol\u00edticos, unos hist\u00f3ricos de siempre y otros\u00a0 suaves en su discurso y tal vez no convencidos de su final, pero siempre dentro de un marco en el que todos, \u00a0sin excepci\u00f3n fuesen madurando el devenir\u00a0 de lo que se atisbaba y, a la vez,\u00a0 el superarse en todos los proyectos que\u00a0 iban a cambiar Espa\u00f1a. Los Ayuntamientos se llenaron de Concejales de uno u otro color, pero respetuosos, trabajadores, convencidos de la defensa de sus ciudadanos\u00a0 y con un respeto a quien se encontraba enfrente, porque tarde o temprano, tambi\u00e9n algunos har\u00edan ese papel y desde 1979 ser Concejal era un prestigio para quien ostentaba dicho cargo, era un orgullo representar a tu ciudad y era una vocaci\u00f3n de hacer las cosas por los dem\u00e1s y cada uno tambi\u00e9n \u00a0simultaneaba su profesi\u00f3n o trabajo con ese cargo p\u00fablico, porque\u00a0 no se cobraba para poder vivir de la pol\u00edtica y lo que siempre se tuvo claro es que volver luego al finalizar tu mandato, lo era a aqu\u00e9l trabajo que ten\u00edas o a aquella profesi\u00f3n que ejerc\u00edas. Hab\u00eda curriculums brillantes y serios de c\u00f3mo cada miembro corporativo era\u00a0 lo que era, es decir,\u00a0 la profesi\u00f3n que ten\u00eda\u00a0 y se les llenaba la\u00a0 boca\u00a0\u00a0 siempre de \u00a0decir que estaban accidentalmente en esa vida p\u00fablica, pero\u00a0 su trabajo era el sustento de su familia y \u00a0lo que nunca podr\u00edan abandonar; de hecho en mi dilatada vida p\u00fablica he conocido Concejales de todas las profesiones, todas dignas y de trabajos\u00a0 que a veces simultanearlo con la pol\u00edtica te costaba grandes disgustos para tu profesi\u00f3n y tu familia, \u00a0pues en la empresa o\u00a0 en tu colectivo profesional\u00a0 no entend\u00edan c\u00f3mo, \u00a0\u00a0si te gustaba ser pol\u00edtico, \u00a0no dejabas el resto de todo lo tuyo, lo cual era un verdadero sacrificio. Igual\u00a0 ocurr\u00eda en las Cortes Generales, donde grandes profesionales de la medicina, del derecho, de la ingenier\u00eda, del periodismo o del funcionariado \u00a0y de los profesionales de \u00a0oficios se sentaban, \u00a0entre otros, en \u00a0esca\u00f1os siempre para defender \u00a0el inter\u00e9s general de Espa\u00f1a, pero\u00a0 nunca olvidando ni sus or\u00edgenes ni su profesi\u00f3n ni su puesto de trabajo que era lo que, \u00a0en definitiva, \u00a0les hab\u00edan hecho estar\u00a0 en ese sitio y sab\u00edan que en \u00e9l ten\u00edan que terminar su vida laboral.<\/p>\n<p style=\"text-align: justify;\">\u00a0\u00a0\u00a0\u00a0\u00a0\u00a0\u00a0\u00a0 Sin embargo,\u00a0 cu\u00e1ntos pol\u00edticos que agotaban su tiempo o sus mandatos \u00a0y luego volv\u00edan a su vida profesional siempre les quedaban \u00a0el recuerdo del compa\u00f1erismo, del respeto y de la educaci\u00f3n de quienes le acompa\u00f1aron en su trayecto, pese a no pensar como ellos y\u00a0 pese a las l\u00f3gicas y controvertidas disputas, \u00a0siempre dentro del \u00e1mbito pol\u00edtico. Es decir, ser pol\u00edtico era vocacional y no\u00a0 una profesi\u00f3n. Todo lo contrario de lo que est\u00e1 hoy ocurriendo, pues se \u00a0quiere vivir de la pol\u00edtica\u00a0\u00a0 en exclusiva y ya no quieren a los profesionales \u00a0en la pol\u00edtica; \u00a0s\u00f3lo tenemos que ojear el actual panorama existente, pues esto \u00a0ha cambiado por los que,\u00a0 sin ser nada, tienen carisma, imagen y timbre de voz, pero\u00a0 m\u00e1s huecos que una hucha vac\u00eda, pues\u00a0 ni tienen profesi\u00f3n, ni saben estar\u00a0 y\u00a0 en una gran mayor\u00eda, llenos de odio y en contin\u00faa batalla de cloaca, desprestigiando al adversario pol\u00edtico, insult\u00e1ndolo o pensando\u00a0 c\u00f3mo se levanta por la ma\u00f1ana para eliminarlo de\u00a0 ese contexto en el que vive y con \u00a0aut\u00e9ntica descalificaci\u00f3n para \u00a0no dejarle hacer\u00a0 pol\u00edtica, solo da\u00f1o y desprestigio, acudiendo a plenos para agitar y extorsionar los debates que es hoy la forma de escalar y de tener el pesebre permanente \u00a0\u00a0para que\u00a0 obedeciendo a los \u201cjefes y oficiales\u201d del partido si\u00e9ndoles fieles a sus consignas se aferran a un esca\u00f1o para percibir un buen sueldo\u00a0 y, si es posible,\u00a0\u00a0 con mejores complementos para cotizar a la Seguridad Social por su aparente trabajo y, cuando terminen de la pol\u00edtica percibir el desempleo, as\u00ed como\u00a0 procurar pasar el tiempo\u00a0\u00a0 para que no haya un cambio \u00a0de la \u00a0estructura piramidal de su \u00a0partido y as\u00ed no dejen nunca de\u00a0 una\u00a0 u otra manera ese medio de vida que ya\u00a0\u00a0 no es vocacional.<\/p>\n<p style=\"text-align: justify;\">\u00a0\u00a0\u00a0\u00a0\u00a0\u00a0\u00a0\u00a0 La situaci\u00f3n actual es insostenible. El pol\u00edtico est\u00e1 desprestigiado, la corrupci\u00f3n y el pesebre que se ha creado hacen que la sociedad civil lo \u00a0desprecie, no hay credibilidad, las promesas de campa\u00f1a est\u00e1n para no cumplirlas y, por supuesto,\u00a0 la\u00a0 obediencia, aun cuando est\u00e9 equivocado quien d\u00e9 la orden, debe ser f\u00e9rrea y lo peor es cuando\u00a0 se callan la\u00a0 boca, miran para otro lado y su \u00fanica preocupaci\u00f3n es cobrar a final de mes.\u00a0 Qu\u00e9 distinto es el panorama actual en pol\u00edtica de aquellos de los a\u00f1os 80 y 90, donde se trabajaba a cambio de nada y donde tant\u00edsimos pol\u00edticos van \u00a0hoy por la calle con la cabeza muy alta de su trabajo realizado y dejan constancia de que su paso \u00a0\u00a0por esa pol\u00edtica de entrega y trabajo les sirvi\u00f3 para saber\u00a0 que han cumplido con creces lo que se propusieron e, incluso, tener amigos que perduran en el tiempo y de otro color pol\u00edtico. \u00a0Hoy existe la profesi\u00f3n de pol\u00edtico y no profesionales en la pol\u00edtica. Hoy, \u00a0el que m\u00e1s chille\u00a0 y m\u00e1s insulte es quien cree que sube en el escalaf\u00f3n\u00a0 y cu\u00e1ntos pol\u00edticos de laboratorios se han creado para, \u00a0\u00a0salt\u00e1ndose todo ese escalaf\u00f3n que existe en los partidos de gente trabajadora y entregada, ponerlos \u00a0en puestos de salida solamente porque\u00a0 el \u201cjefe\u201d o dirigente del momento sabe que no le hace sombra y lo tiene cerca y a buen recaudo de\u00a0 hacer lo que se le indique y, por supuesto, votar en los plenos aunque no sepan de qu\u00e9 trata el asunto.<\/p>\n<p style=\"text-align: justify;\">\u00a0\u00a0\u00a0\u00a0\u00a0\u00a0\u00a0\u00a0 Ya se\u00a0 acabaron aquellos Concejales que eran personas de una trayectoria en su ciudad. Hoy no \u00a0hace falta ni estar empadronado en la ciudad donde \u00a0vas a ser Concejal y no hablemos de la democracia interna de los partidos, porque entonces a\u00fan es mayor el desencanto\u00a0 y, \u00a0para colmo, si esto hubiese marchado y\u00a0 funcionado, \u00a0la ciudadan\u00eda mirar\u00eda\u00a0 para otro lado, pero\u00a0 ante los esc\u00e1ndalos y la verg\u00fcenza de no constituir un Gobierno para llevar adelante a un pa\u00eds lleno de dificultades, hace que la credibilidad en la pol\u00edtica no exista ni se crea en ella. Por tanto, cambiemos el sistema, tengamos pronto un Gobierno serio para modificar en las Cortes Generales \u00a0aquello que ya ha quedado obsoleto y aprendamos de nuestros errores, pero lo que hoy se vive\u00a0 demuestra claramente y es palmario que cada vez hay menos vocaci\u00f3n pol\u00edtica y buscar a un buen pol\u00edtico para formar una lista es\u00a0 buscar una aguja en un pajar, porque ni quieren ni desean pertenecer a una casta que desgraciadamente la hemos destruido. Hoy,\u00a0 ser pol\u00edtico es tener el adjetivo de corrupto y vividor, por lo que no se est\u00e1 en la pol\u00edtica por vocaci\u00f3n, se est\u00e1 por notoriedad\u00a0 o por dinero y\u00a0 de aquellos inicios pol\u00edticos donde el porcentaje m\u00e1s alto de los cargos eran profesionales de prestigio, hoy solo encontramos mediocres, asesores analfabetos colocados a dedos, periodistas sin t\u00edtulo y, por supuesto amigos del sistema, sin olvidar los fracasados y personajes que\u00a0 han sabido \u201cmover el rabo\u201d para que su amigo de turno \u00a0los coloquen en puestos de confianza. As\u00ed nos va y la sociedad, sin darse cuenta,\u00a0 ha excluido de la pol\u00edtica a los mejores. Por eso, las promesas electorales\u00a0 seg\u00fan de quien vengan, convertirlas en realidad ser\u00e1 todo un milagro.<\/p>\n<p>&nbsp;<\/p>\n","protected":false},"excerpt":{"rendered":"<p>\u00a0\u00a0\u00a0\u00a0\u00a0\u00a0\u00a0\u00a0 Cuando acab\u00f3 la dictadura y comenzamos los espa\u00f1oles a vivir esa transici\u00f3n pol\u00edtica en la que pusimos todas\u00a0 las esperanzas del cambio, la generaci\u00f3n de la \u00e9poca acogi\u00f3 con deseos esa transici\u00f3n, pero a la vez, con ese miedo propio de quienes vivieron situaciones\u00a0 desafortunadas y de que la libertad\u00a0 pod\u00edamos volver a perderla [&hellip;]<\/p>\n","protected":false},"author":1,"featured_media":0,"comment_status":"open","ping_status":"open","sticky":false,"template":"","format":"standard","meta":{"footnotes":""},"categories":[4],"tags":[],"class_list":["post-2308","post","type-post","status-publish","format-standard","hentry","category-vida-publica"],"_links":{"self":[{"href":"https:\/\/elblogdejoseblasfernandez.com\/index.php?rest_route=\/wp\/v2\/posts\/2308","targetHints":{"allow":["GET"]}}],"collection":[{"href":"https:\/\/elblogdejoseblasfernandez.com\/index.php?rest_route=\/wp\/v2\/posts"}],"about":[{"href":"https:\/\/elblogdejoseblasfernandez.com\/index.php?rest_route=\/wp\/v2\/types\/post"}],"author":[{"embeddable":true,"href":"https:\/\/elblogdejoseblasfernandez.com\/index.php?rest_route=\/wp\/v2\/users\/1"}],"replies":[{"embeddable":true,"href":"https:\/\/elblogdejoseblasfernandez.com\/index.php?rest_route=%2Fwp%2Fv2%2Fcomments&post=2308"}],"version-history":[{"count":1,"href":"https:\/\/elblogdejoseblasfernandez.com\/index.php?rest_route=\/wp\/v2\/posts\/2308\/revisions"}],"predecessor-version":[{"id":2313,"href":"https:\/\/elblogdejoseblasfernandez.com\/index.php?rest_route=\/wp\/v2\/posts\/2308\/revisions\/2313"}],"wp:attachment":[{"href":"https:\/\/elblogdejoseblasfernandez.com\/index.php?rest_route=%2Fwp%2Fv2%2Fmedia&parent=2308"}],"wp:term":[{"taxonomy":"category","embeddable":true,"href":"https:\/\/elblogdejoseblasfernandez.com\/index.php?rest_route=%2Fwp%2Fv2%2Fcategories&post=2308"},{"taxonomy":"post_tag","embeddable":true,"href":"https:\/\/elblogdejoseblasfernandez.com\/index.php?rest_route=%2Fwp%2Fv2%2Ftags&post=2308"}],"curies":[{"name":"wp","href":"https:\/\/api.w.org\/{rel}","templated":true}]}}