{"id":2314,"date":"2016-10-18T20:11:53","date_gmt":"2016-10-18T18:11:53","guid":{"rendered":"http:\/\/elblogdejoseblasfernandez.com\/?p=2314"},"modified":"2016-10-19T09:25:48","modified_gmt":"2016-10-19T07:25:48","slug":"mis-companeros-me-brindan-un-nuevo-mandato-al-frente-de-los-graduados-sociales","status":"publish","type":"post","link":"https:\/\/elblogdejoseblasfernandez.com\/?p=2314","title":{"rendered":"MIS COMPA\u00d1EROS ME BRINDAN UN NUEVO MANDATO AL FRENTE DE LOS GRADUADOS SOCIALES"},"content":{"rendered":"<p style=\"text-align: justify;\">\u00a0 En el d\u00eda de ayer, tras el proceso electoral que se celebr\u00f3 en el Colegio de Graduados Sociales de C\u00e1diz, se llev\u00f3 a cabo el juramento y toma de posesi\u00f3n de quien suscribe, reelegido Presidente nuevamente de mi Colegio Profesional por aclamaci\u00f3n.<\/p>\n<p style=\"text-align: justify;\">He cumplido 36 a\u00f1os como Presidente de esta Corporaci\u00f3n Profesional ininterrumpidamente, a los que tengo que sumar otros 8 a\u00f1os como Secretario General de la misma. Tengo el honor de ser el Decano de todos los Colegios de Espa\u00f1a y Presidente de Honor del Consejo General de la profesi\u00f3n. Ayer comenc\u00e9 la\u00a0 andadura de mi d\u00e9cimo mandato como Presidente de mi querido Colegio\u00a0 Profesional.<\/p>\n<p style=\"text-align: justify;\">En mi elocuci\u00f3n, tras mi toma de posesi\u00f3n, que llev\u00e9 a cabo en la Sala de Juntas de la Corporaci\u00f3n, confirm\u00e9 y asegur\u00e9 que nuevamente me dejar\u00e9 la piel en estos nuevos cuatro a\u00f1os de mandato para conseguir las reivindicaciones de la profesi\u00f3n en la provincia y en \u00a0la ciudad aut\u00f3noma de Ceuta: la mejora de los recursos y medios judiciales, la especializaci\u00f3n de la jurisdicci\u00f3n del Orden Social, el incremento de los Juzgados de lo Social para atender el alto volumen de casos pendientes, la mejora de los sistemas telem\u00e1ticos de la Justicia, la formaci\u00f3n continua de los colegiados y, en general, cualquier actuaci\u00f3n para dignificar la profesi\u00f3n.<\/p>\n<p style=\"text-align: justify;\">\n<p style=\"text-align: justify;\">Reitero desde aqu\u00ed, como no puede ser de otra manera, mi agradecimiento por el apoyo recibido por los colegiados y, muy especialmente, por los miembros de la Junta de Gobierno del Colegio.<\/p>\n<p style=\"text-align: justify;\">Y muchas gracias a todos los que me hab\u00e9is felicitado y enviado un mensaje de apoyo y cari\u00f1o.<\/p>\n<p>&nbsp;<\/p>\n","protected":false},"excerpt":{"rendered":"<p>\u00a0 En el d\u00eda de ayer, tras el proceso electoral que se celebr\u00f3 en el Colegio de Graduados Sociales de C\u00e1diz, se llev\u00f3 a cabo el juramento y toma de posesi\u00f3n de quien suscribe, reelegido Presidente nuevamente de mi Colegio Profesional por aclamaci\u00f3n. He cumplido 36 a\u00f1os como Presidente de esta Corporaci\u00f3n Profesional ininterrumpidamente, a [&hellip;]<\/p>\n","protected":false},"author":1,"featured_media":0,"comment_status":"open","ping_status":"open","sticky":false,"template":"","format":"standard","meta":{"footnotes":""},"categories":[1],"tags":[],"class_list":["post-2314","post","type-post","status-publish","format-standard","hentry","category-sin-categoria"],"_links":{"self":[{"href":"https:\/\/elblogdejoseblasfernandez.com\/index.php?rest_route=\/wp\/v2\/posts\/2314","targetHints":{"allow":["GET"]}}],"collection":[{"href":"https:\/\/elblogdejoseblasfernandez.com\/index.php?rest_route=\/wp\/v2\/posts"}],"about":[{"href":"https:\/\/elblogdejoseblasfernandez.com\/index.php?rest_route=\/wp\/v2\/types\/post"}],"author":[{"embeddable":true,"href":"https:\/\/elblogdejoseblasfernandez.com\/index.php?rest_route=\/wp\/v2\/users\/1"}],"replies":[{"embeddable":true,"href":"https:\/\/elblogdejoseblasfernandez.com\/index.php?rest_route=%2Fwp%2Fv2%2Fcomments&post=2314"}],"version-history":[{"count":2,"href":"https:\/\/elblogdejoseblasfernandez.com\/index.php?rest_route=\/wp\/v2\/posts\/2314\/revisions"}],"predecessor-version":[{"id":2319,"href":"https:\/\/elblogdejoseblasfernandez.com\/index.php?rest_route=\/wp\/v2\/posts\/2314\/revisions\/2319"}],"wp:attachment":[{"href":"https:\/\/elblogdejoseblasfernandez.com\/index.php?rest_route=%2Fwp%2Fv2%2Fmedia&parent=2314"}],"wp:term":[{"taxonomy":"category","embeddable":true,"href":"https:\/\/elblogdejoseblasfernandez.com\/index.php?rest_route=%2Fwp%2Fv2%2Fcategories&post=2314"},{"taxonomy":"post_tag","embeddable":true,"href":"https:\/\/elblogdejoseblasfernandez.com\/index.php?rest_route=%2Fwp%2Fv2%2Ftags&post=2314"}],"curies":[{"name":"wp","href":"https:\/\/api.w.org\/{rel}","templated":true}]}}