{"id":2320,"date":"2016-11-07T20:56:35","date_gmt":"2016-11-07T19:56:35","guid":{"rendered":"http:\/\/elblogdejoseblasfernandez.com\/?p=2320"},"modified":"2016-11-07T21:13:53","modified_gmt":"2016-11-07T20:13:53","slug":"tres-ministros-en-mi-agenda","status":"publish","type":"post","link":"https:\/\/elblogdejoseblasfernandez.com\/?p=2320","title":{"rendered":"TRES MINISTROS EN MI AGENDA"},"content":{"rendered":"<p style=\"text-align: justify;\">Por fin, tras estar casi un a\u00f1o en funciones, hemos arrancado con un nuevo Gobierno que se enfrenta a m\u00faltiples quehaceres y m\u00faltiples interrogantes de lo que hoy nuestro pa\u00eds nos demanda. No quiero analizar algo que durante 100 d\u00edas hay que otorgarle confianza para que, al mover cada Ministerio la\u00a0 ficha que le corresponde,aborten todas aquellas medidas lesivas que bien han sido aprobadas en la X Legislatura o\u00a0 en un\u00a0 pacto de fuerzas el pa\u00eds tenga un horizonte que le haga ver un mayor empleo\u00a0 y una mejor calidad de vida para todos los espa\u00f1oles, sin excepci\u00f3n.<\/p>\n<p style=\"text-align: justify;\">\u00a0 Por mi profesi\u00f3n y como laboralista, tengo que colaborar y trabajar con tres Ministros que m\u00e1s de\u00a0 una vez me quitar\u00e1n el sue\u00f1o, pero que estoy convencido de que sabr\u00e1n recepcionar\u00a0 todas las aspiraciones\u00a0 y se\u00f1ales que se les haga desde el mundo en el que me desenvuelvo. Por ello, deseo lo mejor para F\u00e1tima Ba\u00f1ez, Ministra de Empleo, con la que\u00a0 me tendr\u00e9 que ver m\u00e1s de una vez\u00a0 para todas las cuestiones socio-laborales y, en especial, para las pensiones.\u00a0 \u00a0Con Rafael Catal\u00e1, para terminar varios proyectos\u00a0 de\u00a0 leyes procesales\u00a0 y conjugar\u00a0 el turno de oficio que nos espera para este pr\u00f3ximo a\u00f1o\u00a0 y con Crist\u00f3bal Montoro, para todas aquellas medidas econ\u00f3micas que afectar\u00e1n a los empresarios, aut\u00f3nomos y trabajadores para que no sea una pesadilla y salgamos\u00a0 pronto de la crisis de la que a\u00fan tenemos\u00a0 secuelas.<\/p>\n<p style=\"text-align: justify;\">\n<p style=\"text-align: justify;\">En definitiva, salud compa\u00f1eros. Suerte y mi deseo de que todo salga muy bien, pues buscamos el inter\u00e9s general de Espa\u00f1a.<\/p>\n<p style=\"text-align: justify;\">\n","protected":false},"excerpt":{"rendered":"<p>Por fin, tras estar casi un a\u00f1o en funciones, hemos arrancado con un nuevo Gobierno que se enfrenta a m\u00faltiples quehaceres y m\u00faltiples interrogantes de lo que hoy nuestro pa\u00eds nos demanda. No quiero analizar algo que durante 100 d\u00edas hay que otorgarle confianza para que, al mover cada Ministerio la\u00a0 ficha que le corresponde,aborten [&hellip;]<\/p>\n","protected":false},"author":1,"featured_media":0,"comment_status":"open","ping_status":"open","sticky":false,"template":"","format":"standard","meta":{"footnotes":""},"categories":[4],"tags":[],"class_list":["post-2320","post","type-post","status-publish","format-standard","hentry","category-vida-publica"],"_links":{"self":[{"href":"https:\/\/elblogdejoseblasfernandez.com\/index.php?rest_route=\/wp\/v2\/posts\/2320","targetHints":{"allow":["GET"]}}],"collection":[{"href":"https:\/\/elblogdejoseblasfernandez.com\/index.php?rest_route=\/wp\/v2\/posts"}],"about":[{"href":"https:\/\/elblogdejoseblasfernandez.com\/index.php?rest_route=\/wp\/v2\/types\/post"}],"author":[{"embeddable":true,"href":"https:\/\/elblogdejoseblasfernandez.com\/index.php?rest_route=\/wp\/v2\/users\/1"}],"replies":[{"embeddable":true,"href":"https:\/\/elblogdejoseblasfernandez.com\/index.php?rest_route=%2Fwp%2Fv2%2Fcomments&post=2320"}],"version-history":[{"count":3,"href":"https:\/\/elblogdejoseblasfernandez.com\/index.php?rest_route=\/wp\/v2\/posts\/2320\/revisions"}],"predecessor-version":[{"id":2328,"href":"https:\/\/elblogdejoseblasfernandez.com\/index.php?rest_route=\/wp\/v2\/posts\/2320\/revisions\/2328"}],"wp:attachment":[{"href":"https:\/\/elblogdejoseblasfernandez.com\/index.php?rest_route=%2Fwp%2Fv2%2Fmedia&parent=2320"}],"wp:term":[{"taxonomy":"category","embeddable":true,"href":"https:\/\/elblogdejoseblasfernandez.com\/index.php?rest_route=%2Fwp%2Fv2%2Fcategories&post=2320"},{"taxonomy":"post_tag","embeddable":true,"href":"https:\/\/elblogdejoseblasfernandez.com\/index.php?rest_route=%2Fwp%2Fv2%2Ftags&post=2320"}],"curies":[{"name":"wp","href":"https:\/\/api.w.org\/{rel}","templated":true}]}}