{"id":2353,"date":"2017-01-10T09:49:05","date_gmt":"2017-01-10T08:49:05","guid":{"rendered":"http:\/\/elblogdejoseblasfernandez.com\/?p=2353"},"modified":"2017-01-10T12:41:32","modified_gmt":"2017-01-10T11:41:32","slug":"semblanza-de-mi-persona","status":"publish","type":"post","link":"https:\/\/elblogdejoseblasfernandez.com\/?p=2353","title":{"rendered":"SEMBLANZA DE MI PERSONA POR JOS\u00c9 JOAQU\u00cdN LE\u00d3N"},"content":{"rendered":"<p style=\"text-align: justify;\">El pasado 7 de Enero sali\u00f3 publicada en el Diario de C\u00e1diz y en el Diario de Sevilla, cuyos enlaces se indican m\u00e1s abajo, una semblanza de mi\u00a0 persona, donde se resume la trayectoria de mi vida personal, profesional y pol\u00edtica: Espero sea de vuestro agrado.<\/p>\n<p style=\"text-align: justify;\">Un saludo<\/p>\n<p>&nbsp;<\/p>\n<p><a href=\"http:\/\/www.diariodecadiz.es\/cadiz\/veteranospan-styletext-transformuppercasespanJose-FERNANDEZSe-profesional-Obispo_0_1097590366.html\"><strong>DIARIO DE C\u00c1DIZ<\/strong><\/a><\/p>\n<p>&nbsp;<\/p>\n<p><a href=\"http:\/\/www.diariodesevilla.es\/jose_joaquin_leon\/veteranospan-styletext-transformuppercasespanJose-FERNANDEZSe-profesional-Obispo_0_1097590366.html\"><strong>DIARIO DE SEVILLA<\/strong><\/a><\/p>\n","protected":false},"excerpt":{"rendered":"<p>El pasado 7 de Enero sali\u00f3 publicada en el Diario de C\u00e1diz y en el Diario de Sevilla, cuyos enlaces se indican m\u00e1s abajo, una semblanza de mi\u00a0 persona, donde se resume la trayectoria de mi vida personal, profesional y pol\u00edtica: Espero sea de vuestro agrado. Un saludo &nbsp; DIARIO DE C\u00c1DIZ &nbsp; DIARIO DE [&hellip;]<\/p>\n","protected":false},"author":1,"featured_media":0,"comment_status":"open","ping_status":"open","sticky":false,"template":"","format":"standard","meta":{"footnotes":""},"categories":[12,3,4],"tags":[],"class_list":["post-2353","post","type-post","status-publish","format-standard","hentry","category-vida-privada","category-vida-profesional","category-vida-publica"],"_links":{"self":[{"href":"https:\/\/elblogdejoseblasfernandez.com\/index.php?rest_route=\/wp\/v2\/posts\/2353","targetHints":{"allow":["GET"]}}],"collection":[{"href":"https:\/\/elblogdejoseblasfernandez.com\/index.php?rest_route=\/wp\/v2\/posts"}],"about":[{"href":"https:\/\/elblogdejoseblasfernandez.com\/index.php?rest_route=\/wp\/v2\/types\/post"}],"author":[{"embeddable":true,"href":"https:\/\/elblogdejoseblasfernandez.com\/index.php?rest_route=\/wp\/v2\/users\/1"}],"replies":[{"embeddable":true,"href":"https:\/\/elblogdejoseblasfernandez.com\/index.php?rest_route=%2Fwp%2Fv2%2Fcomments&post=2353"}],"version-history":[{"count":2,"href":"https:\/\/elblogdejoseblasfernandez.com\/index.php?rest_route=\/wp\/v2\/posts\/2353\/revisions"}],"predecessor-version":[{"id":2381,"href":"https:\/\/elblogdejoseblasfernandez.com\/index.php?rest_route=\/wp\/v2\/posts\/2353\/revisions\/2381"}],"wp:attachment":[{"href":"https:\/\/elblogdejoseblasfernandez.com\/index.php?rest_route=%2Fwp%2Fv2%2Fmedia&parent=2353"}],"wp:term":[{"taxonomy":"category","embeddable":true,"href":"https:\/\/elblogdejoseblasfernandez.com\/index.php?rest_route=%2Fwp%2Fv2%2Fcategories&post=2353"},{"taxonomy":"post_tag","embeddable":true,"href":"https:\/\/elblogdejoseblasfernandez.com\/index.php?rest_route=%2Fwp%2Fv2%2Ftags&post=2353"}],"curies":[{"name":"wp","href":"https:\/\/api.w.org\/{rel}","templated":true}]}}