{"id":2382,"date":"2017-01-11T20:26:58","date_gmt":"2017-01-11T19:26:58","guid":{"rendered":"http:\/\/elblogdejoseblasfernandez.com\/?p=2382"},"modified":"2017-01-11T20:26:58","modified_gmt":"2017-01-11T19:26:58","slug":"el-trabajador-autonomo-sigue-su-proceso-de-discriminacion","status":"publish","type":"post","link":"https:\/\/elblogdejoseblasfernandez.com\/?p=2382","title":{"rendered":"EL TRABAJADOR AUT\u00d3NOMO SIGUE SU PROCESO DE DISCRIMINACI\u00d3N."},"content":{"rendered":"<p style=\"text-align: justify;\">\u00a0\u00a0\u00a0\u00a0 No cabe duda que en el mundo de las relaciones laborales de nuestro pa\u00eds, los trabajadores por cuenta ajena tienen consolidada su figura no s\u00f3lo en sus relaciones jur\u00eddico-laborales, sino en cuanto a sus prestaciones, incluidas con mayor abundamiento las de la Seguridad Social, extremo que ahora ser\u00eda prolijo desarrollar aqu\u00ed todas sus ventajas e inconvenientes, pues el mundo socio-laboral es complejo y extenso.<\/p>\n<p style=\"text-align: justify;\">\u00a0\u00a0\u00a0\u00a0 Por tanto, un trabajador por cuenta ajena tiene prestaciones como las de la Seguridad Social que son y est\u00e1n inamovibles, es decir, si su empleador no cotizara por su trabajo siempre percibir\u00eda las mismas, ya que su pensi\u00f3n quedar\u00eda inalterada en cuanto a la de jubilaci\u00f3n o incapacidad u otras y su desempleo correr\u00eda la misma suerte, porque aun cuando la mercantil en la que trabaje o la persona f\u00edsica que lo contrate sea insolvente siempre tendr\u00e1 sus prestaciones y nunca ser\u00e1 causa para la anulaci\u00f3n de este derecho. Sin embargo, el trabajador aut\u00f3nomo en el que se incluyen tambi\u00e9n a los profesionales libres y superan ya los tres millones en Espa\u00f1a y donde tenemos m\u00e1s funcionarios que trabajadores aut\u00f3nomos, siguen siendo \u201clos hermanos pobres\u201d de la Seguridad Social, pues tras mucha normativa y grandes promesas electorales de todos los partidos, el aut\u00f3nomo sigue inamovible en su sitio, creando empleo, pagando sus n\u00f3minas como micro-pyme y, en definitiva, pese a que el mayor n\u00famero de empleos que se crean lo hacen ellos, siguen con las pensiones m\u00e1s cortas, con un desempleo que es dif\u00edcil conseguir y con bajas por incapacidad temporal inalcanzables, pues en estos supuestos tienen que poner en su lugar a otra persona para seguir el desarrollo de su peque\u00f1a empresa y si no pueden, a veces, pagarse as\u00ed mismo, c\u00f3mo se entiende que les puedan pagar a otros y no hablemos del trabajo a tiempo parcial, que nunca llega pese a estar contemplado.<\/p>\n<p style=\"text-align: justify;\">\n<p style=\"text-align: justify;\">\u00a0\u00a0\u00a0\u00a0 La crisis sobrevenida en el a\u00f1o 2008 ha quebrado a miles de empresas; empresas que ya sean personas f\u00edsicas o jur\u00eddicas, para el supuesto de no haber pagado o cotizado \u00e9stas las cuotas de sus trabajadores y ser hoy insolventes (y no toquemos las mercantiles fraudulentas que se construyen), la Seguridad Social respeta las bases de cotizaci\u00f3n y las prestaciones que puedan corresponderles a estos trabajadores por cuenta ajena que no se modifican, ni se cortan, ni se disminuyen, sin embargo, el trabajador aut\u00f3nomo que no pueda pagar sus propias cuotas a la Seguridad Social, porque tambi\u00e9n entr\u00f3 en la crisis, hasta que no pague y abone el \u00faltimo c\u00e9ntimo de sus cotizaciones pendientes y tenga la edad que tenga, nunca percibir\u00e1 su propia pensi\u00f3n de jubilaci\u00f3n o invalidez o la viudedad y orfandad que correspondan por su figura; lo que nos encontramos ante algo inaudito e injusto que mientras eso no ocurra, o se acoge por su edad a la pensi\u00f3n no contributiva o todo lo cotizado lo ha tirado por la borda, por lo que es aqu\u00ed una de las causas por la que el papel del trabajador por cuenta propia o aut\u00f3nomo sigue siendo un triste papel, el cual ni tiene horario, ni tiene vacaciones y no tiene m\u00e1s que una relaci\u00f3n consigo mismo que se llama trabajar de \u201csol a sol\u201d. Entiendo que tras la crisis muchos emprendedores se han lanzado a la carrera de ser trabajador aut\u00f3nomo por imperativo legal, pero que sepan que independientemente de esforzarse y buscarse d\u00eda y noche sus fuentes de ingresos, est\u00e1n en una reglamentaci\u00f3n distinta de las que muchos creen que es una panacea y donde la realidad de hoy te dice que el aut\u00f3nomo es un aut\u00e9ntico discriminado que ni siquiera puede ponerse enfermo.<\/p>\n<p style=\"text-align: justify;\">\u00a0\u00a0\u00a0\u00a0 Por lo tanto, cuando se cuestiona el percibo de las pensiones debido a la longevidad, mientras el trabajador por cuenta ajena posee convenios colectivos que regulan su jubilaci\u00f3n, el trabajador aut\u00f3nomo que, en muchos casos cobra pensiones inferiores a las de sus trabajadores, no le queda otro camino que seguir en la brecha y mantener su negocio tenga la edad que tenga, pues de lo contrario seguro que con su pensi\u00f3n va a pasar m\u00e1s hambre que \u201cun caracol en un espejo\u201d.<\/p>\n","protected":false},"excerpt":{"rendered":"<p>\u00a0\u00a0\u00a0\u00a0 No cabe duda que en el mundo de las relaciones laborales de nuestro pa\u00eds, los trabajadores por cuenta ajena tienen consolidada su figura no s\u00f3lo en sus relaciones jur\u00eddico-laborales, sino en cuanto a sus prestaciones, incluidas con mayor abundamiento las de la Seguridad Social, extremo que ahora ser\u00eda prolijo desarrollar aqu\u00ed todas sus ventajas [&hellip;]<\/p>\n","protected":false},"author":1,"featured_media":0,"comment_status":"open","ping_status":"open","sticky":false,"template":"","format":"standard","meta":{"footnotes":""},"categories":[3],"tags":[],"class_list":["post-2382","post","type-post","status-publish","format-standard","hentry","category-vida-profesional"],"_links":{"self":[{"href":"https:\/\/elblogdejoseblasfernandez.com\/index.php?rest_route=\/wp\/v2\/posts\/2382","targetHints":{"allow":["GET"]}}],"collection":[{"href":"https:\/\/elblogdejoseblasfernandez.com\/index.php?rest_route=\/wp\/v2\/posts"}],"about":[{"href":"https:\/\/elblogdejoseblasfernandez.com\/index.php?rest_route=\/wp\/v2\/types\/post"}],"author":[{"embeddable":true,"href":"https:\/\/elblogdejoseblasfernandez.com\/index.php?rest_route=\/wp\/v2\/users\/1"}],"replies":[{"embeddable":true,"href":"https:\/\/elblogdejoseblasfernandez.com\/index.php?rest_route=%2Fwp%2Fv2%2Fcomments&post=2382"}],"version-history":[{"count":1,"href":"https:\/\/elblogdejoseblasfernandez.com\/index.php?rest_route=\/wp\/v2\/posts\/2382\/revisions"}],"predecessor-version":[{"id":2386,"href":"https:\/\/elblogdejoseblasfernandez.com\/index.php?rest_route=\/wp\/v2\/posts\/2382\/revisions\/2386"}],"wp:attachment":[{"href":"https:\/\/elblogdejoseblasfernandez.com\/index.php?rest_route=%2Fwp%2Fv2%2Fmedia&parent=2382"}],"wp:term":[{"taxonomy":"category","embeddable":true,"href":"https:\/\/elblogdejoseblasfernandez.com\/index.php?rest_route=%2Fwp%2Fv2%2Fcategories&post=2382"},{"taxonomy":"post_tag","embeddable":true,"href":"https:\/\/elblogdejoseblasfernandez.com\/index.php?rest_route=%2Fwp%2Fv2%2Ftags&post=2382"}],"curies":[{"name":"wp","href":"https:\/\/api.w.org\/{rel}","templated":true}]}}