{"id":2387,"date":"2017-01-17T09:32:00","date_gmt":"2017-01-17T08:32:00","guid":{"rendered":"http:\/\/elblogdejoseblasfernandez.com\/?p=2387"},"modified":"2017-01-17T09:34:53","modified_gmt":"2017-01-17T08:34:53","slug":"entrevista-en-onda-cadiz","status":"publish","type":"post","link":"https:\/\/elblogdejoseblasfernandez.com\/?p=2387","title":{"rendered":"ENTREVISTA EN ONDA C\u00c1DIZ"},"content":{"rendered":"<p style=\"text-align: justify;\">El pasado 10 de Enero fui entrevistado en el programa de \u00abEl Mirador\u00bb de Onda C\u00e1diz, en la que habl\u00e9 de mi profesi\u00f3n\u00a0 y de los nuevos retos a los que nos enfrentamos los operadores jur\u00eddicos. Te se\u00f1alo enlace por si es de tu inter\u00e9s conocer el contenido de la misma.<\/p>\n<p><iframe title=\"EL MIRADOR 10 01 17 2 Jose\u0301 Blas Ferna\u0301ndez\" width=\"800\" height=\"450\" src=\"https:\/\/www.youtube.com\/embed\/74lygI3Gyig?feature=oembed\" frameborder=\"0\" allow=\"accelerometer; autoplay; clipboard-write; encrypted-media; gyroscope; picture-in-picture; web-share\" referrerpolicy=\"strict-origin-when-cross-origin\" allowfullscreen><\/iframe><\/p>\n","protected":false},"excerpt":{"rendered":"<p>El pasado 10 de Enero fui entrevistado en el programa de \u00abEl Mirador\u00bb de Onda C\u00e1diz, en la que habl\u00e9 de mi profesi\u00f3n\u00a0 y de los nuevos retos a los que nos enfrentamos los operadores jur\u00eddicos. Te se\u00f1alo enlace por si es de tu inter\u00e9s conocer el contenido de la misma.<\/p>\n","protected":false},"author":1,"featured_media":0,"comment_status":"open","ping_status":"open","sticky":false,"template":"","format":"standard","meta":{"footnotes":""},"categories":[3],"tags":[],"class_list":["post-2387","post","type-post","status-publish","format-standard","hentry","category-vida-profesional"],"_links":{"self":[{"href":"https:\/\/elblogdejoseblasfernandez.com\/index.php?rest_route=\/wp\/v2\/posts\/2387","targetHints":{"allow":["GET"]}}],"collection":[{"href":"https:\/\/elblogdejoseblasfernandez.com\/index.php?rest_route=\/wp\/v2\/posts"}],"about":[{"href":"https:\/\/elblogdejoseblasfernandez.com\/index.php?rest_route=\/wp\/v2\/types\/post"}],"author":[{"embeddable":true,"href":"https:\/\/elblogdejoseblasfernandez.com\/index.php?rest_route=\/wp\/v2\/users\/1"}],"replies":[{"embeddable":true,"href":"https:\/\/elblogdejoseblasfernandez.com\/index.php?rest_route=%2Fwp%2Fv2%2Fcomments&post=2387"}],"version-history":[{"count":2,"href":"https:\/\/elblogdejoseblasfernandez.com\/index.php?rest_route=\/wp\/v2\/posts\/2387\/revisions"}],"predecessor-version":[{"id":2390,"href":"https:\/\/elblogdejoseblasfernandez.com\/index.php?rest_route=\/wp\/v2\/posts\/2387\/revisions\/2390"}],"wp:attachment":[{"href":"https:\/\/elblogdejoseblasfernandez.com\/index.php?rest_route=%2Fwp%2Fv2%2Fmedia&parent=2387"}],"wp:term":[{"taxonomy":"category","embeddable":true,"href":"https:\/\/elblogdejoseblasfernandez.com\/index.php?rest_route=%2Fwp%2Fv2%2Fcategories&post=2387"},{"taxonomy":"post_tag","embeddable":true,"href":"https:\/\/elblogdejoseblasfernandez.com\/index.php?rest_route=%2Fwp%2Fv2%2Ftags&post=2387"}],"curies":[{"name":"wp","href":"https:\/\/api.w.org\/{rel}","templated":true}]}}