{"id":2395,"date":"2017-02-02T14:23:10","date_gmt":"2017-02-02T13:23:10","guid":{"rendered":"http:\/\/elblogdejoseblasfernandez.com\/?p=2395"},"modified":"2017-02-02T14:23:10","modified_gmt":"2017-02-02T13:23:10","slug":"novedades-juridico-laborales-enero2017","status":"publish","type":"post","link":"https:\/\/elblogdejoseblasfernandez.com\/?p=2395","title":{"rendered":"NOVEDADES JURIDICO-LABORALES ENERO\/2017"},"content":{"rendered":"<p>Esta es la Circular del mes de Enero de 2017 que, como es costumbre, edito mensualmente en mi Despacho y que comparto para todos los que\u00a0segu\u00eds\u00a0\u00a0 mi blog.<\/p>\n<p><strong><u>MUY IMPORTANTE: SEGUIMIENTO DE LA INSPECCI\u00d3N DE TRABAJO<\/u><\/strong><strong>: REGISTRO DIARIO DE LA JORNADA DE TRABAJO:<\/strong><\/p>\n<p style=\"text-align: justify;\"><strong>\u00a0<\/strong><strong>\u00a0\u00a0\u00a0\u00a0\u00a0\u00a0 <\/strong><em>Este punto se ha convertido en habitual en nuestra circular y lo volvemos a insertar\u00a0 porque \u00a0la Inspecci\u00f3n de Trabajo sigue actuando y\u00a0 y controlando la obligaci\u00f3n de la empresa\u00a0 de llevar<strong> <u>un registro diario de la jornada de trabajo<\/u><\/strong> <strong><u>\u00a0\u00a0de los trabajadores a tiempo parcial<\/u><\/strong>, <strong><u>el cual debe ser firmado por cada trabajador<\/u> <\/strong><u>con indicaci\u00f3n de la hora de entrada y salida a su puesto de trabajo<\/u>, <strong><u>debiendo \u00e9stos firmar a la entrada y a la salida de su jornada de trabajo<\/u><\/strong> e,\u00a0 igualmente,\u00a0 la <strong><u>hoja resumen de horas mensuales<\/u> que va unida a las n\u00f3minas<\/strong> y que desde este Despacho se le\/s env\u00eda \u00a0todos los meses junto a \u00e9stas.<\/em><\/p>\n<p style=\"text-align: justify;\">\n<p style=\"text-align: justify;\"><em>\u00a0<\/em><em>\u00a0\u00a0\u00a0\u00a0\u00a0\u00a0\u00a0\u00a0 <strong>Ambos registros deben estar a disposici\u00f3n de la Inspecci\u00f3n de Trabajo si los solicitara<\/strong>, teniendo en cuenta que <strong><u>LA AUSENCIA DEL REGISTRO DIARIO PARA LOS TRABAJADORES A TIEMPO PARCIAL O, INCLUSIVE, LA FALTA DE FIRMA O CUMPLIMENTACI\u00d3N DEL REGISTRO, SUPONDR\u00c1 LA CONSIDERACI\u00d3N DE LA JORNADA LABORAL A TIEMPO COMPLETO<\/u>,<\/strong> adem\u00e1s de\u00a0 que pueda considerarse, porque as\u00ed viene \u00a0tipificado<strong>, infracci\u00f3n\u00a0 grave<\/strong>\u00a0 en la Ley de Infracciones y Sanciones del Orden Social. <\/em><\/p>\n<p style=\"text-align: justify;\"><em>\u00a0<\/em><em>\u00a0\u00a0\u00a0\u00a0\u00a0\u00a0\u00a0\u00a0 <strong>La Inspecci\u00f3n de Trabajo sigue \u00a0llevando a cabo\u00a0 una campa\u00f1a permanente \u00a0para controlar\u00a0 el cumplimiento de esta obligaci\u00f3n<u>, por lo que recordamos una vez m\u00e1s las consecuencias graves que ocasiona no llevar este registro diario.<\/u><\/strong><\/em><\/p>\n<p style=\"text-align: justify;\"><em>\u00a0\u00a0\u00a0\u00a0\u00a0\u00a0\u00a0\u00a0 En este Despacho se ha confeccionado \u00a0un <u>modelo de registro diario de jornada de trabajo para que sea utilizado en esa empresa<\/u>, y que se adjunt\u00f3 en circulares anteriores, estando a su disposici\u00f3n\u00a0 si lo necesitara. Se debe \u00a0fotocopiar el mismo tantas veces como trabajadores se tenga y por cada mes de contrato, indic\u00e1ndose el nombre de la empresa, nombre y apellidos completos del trabajador y n\u00ba de DNI de \u00e9ste, adem\u00e1s del mes del que se trate. <strong><u>No obstante, si necesita\/n nuevos modelos no dude\/n en solicitarlos\u00a0 a este Despacho<\/u><\/strong>.<\/em><\/p>\n<p style=\"text-align: justify;\"><em>\u00a0<\/em><em>\u00a0\u00a0\u00a0\u00a0\u00a0\u00a0\u00a0\u00a0 De igual manera, y en base al art. 35.5 del Estatuto de los Trabajadores<u>, la jornada de trabajo de los <strong>trabajadores a tiempo completo<\/strong> deber\u00e1 registrarse igualmente, d\u00eda a d\u00eda,\u00a0 a los efectos del c\u00f3mputo de horas extraordinarias<\/u>, extremo\u00a0 \u00e9ste\u00a0 igualmente, que est\u00e1 siendo comprobado por la Inspecci\u00f3n de Trabajo.<\/em><\/p>\n<p><em>\u00a0<\/em><strong>APLAZAMIENTOS DEL IVA DE PYMES Y AUTONOMOS:<\/strong><\/p>\n<p style=\"text-align: justify;\"><strong>\u00a0<\/strong><em>\u00a0\u00a0\u00a0\u00a0\u00a0\u00a0\u00a0\u00a0 El Real Decreto-ley 3\/2016, de 2 de diciembre, elimin\u00f3 la posibilidad de conceder aplazamientos o fraccionamientos de determinadas deudas tributarias, entre ellas las derivadas de los pagos fraccionados del Impuesto sobre Sociedades y las derivadas de tributos que, como el IVA, deben ser legalmente repercutidos, salvo que se justifique que las cuotas repercutidas no han sido efectivamente pagadas.<\/em><\/p>\n<p style=\"text-align: justify;\"><em>\u00a0\u00a0\u00a0\u00a0\u00a0\u00a0\u00a0\u00a0 Las solicitudes de aplazamiento o fraccionamiento de deudas afectadas por esta medida se inadmitir\u00e1n, mientras que el resto de solicitudes se tramitar\u00e1n en funci\u00f3n de su importe, de acuerdo con el procedimiento establecido, que no ha sido modificado por el Real Decreto-ley. <u>As\u00ed, las solicitudes de aplazamiento o fraccionamiento que se refieran a deudas por importe global igual o inferior a 30.000 euros no necesitar\u00e1n aportar garant\u00edas, y se tramitar\u00e1n mediante un proceso automatizado<\/u>. <u>Las solicitudes por un importe global superior deber\u00e1n aportar las garant\u00edas adecuadas<\/u> y se tramitar\u00e1n mediante un proceso ordinario no automatizado. El l\u00edmite exento de aportar garant\u00edas se elev\u00f3 en octubre de 2015 desde 18.000 euros a los 30.000 euros actuales.<\/em><\/p>\n<p><em>\u00a0<\/em><strong><em><u>Incidencia de la medida para los aut\u00f3nomos<\/u><\/em><\/strong><\/p>\n<p style=\"text-align: justify;\"><em>\u00a0<\/em><em>\u00a0\u00a0\u00a0\u00a0\u00a0\u00a0\u00a0\u00a0 <strong>Por lo que se refiere a los aut\u00f3nomos<\/strong>, la medida relativa a los pagos fraccionados del Impuesto sobre Sociedades no les afecta, puesto que tributan en el IRPF. La medida sobre el IVA repercutido s\u00ed les afecta, si bien <u>van a poder seguir solicitando aplazamientos y fraccionamientos de IVA si justifican que no han cobrado las cuotas repercutidas.<\/u> Por tanto, la principal modificaci\u00f3n para los aut\u00f3nomos ser\u00e1 que <u>deber\u00e1n acreditar que no han cobrado las cuotas de IVA repercutidas, en particular en aquellas solicitudes que excedan el l\u00edmite exento de garant\u00edas<\/u>.<\/em><\/p>\n<p style=\"text-align: justify;\">\n<p style=\"text-align: justify;\"><strong><em>\u00a0\u00a0\u00a0\u00a0\u00a0\u00a0\u00a0\u00a0 En consecuencia, los aut\u00f3nomos podr\u00e1n solicitar el aplazamiento, cualquiera que sea su importe, de su IRPF e IVA en las siguientes circunstancias, en funci\u00f3n del importe global de la deuda<\/em><\/strong><em>:<\/em><\/p>\n<p style=\"text-align: justify;\"><em>\u00a0*Si las solicitudes se refieren a una deuda cuyo importe global es igual o inferior a 30.000 euros, se podr\u00e1n conceder los aplazamientos, sin garant\u00edas, hasta un m\u00e1ximo de 12 plazos mensuales, salvo que el obligado hubiera solicitado un n\u00famero de plazos inferior, en cuyo caso, se conceder\u00e1n los plazos solicitados. La periodicidad de los pagos ser\u00e1, en todo caso, mensual. Se tramitan mediante un mecanismo automatizado de resoluci\u00f3n.<\/em><em>\u00a0<\/em><\/p>\n<p style=\"text-align: justify;\">*<em>Si las solicitudes se refieren a una deuda cuyo importe global excede de 30.000 euros, se podr\u00e1n conceder los aplazamientos, en funci\u00f3n del tipo de garant\u00eda aportada por el deudor, y por un plazo m\u00e1ximo de 36 plazos mensuales, salvo que el obligado hubiera solicitado un n\u00famero de plazos inferior, en cuyo caso, se conceder\u00e1n los plazos solicitados. Si las deudas son por IVA, ser\u00e1 necesario, adem\u00e1s, acreditar que las cuotas de IVA repercutidas no han sido pagadas\u201d.<\/em><\/p>\n<p style=\"text-align: justify;\">\n<p><strong>HACIENDA PODR\u00cdA VERSE BENEFICIADA DE LA DEVOLUCI\u00d3N DE LAS CLA\u00daSULAS SUELO:<\/strong><\/p>\n<p style=\"text-align: justify;\"><strong>\u00a0<\/strong><em>\u00a0\u00a0\u00a0\u00a0\u00a0\u00a0\u00a0\u00a0 <\/em><em>En relaci\u00f3n con la declaraci\u00f3n de nulidad de las cl\u00e1usulas suelo por la Sentencia del Tribunal Supremo de 9 de mayo de 2013 (<a href=\"https:\/\/www.iberley.es\/jurisprudencia\/ts-sala-de-lo-civil-n-241-2013-de-09-05-2013-rec-485-2012-8452501\">TS, Sala de lo Civil, n\u00ba 241\/2013, de 09\/05\/2013, Rec. 485\/2012<\/a>) \u00a0y tras las numerosas sentencias posteriores por las que se obliga a las entidades bancarias a devolver los intereses cobrados de forma abusiva, <u>la Direcci\u00f3n General de Tributos dicta diversas resoluciones de car\u00e1cter de vinculante, acerca de la tributaci\u00f3n de esos intereses abusivos a efectos del Impuesto sobre la Renta de las Personas F\u00edsicas.<\/u><\/em><\/p>\n<p style=\"text-align: justify;\"><em>\u00a0\u00a0\u00a0\u00a0\u00a0\u00a0\u00a0\u00a0 Las resoluciones son tres, y todas ellas son de <strong>fecha 3 de junio de 2016<\/strong>. En las resoluciones <strong>V2430-16<\/strong> \u00a0y <strong>V2431-16<\/strong>, la Direcci\u00f3n General de Tributos (DGT), expresa que: <strong>\u201cLa declaraci\u00f3n de nulidad de la denominada cl\u00e1usula suelo, con efectos econ\u00f3micos a partir de la fecha de publicaci\u00f3n de la sentencia del Tribunal Supremo de 9 de mayo de 2013, en cuanto comporta tener por no puesta aquella cl\u00e1usula a partir de esa fecha, conlleva que la restituci\u00f3n a la consultante de las cantidades pagadas de m\u00e1s por aplicaci\u00f3n de aqu\u00e9lla no constituya renta alguna sujeta al impuesto.\u201d <\/strong>Aunque, matiza lo siguiente: <strong>\u201c<u>En la medida en que tales cantidades hubieran formado parte de la base de la deducci\u00f3n por inversi\u00f3n en vivienda habitual practicada por el contribuyente, se perder\u00e1 el derecho a practicar la deducci\u00f3n en relaci\u00f3n con las mismas, lo que le obligar\u00e1 a regularizar su situaci\u00f3n tributaria<\/u>, a\u00f1adiendo las cantidades indebidamente deducidas por tal motivo a las cuotas l\u00edquidas devengadas en el ejercicio 2016, m\u00e1s los intereses de demora a que se refiere el art\u00edculo 26.6 de la Ley General Tributaria.\u201d<\/strong><\/em><\/p>\n<p style=\"text-align: justify;\"><em>\u00a0\u00a0\u00a0\u00a0\u00a0\u00a0\u00a0\u00a0 En la tercera de las resoluciones,<strong> V2429-16)<\/strong>, el caso a resolver deriva de la devoluci\u00f3n de los intereses que por error administrativo fueron cobrados por la entidad financiera, debido a que la escritura de pr\u00e9stamo no contemplaba la denominada cl\u00e1usula suelo. Una vez detectado dicho error, la entidad financiera procedi\u00f3 voluntariamente a reintegrar las cantidades indebidamente percibidas, y adem\u00e1s, le abon\u00f3 el inter\u00e9s legal del dinero vigente en cada a\u00f1o sobre las cantidades cobradas por error. La DGT, considera en este caso, en primer lugar, que <strong>\u201cLa devoluci\u00f3n al consultante de la diferencia entre los intereses que por error fueron efectivamente cargados a su pr\u00e9stamo y los que hubieran debido aplicarse, no constituye renta alguna sujeta al Impuesto.\u201d<\/strong>, <strong>aunque con la misma matizaci\u00f3n anterior,<\/strong> respecto a la p\u00e9rdida del derecho a practicar la deducci\u00f3n correspondiente.<\/em><\/p>\n<p style=\"text-align: justify;\">\n<p style=\"text-align: justify;\"><em>\u00a0\u00a0\u00a0\u00a0\u00a0\u00a0 Y concluye que, los intereses percibidos por el consultante como consecuencia del cargo por el banco de cantidades indebidas, en cuanto comportan una incorporaci\u00f3n de dinero al patrimonio de la contribuyente consultante \u201cno calificable como rendimientos\u201d dan lugar a la existencia de una ganancia patrimonial, tal como dispone el citado art\u00edculo 33.1 de la LIRFP. Ganancia patrimonial no amparada por ninguno de los supuestos de exenci\u00f3n establecidos legalmente y que, al no proceder de una transmisi\u00f3n, debe cuantificarse en el importe percibido por tal concepto<\/em><\/p>\n<p style=\"text-align: justify;\"><strong><em>\u00a0\u00a0\u00a0\u00a0\u00a0\u00a0\u00a0 <\/em><\/strong><em>\u00a0<u>Igual consideraci\u00f3n hay que aplicar a partir del fallo de la Sentencia del Tribunal Superior de Justicia de la Uni\u00f3n Europea, de fecha 21-12-2016.<\/u><\/em><\/p>\n<p><em><u>\u00a0<\/u><\/em><\/p>\n<p><strong>SALARIO MINIMO INTERPROFESIONAL:<\/strong><\/p>\n<p style=\"text-align: justify;\"><strong>\u00a0<\/strong>\u00a0\u00a0\u00a0\u00a0\u00a0\u00a0\u00a0\u00a0 <em>El Salario M\u00ednimo Interprofesional para el ejercicio 2017 queda situado en la cuant\u00eda de <strong>707,70.- euros mensuales<\/strong>, \u00a0seg\u00fan Real Decreto 742\/2016, de 30 de Diciembre, publicado en el BOE del 31 de Diciembre.<\/em><\/p>\n<p><strong>\u00a0<\/strong><\/p>\n<p><strong>MEDIDAS URGENTES DE PROTECCION DE CONSUMIDORES EN MATERIA DE CLAUSULAS SUELO.<\/strong><\/p>\n<p style=\"text-align: justify;\"><strong>\u00a0\u00a0\u00a0\u00a0\u00a0\u00a0\u00a0\u00a0 <\/strong><em>El pasado 21 de Enero del cte. a\u00f1o sali\u00f3 publicado en el BOE el <strong>Real Decreto-Ley 1\/2017, de 20 de enero, de medidas urgentes de protecci\u00f3n de consumidores en materia de cl\u00e1usulas suelo, <\/strong> cuyo borrador ha sido noticia en muchos\u00a0 medios de comunicaci\u00f3n. El objeto de dicha norma, que entr\u00f3 en vigor el mismo d\u00eda de su publicaci\u00f3n, \u00a0es <u>facilitar al devoluci\u00f3n de las cantidades indebidamente satisfechas por el consumidor a las entidades de cr\u00e9dito\u00a0 en aplicaci\u00f3n de determinadas clausulas suelo contenidas en contratos de pr\u00e9stamo o cr\u00e9dito garantizados\u00a0 con hipoteca inmobiliaria.<\/u><\/em><\/p>\n<p style=\"text-align: justify;\"><em>\u00a0\u00a0\u00a0\u00a0\u00a0\u00a0\u00a0\u00a0 Una vez que se tenga\u00a0 convenida la cantidad a devolver, el consumidor y la entidad de cr\u00e9dito podr\u00e1n adoptar\u00a0 una medida compensatoria distinta a la devoluci\u00f3n\u00a0 del efectivo, para lo cual se requerir\u00e1 que el consumidor haya recibido una informaci\u00f3n suficiente y adecuada sobre la cantidad a devolver.<\/em><\/p>\n<p style=\"text-align: justify;\"><em>\u00a0\u00a0\u00a0\u00a0\u00a0\u00a0\u00a0\u00a0 El procedimiento de reclamaci\u00f3n extrajudicial\u00a0 tendr\u00e1 car\u00e1cter gratuito. La formalizaci\u00f3n de la escritura p\u00fablica y la inscripci\u00f3n\u00a0 registral que,\u00a0 en su caso, pudiera derivarse del acuerdo alcanzado devengar\u00e1 exclusivamente los derechos arancelarios notariales y registrales correspondientes, de manera respectiva, a un documento sin cuant\u00eda y a una inscripci\u00f3n m\u00ednima, cualquiera que sea la base.<\/em><\/p>\n<p style=\"text-align: justify;\"><em>\u00a0<\/em><em>\u00a0\u00a0\u00a0\u00a0\u00a0\u00a0\u00a0\u00a0 Los procedimientos judiciales iniciados con anterioridad a la entrada en vigor del presente Real Decreto-Ley podr\u00e1n ser suspendidos de mutuo acuerdo y las partes someterse al procedimiento extrajudicial regulado en el mismo.<\/em><\/p>\n<p style=\"text-align: justify;\"><em>\u00a0<\/em><em>\u00a0\u00a0\u00a0\u00a0\u00a0\u00a0\u00a0\u00a0 Ante cualquier duda o aclaraci\u00f3n al respecto que necesite\/n, por favor, p\u00f3nganse\/n en contacto con este Despacho.<\/em><strong>\u00a0<\/strong><\/p>\n<p style=\"text-align: justify;\">\n<p><strong>DIAS FESTIVOS:<\/strong><\/p>\n<p style=\"text-align: justify;\"><strong>\u00a0<\/strong><strong>\u00a0\u00a0\u00a0\u00a0\u00a0\u00a0\u00a0\u00a0 <\/strong><em>Seg\u00fan la Resoluci\u00f3n de 13 de Diciembre de 2016, de la Direcci\u00f3n General de Relaciones aborales y Seguridad\u00a0 y Salud Laboral de la Consejer\u00eda de Empleo, Empresa y Comercio, el <strong>pr\u00f3ximo d\u00eda 27 de Febrero ser\u00e1 considerado Fiesta Local en C\u00e1diz capital<\/strong> (Lunes de Carnaval). Si desea\/n conocer las\u00a0 fiestas locales del resto de poblaciones de\u00a0 la provincia de C\u00e1diz o del resto de las de Andaluc\u00eda,\u00a0 pueden solicitarlo a este Despacho y le\/s informaremos oportunamente.<\/em><\/p>\n<p style=\"text-align: justify;\">\n<p style=\"text-align: justify;\"><em>\u00a0<\/em><em>\u00a0\u00a0\u00a0\u00a0\u00a0\u00a0 El pr\u00f3ximo <strong>d\u00eda 28 de Febrero, (Martes), D\u00eda de Andaluc\u00eda, ser\u00e1 considerado Fiesta Laboral<\/strong>, seg\u00fan el Decreto 103\/2016, de 17 de Mayo, de la Consejer\u00eda de Empleo, Empresa y Comercio.<\/em><\/p>\n<p>&nbsp;<\/p>\n<p style=\"text-align: center;\">***********************<\/p>\n<p>&nbsp;<\/p>\n<p>&nbsp;<\/p>\n<p>&nbsp;<\/p>\n<p><em>\u00a0<\/em><\/p>\n<p><em>\u00a0<\/em><\/p>\n","protected":false},"excerpt":{"rendered":"<p>Esta es la Circular del mes de Enero de 2017 que, como es costumbre, edito mensualmente en mi Despacho y que comparto para todos los que\u00a0segu\u00eds\u00a0\u00a0 mi blog. MUY IMPORTANTE: SEGUIMIENTO DE LA INSPECCI\u00d3N DE TRABAJO: REGISTRO DIARIO DE LA JORNADA DE TRABAJO: \u00a0\u00a0\u00a0\u00a0\u00a0\u00a0\u00a0 Este punto se ha convertido en habitual en nuestra circular y [&hellip;]<\/p>\n","protected":false},"author":1,"featured_media":0,"comment_status":"open","ping_status":"open","sticky":false,"template":"","format":"standard","meta":{"footnotes":""},"categories":[1],"tags":[],"class_list":["post-2395","post","type-post","status-publish","format-standard","hentry","category-sin-categoria"],"_links":{"self":[{"href":"https:\/\/elblogdejoseblasfernandez.com\/index.php?rest_route=\/wp\/v2\/posts\/2395","targetHints":{"allow":["GET"]}}],"collection":[{"href":"https:\/\/elblogdejoseblasfernandez.com\/index.php?rest_route=\/wp\/v2\/posts"}],"about":[{"href":"https:\/\/elblogdejoseblasfernandez.com\/index.php?rest_route=\/wp\/v2\/types\/post"}],"author":[{"embeddable":true,"href":"https:\/\/elblogdejoseblasfernandez.com\/index.php?rest_route=\/wp\/v2\/users\/1"}],"replies":[{"embeddable":true,"href":"https:\/\/elblogdejoseblasfernandez.com\/index.php?rest_route=%2Fwp%2Fv2%2Fcomments&post=2395"}],"version-history":[{"count":1,"href":"https:\/\/elblogdejoseblasfernandez.com\/index.php?rest_route=\/wp\/v2\/posts\/2395\/revisions"}],"predecessor-version":[{"id":2403,"href":"https:\/\/elblogdejoseblasfernandez.com\/index.php?rest_route=\/wp\/v2\/posts\/2395\/revisions\/2403"}],"wp:attachment":[{"href":"https:\/\/elblogdejoseblasfernandez.com\/index.php?rest_route=%2Fwp%2Fv2%2Fmedia&parent=2395"}],"wp:term":[{"taxonomy":"category","embeddable":true,"href":"https:\/\/elblogdejoseblasfernandez.com\/index.php?rest_route=%2Fwp%2Fv2%2Fcategories&post=2395"},{"taxonomy":"post_tag","embeddable":true,"href":"https:\/\/elblogdejoseblasfernandez.com\/index.php?rest_route=%2Fwp%2Fv2%2Ftags&post=2395"}],"curies":[{"name":"wp","href":"https:\/\/api.w.org\/{rel}","templated":true}]}}