{"id":2404,"date":"2017-02-17T10:02:52","date_gmt":"2017-02-17T09:02:52","guid":{"rendered":"http:\/\/elblogdejoseblasfernandez.com\/?p=2404"},"modified":"2017-02-17T10:02:52","modified_gmt":"2017-02-17T09:02:52","slug":"comparecencia-de-los-graduados-sociales-ante-la-comision-se-seguimiento-y-evaluacion-de-los-acuerdos-del-pacto-de-toledo","status":"publish","type":"post","link":"https:\/\/elblogdejoseblasfernandez.com\/?p=2404","title":{"rendered":"COMPARECENCIA DE LOS GRADUADOS SOCIALES ANTE LA COMISI\u00d3N SE SEGUIMIENTO Y EVALUACI\u00d3N DE LOS ACUERDOS DEL PACTO DE TOLEDO."},"content":{"rendered":"<p style=\"text-align: justify;\">\u00a0\u00a0\u00a0\u00a0\u00a0\u00a0\u00a0\u00a0 El Consejo General de Colegios de Graduados Sociales compareci\u00f3 por medio de una Comisi\u00f3n designada al efecto, el pasado d\u00eda 15 de Febrero del cte. a\u00f1o 2017, \u00a0junto al Presidente del mismo, ante la Comisi\u00f3n de Seguimiento y Evaluaci\u00f3n de los Acuerdos del Pacto de Toledo,\u00a0 en el Congreso de los Diputados, para exponer la opini\u00f3n de nuestro colectivo ante la situaci\u00f3n de preocupaci\u00f3n\u00a0 o alarma social que existe en el mundo del trabajo y respecto de los pensionistas la inseguridad de saber\u00a0 si las pensiones en nuestro pa\u00eds van a ser abonadas en los pr\u00f3ximos a\u00f1os venideros. Para ello, se expuso ante la Comisi\u00f3n nuestro parecer porque entendemos que el Sistema de Pensiones es sostenible, que si bien debido fundamentalmente a la crisis econ\u00f3mica y a la destrucci\u00f3n de empleo que hemos vivido en los \u00faltimos a\u00f1os, se ha producido un desequilibrio presupuestario que ha cogido de lleno al Sistema P\u00fablico de Pensiones, hemos hecho constar que se hace\u00a0 necesario y urgente una informaci\u00f3n clara a la poblaci\u00f3n\u00a0 y se expuso\u00a0 el mundo en el que los Graduados Sociales se desenvuelven como ocurre en los aut\u00f3nomos, pymes y micropymes donde somos los \u201cgerentes\u201d desde \u00a0los despachos profesionales.<\/p>\n<p style=\"text-align: justify;\">\n<p style=\"text-align: justify;\">\u00a0\u00a0\u00a0\u00a0\u00a0\u00a0\u00a0\u00a0 Los Graduados Sociales hemos expuesto el cambio real que deben tener los aut\u00f3nomos, ya que la mayor\u00eda se encuentran muy desprotegidos respecto de \u00a0otros reg\u00edmenes como el general, por lo que pedimos una actualizaci\u00f3n y modernizaci\u00f3n del RETA.\u00a0 Tambi\u00e9n expusimos que si desde los 16 a\u00f1os se permite trabajar en Espa\u00f1a a menores, tambi\u00e9n desde esa edad y en los colegios deber\u00eda explicarse el tan complejo mundo de las pensiones, del desempleo, de las cotizaciones y de los derechos de los futuros trabajadores.<\/p>\n<p style=\"text-align: justify;\">\u00a0\u00a0\u00a0\u00a0\u00a0\u00a0\u00a0\u00a0 Efectivamente, compartimos la tesis de que lo importante es crear empleo, pero hay que llevar a cabo un plan de calidad y se incidi\u00f3 en el control del gasto, sobretodo en la mala utilizaci\u00f3n de \u201clas bajas m\u00e9dicas\u201d y de la creaci\u00f3n de un cuerpo de facultativos para dicho control, sin olvidar el papel de las Mutuas Colaboradoras de la Seguridad Social, donde los m\u00e9dicos de \u00e9stas est\u00e1n\u00a0 capacitados tanto o igual\u00a0 que los m\u00e9dicos del sistema de salud p\u00fablica para conceder las bajas y las altas, m\u00e1xime cuando se pueden establecer mecanismos de revisi\u00f3n como ya existen para las altas de las contingencias profesionales.<\/p>\n<p style=\"text-align: justify;\">\n<p style=\"text-align: justify;\">\u00a0\u00a0\u00a0\u00a0\u00a0\u00a0\u00a0\u00a0 Hubo un intercambio de preguntas sobre la prestaci\u00f3n de viudedad, jubilaci\u00f3n, absentismo laboral, moobing y el estr\u00e9s laboral, a lo que el Presidente del Consejo fue contestando uno a uno\u00a0 e hizo hincapi\u00e9 en el modelo austriaco denominado \u201cla mochila austriaca\u201d, en el que cada trabajador lleva consigo su antig\u00fcedad, \u00a0aunque vaya cambiando de empresa para el caso de que en alg\u00fan momento de su vida laboral se quedara sin empleo por despido, lo cual podr\u00eda usarlo para complementar su jubilaci\u00f3n en el\u00a0 supuesto de no haberlo necesitado antes de la fecha total o parcialmente. \u00a0De igual modo, se expuesto que no se entiende c\u00f3mo\u00a0 no se ha puesto en marcha aqu\u00e9l contrato que tanto empleo cre\u00f3\u00a0 como fue el de \u201clanzamiento de nueva actividad\u201d y otros similares que crearon\u00a0 m\u00e1s de dos millones de empleo, cosa que el Ministerio no es corresponsable con esta apuesta.<\/p>\n<p style=\"text-align: justify;\">\u00a0\u00a0\u00a0\u00a0\u00a0\u00a0\u00a0\u00a0 Se habl\u00f3 de nuestro\u00a0 papel con la Seguridad Social desde la entrada del Sistema RED, as\u00ed como los distintos procesos de jubilaci\u00f3n y de longevidad que hoy acorralan al Sistema P\u00fablico de Pensiones.<\/p>\n<p style=\"text-align: justify;\">\u00a0\u00a0\u00a0\u00a0\u00a0\u00a0\u00a0\u00a0 La Comisi\u00f3n que estuvo presidida por la Diputada de Ciudadanos, Elena Faba, agradeci\u00f3\u00a0 el papel del colectivo y se\u00a0 intercambiaron distintos pareceres con la portavoz del PSOE, de Ciudadanos, de PODEMOS y del Partido Popular. La comparecencia dur\u00f3 dos horas aproximadamente y como miembro de la misma te debo participar la satisfacci\u00f3n de que nuestro colectivo est\u00e1 siendo o\u00eddo para el futuro cambio que habr\u00e1 de las pensiones en Espa\u00f1a y su sostenibilidad.<\/p>\n","protected":false},"excerpt":{"rendered":"<p>\u00a0\u00a0\u00a0\u00a0\u00a0\u00a0\u00a0\u00a0 El Consejo General de Colegios de Graduados Sociales compareci\u00f3 por medio de una Comisi\u00f3n designada al efecto, el pasado d\u00eda 15 de Febrero del cte. a\u00f1o 2017, \u00a0junto al Presidente del mismo, ante la Comisi\u00f3n de Seguimiento y Evaluaci\u00f3n de los Acuerdos del Pacto de Toledo,\u00a0 en el Congreso de los Diputados, para exponer [&hellip;]<\/p>\n","protected":false},"author":1,"featured_media":0,"comment_status":"open","ping_status":"open","sticky":false,"template":"","format":"standard","meta":{"footnotes":""},"categories":[1],"tags":[],"class_list":["post-2404","post","type-post","status-publish","format-standard","hentry","category-sin-categoria"],"_links":{"self":[{"href":"https:\/\/elblogdejoseblasfernandez.com\/index.php?rest_route=\/wp\/v2\/posts\/2404","targetHints":{"allow":["GET"]}}],"collection":[{"href":"https:\/\/elblogdejoseblasfernandez.com\/index.php?rest_route=\/wp\/v2\/posts"}],"about":[{"href":"https:\/\/elblogdejoseblasfernandez.com\/index.php?rest_route=\/wp\/v2\/types\/post"}],"author":[{"embeddable":true,"href":"https:\/\/elblogdejoseblasfernandez.com\/index.php?rest_route=\/wp\/v2\/users\/1"}],"replies":[{"embeddable":true,"href":"https:\/\/elblogdejoseblasfernandez.com\/index.php?rest_route=%2Fwp%2Fv2%2Fcomments&post=2404"}],"version-history":[{"count":1,"href":"https:\/\/elblogdejoseblasfernandez.com\/index.php?rest_route=\/wp\/v2\/posts\/2404\/revisions"}],"predecessor-version":[{"id":2407,"href":"https:\/\/elblogdejoseblasfernandez.com\/index.php?rest_route=\/wp\/v2\/posts\/2404\/revisions\/2407"}],"wp:attachment":[{"href":"https:\/\/elblogdejoseblasfernandez.com\/index.php?rest_route=%2Fwp%2Fv2%2Fmedia&parent=2404"}],"wp:term":[{"taxonomy":"category","embeddable":true,"href":"https:\/\/elblogdejoseblasfernandez.com\/index.php?rest_route=%2Fwp%2Fv2%2Fcategories&post=2404"},{"taxonomy":"post_tag","embeddable":true,"href":"https:\/\/elblogdejoseblasfernandez.com\/index.php?rest_route=%2Fwp%2Fv2%2Ftags&post=2404"}],"curies":[{"name":"wp","href":"https:\/\/api.w.org\/{rel}","templated":true}]}}