{"id":2408,"date":"2017-02-21T10:17:33","date_gmt":"2017-02-21T09:17:33","guid":{"rendered":"http:\/\/elblogdejoseblasfernandez.com\/?p=2408"},"modified":"2017-02-21T10:17:33","modified_gmt":"2017-02-21T09:17:33","slug":"ciudad-de-la-justicia-ya-no-hay-excusas","status":"publish","type":"post","link":"https:\/\/elblogdejoseblasfernandez.com\/?p=2408","title":{"rendered":"CIUDAD DE LA JUSTICIA: YA NO HAY EXCUSAS"},"content":{"rendered":"<p>\u201cM\u00e1s vale un toma que dos te dar\u00e9\u201d.<\/p>\n<p style=\"text-align: justify;\">\u00a0Este consejo, extra\u00eddo de nuestro sabio refranero, resume a la perfecci\u00f3n la postura adoptada por nuestro Colegio Oficial de Graduados Sociales en relaci\u00f3n al proyecto de agrupaci\u00f3n de sedes judiciales en C\u00e1diz capital, lo que hace m\u00e1s de tres lustros se vendi\u00f3, a bombo y platillo, como \u201cCiudad de la Justicia\u201d, y que en las \u00faltimas semanas viene protagonizando de nuevo titulares de prensa por su anunciada reubicaci\u00f3n.<\/p>\n<p style=\"text-align: justify;\">15 a\u00f1os\u00a0y un poco m\u00e1s, es el tiempo que nuestro Colegio ha venido insistiendo en la necesidad de reunir en un mismo entorno f\u00edsico a todas las sedes judiciales de la ciudad con varias finalidades: facilitar la calidad asistencial a los justiciables: ciudadanos y personas u organizaciones jur\u00eddicas que demandan el ejercicio de la Justicia y calidad tambi\u00e9n para los profesionales que intervienen en su gesti\u00f3n y administraci\u00f3n representando a las partes, organizando procedimientos y recursos, o juzgando y haciendo cumplir las sentencias y fallos.<\/p>\n<p style=\"text-align: justify;\">Tambi\u00e9n para optimizar recursos, corrigiendo una situaci\u00f3n insostenible de falta de medios adecuados, salas de vistas, despachos, dependencias profesionales y las m\u00e1s m\u00ednimas infraestructuras necesarias en un sistema garantista como el nuestro.<\/p>\n<p style=\"text-align: justify;\">E igualmente, para dinamizar un servicio esencial como el de la Justicia, cuyo desarrollo debe estar asegurado por los poderes p\u00fablicos bajo unos m\u00ednimos de eficiencia.<\/p>\n<p style=\"text-align: justify;\">Por eso, tras 15 a\u00f1os y despu\u00e9s de haber sido los graduados sociales un colectivo combativo, insistente y reiterativo en las justas demandas para corregir un agravio comparativo con otras ciudades andaluzas, hemos obtenido una respuesta con visos de viabilidad por parte de la Junta de Andaluc\u00eda.<\/p>\n<p style=\"text-align: justify;\">Durante estas dos d\u00e9cadas largas, desde que se presentara con gran estruendo medi\u00e1tico el primer proyecto de la Ciudad de la Justicia, en los terrenos de la antigua Instituci\u00f3n Provincial, la Junta de Andaluc\u00eda se dedic\u00f3 a marear la perdiz: ahora la cambiamos a la Zona Franca, ahora a la Escuela de N\u00e1utica, ahora a no se sabe d\u00f3nde.<\/p>\n<p style=\"text-align: justify;\">Durante estas m\u00e1s de dos d\u00e9cadas, mientras nuestro Colegio Profesional se desgastaba criticando los vaivenes de la Junta de Andaluc\u00eda, cuestionaba las promesas recurrentes de cada campa\u00f1a electoral, y apelaba por un consenso de todos los operadores jur\u00eddicos de C\u00e1diz para demandar la Ciudad de la Justicia, el resto de colectivos profesionales prefer\u00eda guardar silencio y mostrar una imagen de indolencia, ante la pasividad de los sucesivos gobiernos auton\u00f3micos.<\/p>\n<p style=\"text-align: justify;\">\n<p style=\"text-align: justify;\">El pasado diciembre, y despu\u00e9s de una larga sucesi\u00f3n de reivindicaciones, escritos y peticiones de audiencias de nuestro Colegio con los responsables pol\u00edticos de la Junta, dijimos \u201cbasta\u201d.<\/p>\n<p style=\"text-align: justify;\">Reclamamos, de manera en\u00e9rgica, respuestas convincentes, de una vez por todas, al problema de la carencia de infraestructuras judiciales en C\u00e1diz, importante cabeza de demarcaci\u00f3n judicial. Hicimos llegar al delegado del Gobierno de la Junta de Andaluc\u00eda en C\u00e1diz, Fernando L\u00f3pez Gil, nuestra indignaci\u00f3n por la falta de compromiso en este tema. No quer\u00edamos m\u00e1s respuestas evasivas, ni m\u00e1s promesas, sino simple y llanamente, y desde el respeto institucional, una propuesta realista y viable. Sostenible y capaz de ser llevada a buen t\u00e9rmino.<\/p>\n<p>Quer\u00edamos verdades, no m\u00e1s promesas. Menos planos y m\u00e1s planes.<\/p>\n<p style=\"text-align: justify;\">Una vez m\u00e1s, como operadores jur\u00eddicos, nos vimos solos ante este problema, mientras otros colectivos profesionales se deb\u00edan sentir m\u00e1s c\u00f3modos en su zona de confort, sin desgastarse, sin entrar en pol\u00e9micas.<\/p>\n<p style=\"text-align: justify;\">La respuesta a nuestra insistencia lleg\u00f3. Por fin fuimos recibidos por el delegado de la Junta en una reuni\u00f3n que, debo decir, respondi\u00f3 a nuestras expectativas: olvidar el inicial proyecto fara\u00f3nico en San Severiano, y retomar la Ciudad de la Justicia desde una premisa de viabilidad en el medio y corto plazo.<\/p>\n<p style=\"text-align: justify;\">El resto es de todos conocido a trav\u00e9s de las noticias publicadas en este medio y confirmadas por la presidenta de la Junta, el alcalde de C\u00e1diz, y m\u00e1s tarde por el consejero Emilio de Llera: la Ciudad de la Justicia no se levantar\u00e1 en el solar de la Instituci\u00f3n Provincial, por el elevado coste del proyecto. Pero s\u00ed se apost\u00f3 por una alternativa viable: las instalaciones de los antiguos dep\u00f3sitos de Tabacalera, en Loreto. Y se nos dio la raz\u00f3n en la ra\u00edz del problema: no podemos seguir como estamos, en sedes dispersas y mal acondicionadas.<\/p>\n<p style=\"text-align: justify;\">\n<p style=\"text-align: justify;\">Result\u00f3 satisfactorio que el m\u00e1ximo representante de la Junta en la provincia, su delegado provincial, reconociese la implicaci\u00f3n de nuestro Colegio en la mejora de la Justicia. Una reivindicaci\u00f3n en la que estuvimos solos.<\/p>\n<p style=\"text-align: justify;\">Nos sorprende y choca que ahora, cuando la presidenta de la Junta y el alcalde de C\u00e1diz han acordado llevar a cabo la Ciudad de la Justicia en los terrenos de Tabacalera, equidistantes de los dos puentes de acceso a C\u00e1diz, con aparcamientos subterr\u00e1neos y en superficie, en una zona de expansi\u00f3n de la ciudad; cuando el consejero de Justicia visita los terrenos para detallar el plan\u2026 otros operadores jur\u00eddicos salgan por la tangente y propongan, a estas alturas del partido, otra alternativa m\u00e1s, la m\u00e1s inviable de todas: el solar del antiguo Gobierno Civil.<\/p>\n<p style=\"text-align: justify;\">Solo para desafectar estos terrenos junto a las Puertas del Tierra de su titularidad estatal, podr\u00edan pasar a\u00f1os de tr\u00e1mites, permutas y expedientes. Su ubicaci\u00f3n, por otro lado, no responder\u00eda a criterios de accesibilidad ni de facilidad para el transporte o los aparcamientos. Todo lo contrario. Y el coste convertir\u00eda de nuevo el proyecto en otra iniciativa inviable.<\/p>\n<p style=\"text-align: justify;\">Por eso, insistimos en dar por buena, si finalmente se lleva a cabo, la m\u00e1s viable propuesta de Tabacalera. M\u00e1s vale un toma que dos dar\u00e9.\u00a0 M\u00e1s vale p\u00e1jaro en mano que ciento volando. M\u00e1s vale aprovechar este tren que seguir so\u00f1ando. M\u00e1s vale una Ciudad de la Justicia en tiempo y forma, que mil im\u00e1genes virtuales, aqu\u00ed o en el m\u00e1s all\u00e1.<\/p>\n<p style=\"text-align: justify;\">Veremos si esta vez va en serio.<\/p>\n","protected":false},"excerpt":{"rendered":"<p>\u201cM\u00e1s vale un toma que dos te dar\u00e9\u201d. \u00a0Este consejo, extra\u00eddo de nuestro sabio refranero, resume a la perfecci\u00f3n la postura adoptada por nuestro Colegio Oficial de Graduados Sociales en relaci\u00f3n al proyecto de agrupaci\u00f3n de sedes judiciales en C\u00e1diz capital, lo que hace m\u00e1s de tres lustros se vendi\u00f3, a bombo y platillo, como [&hellip;]<\/p>\n","protected":false},"author":1,"featured_media":0,"comment_status":"open","ping_status":"open","sticky":false,"template":"","format":"standard","meta":{"footnotes":""},"categories":[3],"tags":[],"class_list":["post-2408","post","type-post","status-publish","format-standard","hentry","category-vida-profesional"],"_links":{"self":[{"href":"https:\/\/elblogdejoseblasfernandez.com\/index.php?rest_route=\/wp\/v2\/posts\/2408","targetHints":{"allow":["GET"]}}],"collection":[{"href":"https:\/\/elblogdejoseblasfernandez.com\/index.php?rest_route=\/wp\/v2\/posts"}],"about":[{"href":"https:\/\/elblogdejoseblasfernandez.com\/index.php?rest_route=\/wp\/v2\/types\/post"}],"author":[{"embeddable":true,"href":"https:\/\/elblogdejoseblasfernandez.com\/index.php?rest_route=\/wp\/v2\/users\/1"}],"replies":[{"embeddable":true,"href":"https:\/\/elblogdejoseblasfernandez.com\/index.php?rest_route=%2Fwp%2Fv2%2Fcomments&post=2408"}],"version-history":[{"count":1,"href":"https:\/\/elblogdejoseblasfernandez.com\/index.php?rest_route=\/wp\/v2\/posts\/2408\/revisions"}],"predecessor-version":[{"id":2412,"href":"https:\/\/elblogdejoseblasfernandez.com\/index.php?rest_route=\/wp\/v2\/posts\/2408\/revisions\/2412"}],"wp:attachment":[{"href":"https:\/\/elblogdejoseblasfernandez.com\/index.php?rest_route=%2Fwp%2Fv2%2Fmedia&parent=2408"}],"wp:term":[{"taxonomy":"category","embeddable":true,"href":"https:\/\/elblogdejoseblasfernandez.com\/index.php?rest_route=%2Fwp%2Fv2%2Fcategories&post=2408"},{"taxonomy":"post_tag","embeddable":true,"href":"https:\/\/elblogdejoseblasfernandez.com\/index.php?rest_route=%2Fwp%2Fv2%2Ftags&post=2408"}],"curies":[{"name":"wp","href":"https:\/\/api.w.org\/{rel}","templated":true}]}}