{"id":2413,"date":"2017-02-21T19:46:17","date_gmt":"2017-02-21T18:46:17","guid":{"rendered":"http:\/\/elblogdejoseblasfernandez.com\/?p=2413"},"modified":"2017-02-21T19:46:17","modified_gmt":"2017-02-21T18:46:17","slug":"el-dia-20-de-febrero-dia-mundial-de-la-justicia-social","status":"publish","type":"post","link":"https:\/\/elblogdejoseblasfernandez.com\/?p=2413","title":{"rendered":"EL DIA 20 DE FEBRERO: DIA MUNDIAL DE LA JUSTICIA SOCIAL"},"content":{"rendered":"<p style=\"text-align: justify;\">Como Presidente del Consejo Andaluz de Colegios de Graduados Sociales, todos los Graduados Sociales de Andaluc\u00eda nos sumamos a la celebraci\u00f3n del D\u00eda Mundial de la Justicia Social, mediante una nota de prensa que se public\u00f3 en todos los medios de comunicaci\u00f3n y que\u00a0 se transcribe seguidamente:<\/p>\n<p>\u00abEl Consejo Andaluz de Graduados Sociales se suma a la celebraci\u00f3n del D\u00eda Mundial de la Justicia Social<\/p>\n<p style=\"text-align: justify;\"><em>\u201cNuestro c\u00f3digo deontol\u00f3gico hace especial \u00e9nfasis en el car\u00e1cter de nuestro cometido como servicio a la sociedad\u201d, se\u00f1ala su presidente, Jos\u00e9 Blas Fern\u00e1ndez<\/em><\/p>\n<p style=\"text-align: justify;\"><strong><em>20 de febrero de 2017.-<\/em><\/strong> El Consejo Andaluz de Colegios Oficiales de Graduados Sociales se suma hoy a la celebraci\u00f3n del D\u00eda Mundial de la Justicia Social, que se celebra cada 20 de febrero desde su declaraci\u00f3n por la Asamblea General de las Naciones Unidas en 2007.<\/p>\n<p style=\"text-align: justify;\">\n<p style=\"text-align: justify;\">El presidente del Consejo, Jos\u00e9 Blas Fern\u00e1ndez S\u00e1nchez, ha se\u00f1alado que \u201choy es un d\u00eda muy especial para nuestra profesi\u00f3n, un momento para reivindicar la Justicia Social como un principio fundamental para la convivencia pac\u00edfica y pr\u00f3spera. Como operadores jur\u00eddicos, como profesionales, somos una pieza m\u00e1s del engranaje de la Justicia Social, y la nuestra es una actividad en constante evoluci\u00f3n, como consecuencia del cada vez mayor ritmo de cambios de nuestra sociedad\u201d.<\/p>\n<p style=\"text-align: justify;\">La Justicia Social es \u201cun concepto muy amplio, en el que sin duda tambi\u00e9n tienen cabida temas que nos ata\u00f1en a diario a los graduados sociales en nuestra relaci\u00f3n con personas que necesitan de nuestro trabajo\u201d, agrega el presidente. \u201cNuestro c\u00f3digo deontol\u00f3gico hace especial \u00e9nfasis en la obligaci\u00f3n del graduado social de tener presente en todo momento el car\u00e1cter de su cometido como servicio a la sociedad\u201d.<\/p>\n<p style=\"text-align: justify;\">\u201cPara las Naciones Unidas, la b\u00fasqueda de la justicia social universal representa el n\u00facleo de su misi\u00f3n en la promoci\u00f3n del desarrollo y la dignidad humana\u201d, recuerda el presidente del Consejo Andaluz de Colegios Oficiales de Graduados Sociales, para quien \u201choy es un d\u00eda para hablar con may\u00fasculas de la Justicia, entendida como un bien fundamental, indispensable, que requiere una reflexi\u00f3n continua para que pueda llegar a todos en igualdad de condiciones, como nos pide Naciones Unidas\u201d.<\/p>\n<p style=\"text-align: justify;\">Desde el consejo que aglutina a los graduados sociales se har\u00e1 hincapi\u00e9 en trasladar a la sociedad andaluza que la Justicia Social, \u201cse centra en garantizar resultados equitativos para todos a trav\u00e9s del empleo, la protecci\u00f3n social, el di\u00e1logo social, y los principios y derechos fundamentales en el trabajo\u201d, como destaca la declaraci\u00f3n de la ONU, \u201cque debe formar parte de nuestro desempe\u00f1o diario\u201d, a\u00f1ade Jos\u00e9 Blas Fern\u00e1ndez.<\/p>\n<p style=\"text-align: center;\"><strong>\u00a0<\/strong><strong>Consejo Andaluz de Colegios Oficiales de Graduados Sociales\u00bb<\/strong><\/p>\n","protected":false},"excerpt":{"rendered":"<p>Como Presidente del Consejo Andaluz de Colegios de Graduados Sociales, todos los Graduados Sociales de Andaluc\u00eda nos sumamos a la celebraci\u00f3n del D\u00eda Mundial de la Justicia Social, mediante una nota de prensa que se public\u00f3 en todos los medios de comunicaci\u00f3n y que\u00a0 se transcribe seguidamente: \u00abEl Consejo Andaluz de Graduados Sociales se suma [&hellip;]<\/p>\n","protected":false},"author":1,"featured_media":0,"comment_status":"open","ping_status":"open","sticky":false,"template":"","format":"standard","meta":{"footnotes":""},"categories":[3],"tags":[],"class_list":["post-2413","post","type-post","status-publish","format-standard","hentry","category-vida-profesional"],"_links":{"self":[{"href":"https:\/\/elblogdejoseblasfernandez.com\/index.php?rest_route=\/wp\/v2\/posts\/2413","targetHints":{"allow":["GET"]}}],"collection":[{"href":"https:\/\/elblogdejoseblasfernandez.com\/index.php?rest_route=\/wp\/v2\/posts"}],"about":[{"href":"https:\/\/elblogdejoseblasfernandez.com\/index.php?rest_route=\/wp\/v2\/types\/post"}],"author":[{"embeddable":true,"href":"https:\/\/elblogdejoseblasfernandez.com\/index.php?rest_route=\/wp\/v2\/users\/1"}],"replies":[{"embeddable":true,"href":"https:\/\/elblogdejoseblasfernandez.com\/index.php?rest_route=%2Fwp%2Fv2%2Fcomments&post=2413"}],"version-history":[{"count":1,"href":"https:\/\/elblogdejoseblasfernandez.com\/index.php?rest_route=\/wp\/v2\/posts\/2413\/revisions"}],"predecessor-version":[{"id":2415,"href":"https:\/\/elblogdejoseblasfernandez.com\/index.php?rest_route=\/wp\/v2\/posts\/2413\/revisions\/2415"}],"wp:attachment":[{"href":"https:\/\/elblogdejoseblasfernandez.com\/index.php?rest_route=%2Fwp%2Fv2%2Fmedia&parent=2413"}],"wp:term":[{"taxonomy":"category","embeddable":true,"href":"https:\/\/elblogdejoseblasfernandez.com\/index.php?rest_route=%2Fwp%2Fv2%2Fcategories&post=2413"},{"taxonomy":"post_tag","embeddable":true,"href":"https:\/\/elblogdejoseblasfernandez.com\/index.php?rest_route=%2Fwp%2Fv2%2Ftags&post=2413"}],"curies":[{"name":"wp","href":"https:\/\/api.w.org\/{rel}","templated":true}]}}