{"id":3363,"date":"2020-11-29T14:32:49","date_gmt":"2020-11-29T13:32:49","guid":{"rendered":"http:\/\/elblogdejoseblasfernandez.com\/?p=3363"},"modified":"2020-11-29T14:32:52","modified_gmt":"2020-11-29T13:32:52","slug":"politicas-de-control-de-precios-maximos-de-alquiler-y-el-nuevo-anteproyecto-de-ley-por-el-derecho-a-la-vivienda","status":"publish","type":"post","link":"https:\/\/elblogdejoseblasfernandez.com\/?p=3363","title":{"rendered":"POL\u00cdTICAS DE CONTROL DE PRECIOS M\u00c1XIMOS DE ALQUILER Y EL NUEVO ANTEPROYECTO DE LEY POR EL DERECHO A LA VIVIENDA."},"content":{"rendered":"\n<p>Hoy, os hago part\u00edcipes de un interesante art\u00edculo del Arquitecto \u00a0gaditano, D. Gumersindo Fern\u00e1ndez Reyes, al que pod\u00e9is acceder desde el siguiente enlace: <\/p>\n\n\n\n<p><blockquote class=\"wp-embedded-content\" data-secret=\"Dy5rVgfJ6t\"><a href=\"https:\/\/gumersindofernandez.com\/blog\/2020\/11\/27\/politicas-de-control-de-precios-maximos-de-alquiler-y-el-nuevo-anteproyecto-de-ley-por-el-derecho-a-la-vivienda\/\">POL\u00cdTICAS DE CONTROL DE PRECIOS M\u00c1XIMOS DE ALQUILER Y EL NUEVO ANTEPROYECTO DE LEY POR EL DERECHO A LA VIVIENDA.<\/a><\/blockquote><iframe class=\"wp-embedded-content\" sandbox=\"allow-scripts\" security=\"restricted\" style=\"position: absolute; clip: rect(1px, 1px, 1px, 1px);\" title=\"\u00abPOL\u00cdTICAS DE CONTROL DE PRECIOS M\u00c1XIMOS DE ALQUILER Y EL NUEVO ANTEPROYECTO DE LEY POR EL DERECHO A LA VIVIENDA.\u00bb \u2014 Blog Gumersindo Fern\u00e1ndez Arquitectos\" src=\"https:\/\/gumersindofernandez.com\/blog\/2020\/11\/27\/politicas-de-control-de-precios-maximos-de-alquiler-y-el-nuevo-anteproyecto-de-ley-por-el-derecho-a-la-vivienda\/embed\/#?secret=D66OEUsyhl#?secret=Dy5rVgfJ6t\" data-secret=\"Dy5rVgfJ6t\" width=\"600\" height=\"338\" frameborder=\"0\" marginwidth=\"0\" marginheight=\"0\" scrolling=\"no\"><\/iframe><\/p>\n\n\n\n<p><\/p>\n","protected":false},"excerpt":{"rendered":"<p>Hoy, os hago part\u00edcipes de un interesante art\u00edculo del Arquitecto \u00a0gaditano, D. Gumersindo Fern\u00e1ndez Reyes, al que pod\u00e9is acceder desde el siguiente enlace: POL\u00cdTICAS DE CONTROL DE PRECIOS M\u00c1XIMOS DE ALQUILER Y EL NUEVO ANTEPROYECTO DE LEY POR EL DERECHO A LA VIVIENDA.<\/p>\n","protected":false},"author":1,"featured_media":0,"comment_status":"open","ping_status":"open","sticky":false,"template":"","format":"standard","meta":{"footnotes":""},"categories":[1],"tags":[],"class_list":["post-3363","post","type-post","status-publish","format-standard","hentry","category-sin-categoria"],"_links":{"self":[{"href":"https:\/\/elblogdejoseblasfernandez.com\/index.php?rest_route=\/wp\/v2\/posts\/3363","targetHints":{"allow":["GET"]}}],"collection":[{"href":"https:\/\/elblogdejoseblasfernandez.com\/index.php?rest_route=\/wp\/v2\/posts"}],"about":[{"href":"https:\/\/elblogdejoseblasfernandez.com\/index.php?rest_route=\/wp\/v2\/types\/post"}],"author":[{"embeddable":true,"href":"https:\/\/elblogdejoseblasfernandez.com\/index.php?rest_route=\/wp\/v2\/users\/1"}],"replies":[{"embeddable":true,"href":"https:\/\/elblogdejoseblasfernandez.com\/index.php?rest_route=%2Fwp%2Fv2%2Fcomments&post=3363"}],"version-history":[{"count":2,"href":"https:\/\/elblogdejoseblasfernandez.com\/index.php?rest_route=\/wp\/v2\/posts\/3363\/revisions"}],"predecessor-version":[{"id":3366,"href":"https:\/\/elblogdejoseblasfernandez.com\/index.php?rest_route=\/wp\/v2\/posts\/3363\/revisions\/3366"}],"wp:attachment":[{"href":"https:\/\/elblogdejoseblasfernandez.com\/index.php?rest_route=%2Fwp%2Fv2%2Fmedia&parent=3363"}],"wp:term":[{"taxonomy":"category","embeddable":true,"href":"https:\/\/elblogdejoseblasfernandez.com\/index.php?rest_route=%2Fwp%2Fv2%2Fcategories&post=3363"},{"taxonomy":"post_tag","embeddable":true,"href":"https:\/\/elblogdejoseblasfernandez.com\/index.php?rest_route=%2Fwp%2Fv2%2Ftags&post=3363"}],"curies":[{"name":"wp","href":"https:\/\/api.w.org\/{rel}","templated":true}]}}