{"id":3365,"date":"2020-11-29T14:47:09","date_gmt":"2020-11-29T13:47:09","guid":{"rendered":"http:\/\/elblogdejoseblasfernandez.com\/?p=3365"},"modified":"2020-11-29T14:47:11","modified_gmt":"2020-11-29T13:47:11","slug":"los-separatistas-quieren-subir-los-impuestos-en-madrid","status":"publish","type":"post","link":"https:\/\/elblogdejoseblasfernandez.com\/?p=3365","title":{"rendered":"LOS SEPARATISTAS QUIEREN SUBIR LOS IMPUESTOS EN MADRID"},"content":{"rendered":"\n\n\n<p>         Nunca los espa\u00f1oles de a pie que pagamos puntualmente nuestros impuestos y que pedimos a diario que la presi\u00f3n fiscal es abrumadora para tantos contribuyentes,   \u00edbamos a o\u00edr  que la Comunidad de Madrid, por tener en su conjunto menos impuestos,  era un para\u00edso fiscal para algunos  que no quieren saber nada de Espa\u00f1a, que tienen los impuestos m\u00e1s altos que ninguna comunidad y encima se les llenaba la boca con \u201cEspa\u00f1a nos roba\u201d.<\/p>\n\n\n\n<figure class=\"wp-block-image\"><img fetchpriority=\"high\" decoding=\"async\" width=\"299\" height=\"168\" src=\"http:\/\/elblogdejoseblasfernandez.com\/wp-content\/uploads\/2020\/11\/untitled400.png\" alt=\"\" class=\"wp-image-3368\"\/><\/figure>\n\n\n\n<p>          En estos d\u00edas, Gabriel Rufian, como Portavoz parlamentario de ERC,  ha manifestado algo que no sabe el alcance y el da\u00f1o que produce a quienes pagamos impuestos y m\u00e1s, cuando bajo la figura de armonizar una pol\u00edtica fiscal pretende  vulnerar los derechos de los espa\u00f1oles  para que paguemos todos al menos, en la misma cuant\u00eda que en Catalu\u00f1a, donde son excesivos los impuestos, se asemejen a estos y para colmo pone como ejemplo que la Comunidad de Madrid  es un para\u00edso fiscal, porque se pagan menos que en su Comunidad, donde siempre se han querido separar del resto, pero a la hora de cobrar quieren  que aportemos sus prebendas  para tanto gasto p\u00fablico y despilfarro como existe  injustamente en Catalu\u00f1a, para pagar embajadas y chiringuitos que a ning\u00fan espa\u00f1ol le favorece.<\/p>\n\n\n\n<p>          El Sr. Rufian,  que de esto conoce poco,  se est\u00e1 dando cuenta que miles de empresas se est\u00e1n instalando en Madrid porque  no pueden soportar  la presi\u00f3n fiscal de Catalu\u00f1a y manifestar que  se debe igualar los impuestos, es decir subirles a otros porque yo tengo muchos, es una moneda de cambio  y a su vez posee una desfachatez econ\u00f3mica dif\u00edcil de superar.<\/p>\n\n\n\n\n\n<p>          Estas declaraciones de Rufian, pretendiendo crear un comit\u00e9 bilateral entre la Generalitat Catalana y el Ejecutivo central \u201cpara acabar con el para\u00edso fiscal montado en Madrid\u201d, lo sustenta en que esto tiene un grave perjuicio para la clase trabajadora; algo inconcebible en boca de este portavoz y, m\u00e1s aun, cuando la Ministra de Hacienda ha sido Consejera en Andaluc\u00eda y nos dej\u00f3 unos impuestos insoportable,  porque el gasto p\u00fablico de la Junta era desorbitado  y no mencionemos el despilfarro de tanto dinero tirado  y embolsillado por unos pocos,  incluidos prost\u00edbulos, por lo que llegar a un acuerdo entra esta Ministra y Rufian resulta desolador y de p\u00e9simo ejemplo.<\/p>\n\n\n\n<p>          Tocar el bolsillo al contribuyente ajeno a tu Comunidad porque t\u00fa no lo haces bien, como ha ocurrido en Catalu\u00f1a, es  menospreciar a las clases medias y trabajadoras, por lo que  en Madrid que el impuesto del patrimonio se bonifique al 100%, no es m\u00e1s que una estrategia que beneficia a la regi\u00f3n, ya que atrae a grandes capitales para instalarse  y pagar otros impuestos en la Comunidad lo que a su vez,  beneficia a la sociedad civil madrile\u00f1a de mayores inversiones,  porque rebajar impuestos atrae mayor consumo, mayor circulaci\u00f3n de activos y, por tanto, mayor riqueza para esa Comunidad.<\/p>\n\n\n\n<p>\u00a0\u00a0\u00a0\u00a0\u00a0\u00a0\u00a0\u00a0\u00a0 Desde luego, estamos acudiendo  a  escenarios  que rebajan al pol\u00edtico a lo m\u00e1s bajo y, sobre todo, enfrentar a las Comunidades cuando olvida quien lo dice que esto que pretende llevar a cabo no puede modificarse por los Presupuestos Generales del Estado, porque la actual reforma no puede hacerse mediante la Ley de Presupuestos por una cuesti\u00f3n legal: la Ley de financiaci\u00f3n auton\u00f3mica es una Ley Org\u00e1nica, que requiere de mayor\u00edas reforzadas y una ley normal no puede modificarla, por lo que asfixiar a los ciudadanos  con la bonita frase de \u201carmonizaci\u00f3n fiscal\u201d ni siquiera sirve para armonizar la convivencia de todos, pues su propuesta  no s\u00f3lo no defiende una armonizaci\u00f3n del espa\u00f1ol,  ni de los  derechos para todos los espa\u00f1oles.<\/p>\n\n\n\n\n\n<p>          Creo que el Sr. Rufian debi\u00f3 hacer lo mismo que Madrid, es decir, bajar los impuestos  que a la larga  trae m\u00e1s ingresos, pero querer armonizar a otros con una mayor presi\u00f3n fiscal es de paletos  y de ignorantes de lo que hoy una Comunidad Aut\u00f3noma y Espa\u00f1a en su conjunto necesitan.  Y, por cierto, no menciona el R\u00e9gimen Foral de territorios hist\u00f3ricos como es la Comunidad Foral de Navarra o del Pa\u00eds Vasco, donde  tienen  potestad para mantener, establecer y regular su r\u00e9gimen tributario, pero claro, al parecer de estas Comunidades se ha olvidado, para no molestarlas y su diana la centra en la capital de Espa\u00f1a y su Comunidad, por lo que estos mensajes ya de por s\u00ed, son tan huecos que van a perjudicar  al electorado de los separatistas notablemente. <\/p>\n","protected":false},"excerpt":{"rendered":"<p>Nunca los espa\u00f1oles de a pie que pagamos puntualmente nuestros impuestos y que pedimos a diario que la presi\u00f3n fiscal es abrumadora para tantos contribuyentes, \u00edbamos a o\u00edr que la Comunidad de Madrid, por tener en su conjunto menos impuestos, era un para\u00edso fiscal para algunos que no quieren saber nada de Espa\u00f1a, que tienen [&hellip;]<\/p>\n","protected":false},"author":1,"featured_media":0,"comment_status":"open","ping_status":"open","sticky":false,"template":"","format":"standard","meta":{"footnotes":""},"categories":[1],"tags":[],"class_list":["post-3365","post","type-post","status-publish","format-standard","hentry","category-sin-categoria"],"_links":{"self":[{"href":"https:\/\/elblogdejoseblasfernandez.com\/index.php?rest_route=\/wp\/v2\/posts\/3365","targetHints":{"allow":["GET"]}}],"collection":[{"href":"https:\/\/elblogdejoseblasfernandez.com\/index.php?rest_route=\/wp\/v2\/posts"}],"about":[{"href":"https:\/\/elblogdejoseblasfernandez.com\/index.php?rest_route=\/wp\/v2\/types\/post"}],"author":[{"embeddable":true,"href":"https:\/\/elblogdejoseblasfernandez.com\/index.php?rest_route=\/wp\/v2\/users\/1"}],"replies":[{"embeddable":true,"href":"https:\/\/elblogdejoseblasfernandez.com\/index.php?rest_route=%2Fwp%2Fv2%2Fcomments&post=3365"}],"version-history":[{"count":2,"href":"https:\/\/elblogdejoseblasfernandez.com\/index.php?rest_route=\/wp\/v2\/posts\/3365\/revisions"}],"predecessor-version":[{"id":3372,"href":"https:\/\/elblogdejoseblasfernandez.com\/index.php?rest_route=\/wp\/v2\/posts\/3365\/revisions\/3372"}],"wp:attachment":[{"href":"https:\/\/elblogdejoseblasfernandez.com\/index.php?rest_route=%2Fwp%2Fv2%2Fmedia&parent=3365"}],"wp:term":[{"taxonomy":"category","embeddable":true,"href":"https:\/\/elblogdejoseblasfernandez.com\/index.php?rest_route=%2Fwp%2Fv2%2Fcategories&post=3365"},{"taxonomy":"post_tag","embeddable":true,"href":"https:\/\/elblogdejoseblasfernandez.com\/index.php?rest_route=%2Fwp%2Fv2%2Ftags&post=3365"}],"curies":[{"name":"wp","href":"https:\/\/api.w.org\/{rel}","templated":true}]}}