{"id":3373,"date":"2020-12-07T13:16:27","date_gmt":"2020-12-07T12:16:27","guid":{"rendered":"http:\/\/elblogdejoseblasfernandez.com\/?p=3373"},"modified":"2020-12-07T13:16:30","modified_gmt":"2020-12-07T12:16:30","slug":"unos-presupuestos-generales-con-mascarilla","status":"publish","type":"post","link":"https:\/\/elblogdejoseblasfernandez.com\/?p=3373","title":{"rendered":"UNOS PRESUPUESTOS GENERALES CON MASCARILLA"},"content":{"rendered":"\n\n\n<p>         Los PGE, definidos por el art. 134 de la Constituci\u00f3n del 78, deben tener un car\u00e1cter anual y legalmente se deben consignar en estos el importe de los beneficios fiscales que afectan a los tributos del Estado. Es decir, en su elaboraci\u00f3n, llevada a cabo por el Gobierno de la Naci\u00f3n, deben presentarse  y aprobarse por las Cortes Generales antes del 31 de Diciembre de cada a\u00f1o, pues  los hasta hoy en vigor llevan ya  pr\u00f3rrogas que a la hora de liquidarlos vendr\u00e1n los boquetes y las deficiencias de lo que el Gobierno actual no ha  validado en estos dos a\u00f1os y medio.<\/p>\n\n\n\n\n\n<p>          La sociedad  civil solo oye por los medios de comunicaci\u00f3n los impuestos y los gastos que a grandes rasgos van a existir para el pr\u00f3ximo a\u00f1o, sin entrar m\u00e1s en el tr\u00e1mite parlamentario, pero no puede deso\u00edr esas leyes complementarias que saldr\u00e1n en 2021 donde aumentar\u00e1n los cr\u00e9ditos, es decir, los gastos y  habr\u00e1 una disminuci\u00f3n important\u00edsima en los ingresos presupuestarios, pues aunque  nos lo pinten  como  mal llamados, de logros sociales, a la postre, los bolsillos de los espa\u00f1oles son los que afrontar\u00e1n  todas las promesas presupuestarias que el Gobierno de turno va a llevar a cabo con aquellos socios a los que les ha prometido el \u201coro y el moro\u201d.          Estos presupuestos, para una gran mayor\u00eda, son calificados como un timo, pues la gran oleada de cr\u00edticas que han padecido y van a padecer en el mundo econ\u00f3mico son desorbitadas, ya que por la tendencia de quienes los han aprobado, tienen un claro sesgo ideol\u00f3gico que los aleja de las verdaderas necesidades que tiene en estos momentos la econom\u00eda espa\u00f1ola. Se est\u00e1 \u201cvendiendo\u201d  como la panacea de soluciones el reparto que Bruselas va a llevar a cabo de los Fondos Europeos, lo cual indiscutiblemente van a servir solo para tapar el gran boquete que ha producido el d\u00e9ficit estructural de la econom\u00eda  y el improvisado gasto que la pandemia va a dejarnos  del 2020 para el 2021 y siguientes, por lo que el Gobierno desbocar\u00e1 la deuda en 110 mil millones de euros para el 2021 pese a la tan ansiada llegada de esos Fondos Europeos, pues ya se atisba c\u00f3mo Europa  nos controlar\u00e1 los gastos de los mismos y l\u00f3gicamente, el efecto multiplicador ser\u00e1 brutal en las Comunidades Aut\u00f3nomas y ni qu\u00e9 decir en los Ayuntamientos, donde la PIE seguro que no llegar\u00e1  ni al 60% de lo que hasta hoy se ven\u00eda teniendo.<\/p>\n\n\n\n\n\n<p>          En este debate parlamentario que hemos tenido se contempla c\u00f3mo habr\u00e1 subidas del IRPF y del Patrimonio para las rentas m\u00e1s altas, lo que en definitiva, es para el mundo del trabajo. Subir\u00e1n los refrescos, pl\u00e1sticos y seguros y, sin embargo, el di\u00e9sel, por una prebenda con el PNV,  se queda igual y a los funcionarios y pensionistas, la subida del 0,9% ser\u00e1 lo que ya anunciaron sin base, pues es la manera de que con el voto favorable de once partidos pol\u00edticos y donde cada uno ha sacado su tajada, la econom\u00eda sea un desastre pese a quien pese, ya que m\u00e1s all\u00e1 de las prebendas y de los conseguidores, en ese juego llevado a cabo, ser\u00e1 imposible que econ\u00f3micamente, con un mercado laboral deprimido y con un 63% aproximadamente de aut\u00f3nomos y pymes que aumentan sus cierres, se pueda llevar a cabo ning\u00fan proyecto econ\u00f3mico, por lo que, salvo las pensiones, los salarios de los funcionarios p\u00fablicos debieron ser congelados y m\u00e1s, con un IPC que en estos momentos es negativo, pues si los que tienen asegurado su salario se les aumenta  en esa cuant\u00eda del 0,9%, qu\u00e9 ser\u00e1 de tantos millones de trabajadores desempleados, de aut\u00f3nomos, de profesionales que viven pr\u00e1cticamente de la limosna y de tantas y tantas personas que no podr\u00e1n llegar nunca a final de mes,  pues con el incremento de un punto en el Impuesto del Patrimonio y con la disconformidad de esa armonizaci\u00f3n fiscal que quieren plantear o presionar a las Comunidades Aut\u00f3nomas, para que Madrid no sea \u201cpara\u00edso fiscal\u201d, es para tener un horizonte plasmado de situaciones borrascosas y, por tanto, la econom\u00eda sumergida campara por su respeto.<\/p>\n\n\n\n\n\n<p>           Las perspectivas que se nos avecinan no son solamente  inversas para este a\u00f1o. El ejecutivo sabe que estos presupuestos ser\u00e1n prorrogados, al menos, por el mero hecho de terminar  el Sr. Sanchez su legislatura, pero si malo ser\u00e1  el 2021, ya me dir\u00e1n del 2022 y 2023, pues porque se tenga el apoyo de 188 parlamentarios y de once partidos pol\u00edticos, no quiere decir que sean los mejores,  ya que  en definitiva van a ser los m\u00e1s antisociales que se hayan conocido en las \u00faltimas d\u00e9cadas, pues en este debate solo se ha buscado el compromiso para sacarlos adelante y donde cada uno de esos once partidos se han llevado su regalo de Reyes. Pero no olvidemos, que por encima de las ideolog\u00edas, sin dinero, no se hace nada y con el boquete que arrastra el Ejecutivo de hace dos a\u00f1os, los Presupuestos ya tienen mascarilla para no contaminar a la poblaci\u00f3n civil,   porque esa contaminaci\u00f3n no es de un virus, es de un r\u00e9ptil econ\u00f3mico que los bolsillos y los ahorros se los llevar\u00e1 por delante. Estemos atentos que estos presupuestos lo iremos viendo desmoronarse  por cap\u00edtulos. <\/p>\n","protected":false},"excerpt":{"rendered":"<p>Los PGE, definidos por el art. 134 de la Constituci\u00f3n del 78, deben tener un car\u00e1cter anual y legalmente se deben consignar en estos el importe de los beneficios fiscales que afectan a los tributos del Estado. Es decir, en su elaboraci\u00f3n, llevada a cabo por el Gobierno de la Naci\u00f3n, deben presentarse y aprobarse [&hellip;]<\/p>\n","protected":false},"author":1,"featured_media":0,"comment_status":"open","ping_status":"open","sticky":false,"template":"","format":"standard","meta":{"footnotes":""},"categories":[1],"tags":[],"class_list":["post-3373","post","type-post","status-publish","format-standard","hentry","category-sin-categoria"],"_links":{"self":[{"href":"https:\/\/elblogdejoseblasfernandez.com\/index.php?rest_route=\/wp\/v2\/posts\/3373","targetHints":{"allow":["GET"]}}],"collection":[{"href":"https:\/\/elblogdejoseblasfernandez.com\/index.php?rest_route=\/wp\/v2\/posts"}],"about":[{"href":"https:\/\/elblogdejoseblasfernandez.com\/index.php?rest_route=\/wp\/v2\/types\/post"}],"author":[{"embeddable":true,"href":"https:\/\/elblogdejoseblasfernandez.com\/index.php?rest_route=\/wp\/v2\/users\/1"}],"replies":[{"embeddable":true,"href":"https:\/\/elblogdejoseblasfernandez.com\/index.php?rest_route=%2Fwp%2Fv2%2Fcomments&post=3373"}],"version-history":[{"count":1,"href":"https:\/\/elblogdejoseblasfernandez.com\/index.php?rest_route=\/wp\/v2\/posts\/3373\/revisions"}],"predecessor-version":[{"id":3378,"href":"https:\/\/elblogdejoseblasfernandez.com\/index.php?rest_route=\/wp\/v2\/posts\/3373\/revisions\/3378"}],"wp:attachment":[{"href":"https:\/\/elblogdejoseblasfernandez.com\/index.php?rest_route=%2Fwp%2Fv2%2Fmedia&parent=3373"}],"wp:term":[{"taxonomy":"category","embeddable":true,"href":"https:\/\/elblogdejoseblasfernandez.com\/index.php?rest_route=%2Fwp%2Fv2%2Fcategories&post=3373"},{"taxonomy":"post_tag","embeddable":true,"href":"https:\/\/elblogdejoseblasfernandez.com\/index.php?rest_route=%2Fwp%2Fv2%2Ftags&post=3373"}],"curies":[{"name":"wp","href":"https:\/\/api.w.org\/{rel}","templated":true}]}}