{"id":3381,"date":"2020-12-29T17:38:26","date_gmt":"2020-12-29T16:38:26","guid":{"rendered":"http:\/\/elblogdejoseblasfernandez.com\/?p=3381"},"modified":"2020-12-29T17:38:28","modified_gmt":"2020-12-29T16:38:28","slug":"una-sociedad-abatida-por-la-desazon","status":"publish","type":"post","link":"https:\/\/elblogdejoseblasfernandez.com\/?p=3381","title":{"rendered":"UNA SOCIEDAD ABATIDA POR LA DESAZ\u00d3N."},"content":{"rendered":"\n\n\n<p>         Si tuvi\u00e9semos un video y  nos situ\u00e1ramos  en las navidades del 2019, la sociedad civil,  en su conjunto,  estar\u00eda preparando esos acontecimientos que cada a\u00f1o,  en funci\u00f3n de la situaci\u00f3n de cada familia,  llevar\u00eda a cabo  como de costumbre,  pero ese video, si lo queremos grabar en el presente 2020, qu\u00e9 distinto es y c\u00f3mo hemos ido hacia atr\u00e1s como el cangrejo, para vernos ensombrecidos por una pandemia  y una crisis econ\u00f3mica sin precedentes. La primera, ha ido carcomiendo  pr\u00e1cticamente al mundo y millones de seres del planeta Tierra  han dejado de existir,  porque  una plaga como esta tiene unos efectos multiplicadores que con  el tiempo sabremos a d\u00f3nde nos ha llevado y c\u00f3mo nos ha destruido.  Pero claro, para los supervivientes de la misma quedan unas secuelas de malestar econ\u00f3mico que tambi\u00e9n el levantarnos supondr\u00e1n muchas muertes de empresas y de sistemas econ\u00f3micos que la desaz\u00f3n y la tristeza no podr\u00e1n nunca levantar lo que hoy se ha hundido y se est\u00e1 hundiendo.<\/p>\n\n\n\n<p>          En nuestro pa\u00eds se han dado datos de fallecidos que nunca sabremos la verdad de la verdad, pero el d\u00eda a d\u00eda nos est\u00e1 haciendo  tan in\u00fatiles ante la adversidad que  la propia medicina no es capaz de afrontar las secuelas  y el hundimiento de tantos seres que  hoy lo est\u00e1n pasando mal.<\/p>\n\n\n\n\n\n<p>          Hoy, en nuestro video, ya no est\u00e1n aquellos que nos dejaron, como es l\u00f3gico,  pero los supervivientes no saben qu\u00e9 camino tomar para que de una vez esta pandemia llegue a su fin y no conformes con las medidas desacertadas por un lado y acertadas por otro, hacen incapaz que el motor que ya estaba  en marcha arranque con vigor y se haga fuerte ante tantas adversidades, pues un turismo en bancarrota, un comercio que no vende, unos aut\u00f3nomos que no facturan, unos trabajadores que reciben ERTES y ERTES para desembocar en ERES, unos despidos colectivos que ya rozan  cotas nunca vistas, as\u00ed como unas pensiones cuyos titulares asustados no ven el horizonte, nos lleva a pensar que estamos ante una cat\u00e1strofe de la cual,  por mucho esfuerzo que se ponga, nada es capaz de  mantener el ritmo que se tra\u00eda constante.  Por ello, da desaliento  ver las consultas de m\u00e9dicos llenas de personas  desmotivadas, sin saber qu\u00e9 rumbo tomar y cayendo en la depresi\u00f3n en la que nunca creyeron estar, sin contar con tanta y tanta preocupaci\u00f3n  al o\u00edr los telediarios,  donde  ni una guerra mundial  hubiese sido tan  ruinosa  como esta pandemia.<\/p>\n\n\n\n<p>          Estamos acabando un a\u00f1o fat\u00eddico que, por cierto es bisiesto, lo que a\u00fan m\u00e1s ha tambaleado el  optimismo de quien lo ten\u00eda, pero hay que pensar que seremos capaces, pese a dejar a muchos seres queridos en el camino,  de retomar  todo el tiempo perdido para hacer una nueva vida con nuevas herramientas y sobre todo hacernos solidarios para salir del embarcadero y para ello, hay que apartar el odio, el enfrentamiento, la envidia, el revanchismo y el sectarismo en el que vivimos, pues son los pilares m\u00e1s perjudiciales para que el covid-19 se haga fuerte y no nos deje t\u00edtere con cabeza. Seamos conscientes y responsables de que  un mal a\u00f1o se pasar\u00e1 pronto, pero si no unimos nuestras energ\u00edas  para salir del agujero, nadie vendr\u00e1 a sacarnos; esperemos que esta profunda lecci\u00f3n que se nos da cada minuto nos sirva para algo y, en definitiva, para que nuestros dirigentes cambien de actitud y verdaderamente procuren el inter\u00e9s general, pues de lo contrario cuando hayamos pasado la pandemia  ellos, precisamente, por su flojera, desidia y mentiras  ser\u00e1n los primeros  que la sociedad civil los orille y los hagan responsables de tanta negligencia  y falta de gesti\u00f3n.<\/p>\n\n\n\n\n\n<p>          Ahora es el momento de cumplir medidas, de ser disciplinados en los mandatos para dejar de tener estad\u00edsticas mortales, as\u00ed como es el momento de permitir que nuestros abuelos tengan un final feliz y no muertes solitarias y para eso, todos tenemos cerca a estos seres que d\u00eda a d\u00eda han ca\u00eddo en las \u201ctrincheras\u201d de las UCIS pese a la lucha tit\u00e1nica de m\u00e9dicos y profesionales de la sanidad que tambi\u00e9n, como los m\u00e1rtires, han dejado sus vidas en el campo de batalla. Eso, no debemos olvidarlo. Ya tenemos un recorrido y posiblemente las vacunas sean el \u00fanico clavo al que podemos agarrarnos y para ello hace falta un cuestionario a seguir que no es ni m\u00e1s ni menos que el de la solidaridad, pues una vez estando en estabilidad y con el tiempo despejado, ya nos tocar\u00e1 la hora de pedir responsabilidades a quienes la tengan y agradecer a los que en este calvario nos han ayudado a seguir adelante. <\/p>\n","protected":false},"excerpt":{"rendered":"<p>Si tuvi\u00e9semos un video y nos situ\u00e1ramos en las navidades del 2019, la sociedad civil, en su conjunto, estar\u00eda preparando esos acontecimientos que cada a\u00f1o, en funci\u00f3n de la situaci\u00f3n de cada familia, llevar\u00eda a cabo como de costumbre, pero ese video, si lo queremos grabar en el presente 2020, qu\u00e9 distinto es y c\u00f3mo [&hellip;]<\/p>\n","protected":false},"author":1,"featured_media":0,"comment_status":"open","ping_status":"open","sticky":false,"template":"","format":"standard","meta":{"footnotes":""},"categories":[1],"tags":[],"class_list":["post-3381","post","type-post","status-publish","format-standard","hentry","category-sin-categoria"],"_links":{"self":[{"href":"https:\/\/elblogdejoseblasfernandez.com\/index.php?rest_route=\/wp\/v2\/posts\/3381","targetHints":{"allow":["GET"]}}],"collection":[{"href":"https:\/\/elblogdejoseblasfernandez.com\/index.php?rest_route=\/wp\/v2\/posts"}],"about":[{"href":"https:\/\/elblogdejoseblasfernandez.com\/index.php?rest_route=\/wp\/v2\/types\/post"}],"author":[{"embeddable":true,"href":"https:\/\/elblogdejoseblasfernandez.com\/index.php?rest_route=\/wp\/v2\/users\/1"}],"replies":[{"embeddable":true,"href":"https:\/\/elblogdejoseblasfernandez.com\/index.php?rest_route=%2Fwp%2Fv2%2Fcomments&post=3381"}],"version-history":[{"count":1,"href":"https:\/\/elblogdejoseblasfernandez.com\/index.php?rest_route=\/wp\/v2\/posts\/3381\/revisions"}],"predecessor-version":[{"id":3385,"href":"https:\/\/elblogdejoseblasfernandez.com\/index.php?rest_route=\/wp\/v2\/posts\/3381\/revisions\/3385"}],"wp:attachment":[{"href":"https:\/\/elblogdejoseblasfernandez.com\/index.php?rest_route=%2Fwp%2Fv2%2Fmedia&parent=3381"}],"wp:term":[{"taxonomy":"category","embeddable":true,"href":"https:\/\/elblogdejoseblasfernandez.com\/index.php?rest_route=%2Fwp%2Fv2%2Fcategories&post=3381"},{"taxonomy":"post_tag","embeddable":true,"href":"https:\/\/elblogdejoseblasfernandez.com\/index.php?rest_route=%2Fwp%2Fv2%2Ftags&post=3381"}],"curies":[{"name":"wp","href":"https:\/\/api.w.org\/{rel}","templated":true}]}}