{"id":3386,"date":"2020-12-29T17:58:54","date_gmt":"2020-12-29T16:58:54","guid":{"rendered":"http:\/\/elblogdejoseblasfernandez.com\/?p=3386"},"modified":"2020-12-29T17:58:57","modified_gmt":"2020-12-29T16:58:57","slug":"un-salario-minimo-con-secuelas","status":"publish","type":"post","link":"https:\/\/elblogdejoseblasfernandez.com\/?p=3386","title":{"rendered":"UN SALARIO M\u00cdNIMO CON SECUELAS"},"content":{"rendered":"\n<p>         Acudimos, en estos d\u00edas, a unas declaraciones poco afortunadas en  el Gobierno de coalici\u00f3n, donde cada partido quiere sacar su tajada, unos con demagogia y crey\u00e9ndose que el dinero es suyo y otros, atemperando  las consecuencias de una subida,  porque en el fondo los dos son conscientes de que estamos ante una econom\u00eda  con la peor crisis de los \u00faltimos cuarenta a\u00f1os y donde \u201ccaf\u00e9 para todos\u201d tiene unas secuelas que dif\u00edcilmente en,  al menos, tres d\u00e9cadas vamos a poder estabilizar, tanto el d\u00e9ficit que arrastramos como hacer ecu\u00e1nime  y equitativo,  para la sociedad futura,  el PIB.<\/p>\n\n\n\n\n\n<p>          Decirles a unos trabajadores que no tienen convenio y que se rigen por  una norma legal que siempre marc\u00f3 los par\u00e1metros de la econom\u00eda  que se les va a subir el salario m\u00ednimo,  siempre lo acoger\u00e1n con  buen agrado, pues quien quiere vender el producto con el dinero ajeno, como le ocurre a quien propone la subida, tiene f\u00e1cil alcance y poco detractores. Pero ese no es el tema de fondo; hoy  un salario de 950 euros mensuales por 14 pagas no es f\u00e1cil que un aut\u00f3nomo con jornada de m\u00e1s de 14 horas diarias llegue a ganar esa cuant\u00eda l\u00edquida, por lo que para poder medir un salario que afecta a una gran parte de la poblaci\u00f3n  laboral en unos momentos donde el IPC est\u00e1 por debajo de  la realidad salarial, pues es negativo, tiene unas consecuencias no s\u00f3lo del salario, sino de Seguridad Social y de costes para categor\u00edas profesionales casi no reguladas, que dar\u00e1n al traste con miles de pymes, micropymes  y  aut\u00f3nomos que tendr\u00e1n que dar un cierre porque nadie les puede prometer  que la situaci\u00f3n de esta pandemia  derive en  subidas importantes para la econom\u00eda de este pa\u00eds.<\/p>\n\n\n\n\n\n<p>          No es bueno observar c\u00f3mo  ya existen enfrentamientos entre los miembros del propio Gobierno para esta medida, porque creo que no se ha debido pensar ni siquiera en la subida, ya que la congelaci\u00f3n era lo m\u00e1s afortunado para \u201cd\u00e9janos como estamos\u201d porque el tocar esos pilares del salario m\u00ednimo es  contraproducente y  el propio banco de Espa\u00f1a ya ha manifestado las consecuencias tan dram\u00e1ticas que va a tener cualquier retoque del mismo, pues la subida del SMI no solamente va a repercutir sobre quien hoy lo percibe, sino que convenios colectivos que estaban manteni\u00e9ndose como el aceite sobre el agua, van a tener que sucumbir   y para esa subida que producir\u00e1 por imperativo esos convenios va a entorpecer hasta el desarrollo empresarial dentro de las categor\u00edas profesionales de los mismos, pues  categor\u00edas m\u00e1s bajas se pondr\u00e1n a la altura de otras  superiores y el salario  ser\u00e1 de subida para unos y para otros no, lo que conllevar\u00e1 agravios comparativos  y conflictividad social sin contar con la de miles de convenios colectivos que se podr\u00edan empezar a negociar y que por este capricho de subir para que vender humo,  viene a desestabilizar el mercado laboral y a miles de trabajadores.<\/p>\n\n\n\n<p>          El SMI que marca el Estatuto de los Trabajadores siempre fue un par\u00e1metro para regular a muchas categor\u00edas poco definidas, pues mientras que  en muchos convenios colectivos la regulaci\u00f3n de los trabajos  est\u00e1 establecida en esas categor\u00edas profesionales, otras muchas actividades que no se regulan por nada se les aumenta una cantidad que no se puede pagar  y conlleva  como resultado reducciones de jornada, cambios de horarios, contrataci\u00f3n a tiempo parcial  y, por desgracia, despidos,  porque  los costes de estos salarios hacen imposible la viabilidad de un peque\u00f1o comercio o de un establecimiento de hosteler\u00eda, que terminar\u00e1n al final por prescindir de los trabajadores  por la subida tan inoportuna  de un  SMI y en un momento tan desconsiderado.<\/p>\n\n\n\n\n\n<p>          El Gobierno debe saber que esos salarios no los abonan  ellos, que los tienen que afrontar los empleadores m\u00e1s d\u00e9biles de la sociedad civil, los que posiblemente no tienen en su actividad  recurso alguno para subsistir y sobrevivir, pero  la demagogia de algunos pol\u00edticos inexpertos e ineficaces que quiere  tirar con p\u00f3lvora ajena, sin pensar que ni es suya y desgraciadamente ya ni queda,  la anteponen al sentido com\u00fan y a la realidad social.<\/p>\n\n\n\n<p>          Desde luego, la pandemia nos  ha hecho mucho da\u00f1o y nos dejar\u00e1 grandes secuelas, pero la inoperancia y el desconocimiento de otros nos dejar\u00e1 tales lesiones en la econom\u00eda que  posiblemente, cuando se den  cuenta de la desescalada econ\u00f3mica  y el descalabro social que est\u00e1n produciendo ya ser\u00e1 tarde,  pues creerse que el dinero de los impuestos no es de nadie es que no conocen de verdad los sacrificios y sudores de miles de aut\u00f3nomos y empresas familiares que llevan a cabo cada d\u00eda. <\/p>\n","protected":false},"excerpt":{"rendered":"<p>Acudimos, en estos d\u00edas, a unas declaraciones poco afortunadas en el Gobierno de coalici\u00f3n, donde cada partido quiere sacar su tajada, unos con demagogia y crey\u00e9ndose que el dinero es suyo y otros, atemperando las consecuencias de una subida, porque en el fondo los dos son conscientes de que estamos ante una econom\u00eda con la [&hellip;]<\/p>\n","protected":false},"author":1,"featured_media":0,"comment_status":"open","ping_status":"open","sticky":false,"template":"","format":"standard","meta":{"footnotes":""},"categories":[1],"tags":[],"class_list":["post-3386","post","type-post","status-publish","format-standard","hentry","category-sin-categoria"],"_links":{"self":[{"href":"https:\/\/elblogdejoseblasfernandez.com\/index.php?rest_route=\/wp\/v2\/posts\/3386","targetHints":{"allow":["GET"]}}],"collection":[{"href":"https:\/\/elblogdejoseblasfernandez.com\/index.php?rest_route=\/wp\/v2\/posts"}],"about":[{"href":"https:\/\/elblogdejoseblasfernandez.com\/index.php?rest_route=\/wp\/v2\/types\/post"}],"author":[{"embeddable":true,"href":"https:\/\/elblogdejoseblasfernandez.com\/index.php?rest_route=\/wp\/v2\/users\/1"}],"replies":[{"embeddable":true,"href":"https:\/\/elblogdejoseblasfernandez.com\/index.php?rest_route=%2Fwp%2Fv2%2Fcomments&post=3386"}],"version-history":[{"count":2,"href":"https:\/\/elblogdejoseblasfernandez.com\/index.php?rest_route=\/wp\/v2\/posts\/3386\/revisions"}],"predecessor-version":[{"id":3391,"href":"https:\/\/elblogdejoseblasfernandez.com\/index.php?rest_route=\/wp\/v2\/posts\/3386\/revisions\/3391"}],"wp:attachment":[{"href":"https:\/\/elblogdejoseblasfernandez.com\/index.php?rest_route=%2Fwp%2Fv2%2Fmedia&parent=3386"}],"wp:term":[{"taxonomy":"category","embeddable":true,"href":"https:\/\/elblogdejoseblasfernandez.com\/index.php?rest_route=%2Fwp%2Fv2%2Fcategories&post=3386"},{"taxonomy":"post_tag","embeddable":true,"href":"https:\/\/elblogdejoseblasfernandez.com\/index.php?rest_route=%2Fwp%2Fv2%2Ftags&post=3386"}],"curies":[{"name":"wp","href":"https:\/\/api.w.org\/{rel}","templated":true}]}}