{"id":3414,"date":"2021-01-31T14:08:18","date_gmt":"2021-01-31T13:08:18","guid":{"rendered":"http:\/\/elblogdejoseblasfernandez.com\/?p=3414"},"modified":"2021-01-31T14:08:20","modified_gmt":"2021-01-31T13:08:20","slug":"la-seguridad-social-necesita-una-vacuna","status":"publish","type":"post","link":"https:\/\/elblogdejoseblasfernandez.com\/?p=3414","title":{"rendered":"LA SEGURIDAD SOCIAL NECESITA UNA VACUNA"},"content":{"rendered":"\n<p>         Precisamente en estos momentos, nos llega la escalofriante  noticia de que la Seguridad Social espa\u00f1ola tiene que afrontar para el 2021 una deuda de 100.000 millones de euros y todo cuando la sociedad est\u00e1 convulsa con un sistema de prestaciones  en declive por la necesidad econ\u00f3mica de \u00e9ste y  porque, cada d\u00eda que pasa,  la preocupaci\u00f3n de todos los espa\u00f1oles es tan grande con respecto al futuro de las pensiones que hay que hacer cuentas  todos los d\u00edas de c\u00f3mo va a resultar bajo el plano financiero, las futuras pensiones  y las que actualmente se est\u00e1n percibiendo.<\/p>\n\n\n\n\n\n<p>          El actual Ministro del ramo, Jos\u00e9 Luis Escriv\u00e1, al cual lo considero despierto y consecuente, sabe que tiene en sus manos un \u201cpaquete-bomba\u201d que tarde o temprano tiene que desactivar  para que, en el marco de los Presupuestos Generales m\u00e1s lo que se recaude de las cotizaciones,  el futuro de las pensiones tenga la tranquilidad no s\u00f3lo de que no  se vean envueltas en una pandemia econ\u00f3mica, sino que  no se enquisten y la soluci\u00f3n  ya no la tenga en los pr\u00f3ximos  quince a\u00f1os.<\/p>\n\n\n\n<p>          El problema que la Seguridad Social posee pod\u00eda tener una relaci\u00f3n curiosa con el insigne humanista espa\u00f1ol, Juan Luis Vives, pues aun cuando  nace en marzo de 1492, ya escribi\u00f3 sobre la pol\u00edtica social de los tiempos y, en especial, sobre la vertiente asistencial que deb\u00edan tener ciertos fragmentos de la sociedad de entonces, pues Vives hizo una coyuntura entre pol\u00edticos e intelectuales del Renacimiento por la preocupaci\u00f3n que le asist\u00eda, por aquel entonces, sobre la pobreza de la sociedad y lleg\u00f3 a tener un tratado denominado \u201cTratado de Vives\u201d para corregir y remediar cu\u00e1nta necesidad y aportaci\u00f3n habr\u00eda que hacer  para esta situaci\u00f3n de pobreza que aflig\u00eda a tantas personas de la \u00e9poca.<\/p>\n\n\n\n\n\n<p>          Si nos damos cuenta y leemos c\u00f3mo  notables pensadores y reformadores postulaban una secularizaci\u00f3n de la asistencia a los pobres, tales como Erasmo, Tom\u00e1s Moro, Vives, Lutero y Calvino entre otros, vemos c\u00f3mo as\u00ed se descubre el germen de la pol\u00edtica social, entendida como pol\u00edtica p\u00fablica tal y como es hoy practicada por los Gobiernos y las Administraciones. Es decir, el \u201cTratado del socorro de los pobres\u201d tiene huellas de la sociedad actual, pues su aplicaci\u00f3n correcta en una pol\u00edtica social del pa\u00eds repercute en muchos patrones que hoy los tratadistas tienen para su desarrollo de la vida contempor\u00e1nea.<\/p>\n\n\n\n<p>          Por tanto,  estamos en  una curva \u00e1lgida al igual que las pandemias, donde la contaminaci\u00f3n  para percibir una prestaci\u00f3n de la Seguridad Social est\u00e1 tomando derroteros  que son insoportables  por los poderes p\u00fablicos, pues tener que abonar o deber 100.000 millones de euros, es impensable para cualquier gobierno que quiera proseguir una asistencia en las prestaciones de las pensiones  y con subidas que es imposible asumir, ya que en el cierre del presente ejercicio, la Seguridad Social habr\u00e1 precisado una financiaci\u00f3n extra por un valor de 4,2 puntos porcentuales del Producto Interior Bruto (PIB) y si a\u00f1os tras a\u00f1os hay que pedir pr\u00e9stamos  para poder nivelar  las cuentas de la Seguridad Social qu\u00e9 ser\u00e1 en los venideros, donde las prestaciones extraordinarias  hay que afrontarlas con motivo del Covid-19 y, por desgracia, muy degradadas.<\/p>\n\n\n\n<p>          Hablar de las pensiones ya cansa. Todos los que cotizan hoy dicen que para qu\u00e9, porque est\u00e1n seguros que cuando se jubilen no tendr\u00e1n pensiones. Es decir, un conformismo que no puede quedar ah\u00ed; tiene que avalarse  con el principio fundamental de la solidaridad y para eso hay que aceptar  en esta sociedad democr\u00e1tica que entre todos tenemos que contribuir a esas prestaciones venideras y, por tanto,  hay que valorar si en un siglo XXI tenemos  que reformar profundamente el sistema para no caer, como dec\u00eda Luis Vives, en un reparto de socorro para  pobres, porque tras la pobreza y la mendicidad en su dimensi\u00f3n de problema social,  viene  la depresi\u00f3n econ\u00f3mica m\u00e1s profunda que se pueda tener y que desde los a\u00f1os sesenta se ha ido aumentando poco a poco para corregir sus defectos principales, pero no cabe duda que,  tras 120 a\u00f1os de la creaci\u00f3n de la Seguridad Social espa\u00f1ola, o afrontamos la situaci\u00f3n o, desgraciadamente, esto no tiene ning\u00fan tipo de arreglo, porque  100.000 millones de euros no es f\u00e1cil apartarlos de un pa\u00eds que,  precisamente, en estos momentos est\u00e1 de vacas flacas, pues  o la Seguridad Social recibe una vacuna con un poder fortificante, o desde luego,  las pensiones no tienen m\u00e1s trato que el reparto de importes m\u00ednimos, por lo que volveremos, como dec\u00eda Luis Vives, a tener  como pol\u00edtica social de socorro de los pobres.             <\/p>\n","protected":false},"excerpt":{"rendered":"<p>Precisamente en estos momentos, nos llega la escalofriante noticia de que la Seguridad Social espa\u00f1ola tiene que afrontar para el 2021 una deuda de 100.000 millones de euros y todo cuando la sociedad est\u00e1 convulsa con un sistema de prestaciones en declive por la necesidad econ\u00f3mica de \u00e9ste y porque, cada d\u00eda que pasa, la [&hellip;]<\/p>\n","protected":false},"author":1,"featured_media":0,"comment_status":"open","ping_status":"open","sticky":false,"template":"","format":"standard","meta":{"footnotes":""},"categories":[1],"tags":[],"class_list":["post-3414","post","type-post","status-publish","format-standard","hentry","category-sin-categoria"],"_links":{"self":[{"href":"https:\/\/elblogdejoseblasfernandez.com\/index.php?rest_route=\/wp\/v2\/posts\/3414","targetHints":{"allow":["GET"]}}],"collection":[{"href":"https:\/\/elblogdejoseblasfernandez.com\/index.php?rest_route=\/wp\/v2\/posts"}],"about":[{"href":"https:\/\/elblogdejoseblasfernandez.com\/index.php?rest_route=\/wp\/v2\/types\/post"}],"author":[{"embeddable":true,"href":"https:\/\/elblogdejoseblasfernandez.com\/index.php?rest_route=\/wp\/v2\/users\/1"}],"replies":[{"embeddable":true,"href":"https:\/\/elblogdejoseblasfernandez.com\/index.php?rest_route=%2Fwp%2Fv2%2Fcomments&post=3414"}],"version-history":[{"count":2,"href":"https:\/\/elblogdejoseblasfernandez.com\/index.php?rest_route=\/wp\/v2\/posts\/3414\/revisions"}],"predecessor-version":[{"id":3418,"href":"https:\/\/elblogdejoseblasfernandez.com\/index.php?rest_route=\/wp\/v2\/posts\/3414\/revisions\/3418"}],"wp:attachment":[{"href":"https:\/\/elblogdejoseblasfernandez.com\/index.php?rest_route=%2Fwp%2Fv2%2Fmedia&parent=3414"}],"wp:term":[{"taxonomy":"category","embeddable":true,"href":"https:\/\/elblogdejoseblasfernandez.com\/index.php?rest_route=%2Fwp%2Fv2%2Fcategories&post=3414"},{"taxonomy":"post_tag","embeddable":true,"href":"https:\/\/elblogdejoseblasfernandez.com\/index.php?rest_route=%2Fwp%2Fv2%2Ftags&post=3414"}],"curies":[{"name":"wp","href":"https:\/\/api.w.org\/{rel}","templated":true}]}}