{"id":3424,"date":"2021-01-31T14:23:03","date_gmt":"2021-01-31T13:23:03","guid":{"rendered":"http:\/\/elblogdejoseblasfernandez.com\/?p=3424"},"modified":"2021-01-31T14:23:05","modified_gmt":"2021-01-31T13:23:05","slug":"el-confinamiento-que-se-nos-avecina","status":"publish","type":"post","link":"https:\/\/elblogdejoseblasfernandez.com\/?p=3424","title":{"rendered":"EL CONFINAMIENTO QUE SE NOS AVECINA"},"content":{"rendered":"\n\n\n<p>         Hace un a\u00f1o y por esta misma fecha, contentos est\u00e1bamos  porque no sab\u00edamos  lo que en marzo de 2020 \u00edbamos a recibir como una maldici\u00f3n externa, pero global, de  una de las peores pandemias que el mundo ha recibido pese a creerse tan poderoso que nadie ni nada atentar\u00eda  contra la humanidad de la manera  que el covid lo ha hecho.   Los mandatarios de los distintos pa\u00edses desarrollados se vieron sorprendidos,  pues ni su capacidad ni sus conocimientos han  sido  lo suficientemente inteligentes para afrontar este golpe tan duro que todav\u00eda estamos encajando. Fueron medidas improvisadas, sin experiencia, sin conocimiento de causa y hasta la propia medicina le cog\u00eda tan de imprevisto que como una p\u00f3lvora ardiendo iban los pa\u00edses parcheando  y sosteniendo  una epidemia  que por miedo a decir que exist\u00eda y sus consecuencias, actuaron cobardemente tapando boquetes y tomando medidas que muchas fueron absurdas y sin sentido.<\/p>\n\n\n\n\n\n<p>          Poco a poco, se ha ido sabiendo las caracter\u00edsticas del coronavirus, las consecuencias y secuelas que ten\u00eda y poco a poco se ha ido  abortando parte de lo que ha sido una de las mayores cat\u00e1strofes sanitarias que la humanidad ha recibido. En Espa\u00f1a, el Gobierno central inexperto y por supuesto, en manos de  un grupo que nunca se sabr\u00e1 qu\u00e9 condici\u00f3n tuvieron para asesorar sobre la materia, nos confin\u00f3 a cal y canto porque no supo encontrar otra medida m\u00e1s que la de cerrar las puertas de la sociedad y afrontar precipitadamente y con pocos mecanismos legales  la gran crisis econ\u00f3mica que sobre todo esto se ven\u00eda encima. Se han dictado un sinf\u00edn de reales decretos-leyes, decretos, \u00f3rdenes ministeriales a diestro y siniestro, pero nunca  con aciertos se ha hecho frente  a las situaciones que tras los primeros meses de la pandemia han venido resurgiendo. Con el tiempo nos hemos dado cuenta que la movilidad no era ni ha sido afortunada, pues  produc\u00eda muchos contagios y mirando por el inter\u00e9s puramente econ\u00f3mico hemos dejado aeropuertos abiertos y comunicaciones importantes dentro del propio territorio nacional sin cerrar, donde los grupos de  personas sin conciencia  han  campado por su respeto y ya hoy  en Espa\u00f1a existe m\u00e1s de 80.000 fallecidos por covid, Algo intolerable donde las elevadas cifras de incidencia de esta enfermedad, muy superiores al umbral de alto riesgo establecido por los est\u00e1ndares europeos, van acompa\u00f1ados de una desorbitada y preocupante tendencia ascendente.<\/p>\n\n\n\n<p>          El propio Real Decreto 956\/2020, de 3 de Noviembre, por el que se prorroga el Estado de Alarma, ya indicaba que los datos disponibles a fecha de 22 de Octubre ten\u00edan  una incidencia acumulada de 349 casos por 100.000 mil habitantes en 14 d\u00edas, mientras que a fecha de 26 de octubre de 2020 este indicador  ya hab\u00eda ascendido  hasta los 410 casos por 100.000 habitantes. Es decir, un acelerado empeoramiento que requer\u00eda  una adopci\u00f3n urgente de medidas de control, pero que  no se han tomado como es debido,  porque se ha jugado  con las expectativas econ\u00f3micas y con la presi\u00f3n de empleadores y  asociaciones del \u00e1mbito hostelero porque el turismo que es una de nuestras principales fuente de ingresos se ha ido al traste.<\/p>\n\n\n\n<p>          El Gobierno de la naci\u00f3n se crey\u00f3 que con soltar  su capacidad  y autoridad a las Comunidades Aut\u00f3nomas  se liberaba de las consecuencias de esta pandemia y hoy, despu\u00e9s de las navidades del 2020, estamos ante un caos de tal envergadura que en 17 comunidades Aut\u00f3nomas no existe un criterio uniforme  y, como es l\u00f3gico, no pueden tomar medidas jer\u00e1rquicas ni contundentes porque sus facultades est\u00e1n mermadas para esta parcela.<\/p>\n\n\n\n\n\n<p>          \u00bfQui\u00e9n es responsable de todo esto? Creo que el \u00fanico responsable es quien tiene la autoridad para haber programado adecuadamente y con mano firme las medidas, aunque impopulares, que ten\u00edan  que haberse tomado, es decir, hoy nos lamentaremos de que la ciudadan\u00eda no ha sido responsable, de que los expertos  no sab\u00edan d\u00f3nde estaban y qu\u00e9 misi\u00f3n ten\u00edan, donde parte de la juventud ha sido y actuado de forma irresponsable y donde las autoridades locales son,  como \u00faltimos tenedores de la pandemia, los que han  tenido  que ejecutar \u00f3rdenes que cada semana o cada quince d\u00edas eran distintas y  no ten\u00edan  medios para ello, cre\u00e1ndose un enfrentamiento permanente con los distintos centros y locales en relaci\u00f3n con los horarios y aforos.<\/p>\n\n\n\n<p>          La econom\u00eda est\u00e1 mal.  Las perspectivas del desempleo son terribles. La administraci\u00f3n se encuentra casi cerrada y con citas previas porque, en muchos casos, ni atienen al administrado. Es decir, el caos ha llegado a la sociedad civil, la autoridad competente no se pronuncia y, encima se esconde y con estos mimbres  el confinamiento  nos viene s\u00ed o s\u00ed, pero  no nos enga\u00f1emos con empresas esenciales, actividades no esenciales, permisividad para unos y prohibiciones para otros o nueva normalidad,  porque lo que aqu\u00ed procede es un confinamiento total y absoluto  en todos los territorios de nuestro pa\u00eds y  creo que el Gobierno central o toma cartas en el asunto o  desgraciadamente, se convence de que no ha sido capaz de gestionar esta pandemia  y  bajo un control f\u00e9rreo entregue el mando a otros que sepan hacerlo mejor. <\/p>\n","protected":false},"excerpt":{"rendered":"<p>Hace un a\u00f1o y por esta misma fecha, contentos est\u00e1bamos porque no sab\u00edamos lo que en marzo de 2020 \u00edbamos a recibir como una maldici\u00f3n externa, pero global, de una de las peores pandemias que el mundo ha recibido pese a creerse tan poderoso que nadie ni nada atentar\u00eda contra la humanidad de la manera [&hellip;]<\/p>\n","protected":false},"author":1,"featured_media":0,"comment_status":"open","ping_status":"open","sticky":false,"template":"","format":"standard","meta":{"footnotes":""},"categories":[1],"tags":[],"class_list":["post-3424","post","type-post","status-publish","format-standard","hentry","category-sin-categoria"],"_links":{"self":[{"href":"https:\/\/elblogdejoseblasfernandez.com\/index.php?rest_route=\/wp\/v2\/posts\/3424","targetHints":{"allow":["GET"]}}],"collection":[{"href":"https:\/\/elblogdejoseblasfernandez.com\/index.php?rest_route=\/wp\/v2\/posts"}],"about":[{"href":"https:\/\/elblogdejoseblasfernandez.com\/index.php?rest_route=\/wp\/v2\/types\/post"}],"author":[{"embeddable":true,"href":"https:\/\/elblogdejoseblasfernandez.com\/index.php?rest_route=\/wp\/v2\/users\/1"}],"replies":[{"embeddable":true,"href":"https:\/\/elblogdejoseblasfernandez.com\/index.php?rest_route=%2Fwp%2Fv2%2Fcomments&post=3424"}],"version-history":[{"count":2,"href":"https:\/\/elblogdejoseblasfernandez.com\/index.php?rest_route=\/wp\/v2\/posts\/3424\/revisions"}],"predecessor-version":[{"id":3429,"href":"https:\/\/elblogdejoseblasfernandez.com\/index.php?rest_route=\/wp\/v2\/posts\/3424\/revisions\/3429"}],"wp:attachment":[{"href":"https:\/\/elblogdejoseblasfernandez.com\/index.php?rest_route=%2Fwp%2Fv2%2Fmedia&parent=3424"}],"wp:term":[{"taxonomy":"category","embeddable":true,"href":"https:\/\/elblogdejoseblasfernandez.com\/index.php?rest_route=%2Fwp%2Fv2%2Fcategories&post=3424"},{"taxonomy":"post_tag","embeddable":true,"href":"https:\/\/elblogdejoseblasfernandez.com\/index.php?rest_route=%2Fwp%2Fv2%2Ftags&post=3424"}],"curies":[{"name":"wp","href":"https:\/\/api.w.org\/{rel}","templated":true}]}}