{"id":3430,"date":"2021-01-31T14:34:27","date_gmt":"2021-01-31T13:34:27","guid":{"rendered":"http:\/\/elblogdejoseblasfernandez.com\/?p=3430"},"modified":"2021-01-31T14:34:29","modified_gmt":"2021-01-31T13:34:29","slug":"sin-separacion-de-poderes-no-hay-democracia","status":"publish","type":"post","link":"https:\/\/elblogdejoseblasfernandez.com\/?p=3430","title":{"rendered":"SIN SEPARACI\u00d3N DE PODERES NO HAY DEMOCRACIA"},"content":{"rendered":"\n<p>         Estamos acudiendo, de manera incontrolada, a una situaci\u00f3n  pand\u00e9mica, tanto en la salud como en la democracia, pues la  modificaci\u00f3n que el Congreso de los Diputados quiere llevar a cabo para que se tramite la reforma acelerada del Consejo  General del Poder Judicial vulnera claramente la separaci\u00f3n de poderes y as\u00ed lo ha  advertido el Poder Judicial a  la Mesa del Congreso. Dicho Consejo  no es un \u00f3rgano caprichoso como muchos pol\u00edticos as\u00ed lo creen, pues prescindir de la opini\u00f3n de estos para tramitar una reforma es tan grave como orillar a este Poder al ostracismo y tenerlo como un objeto m\u00e1s que entra en vaivenes en funci\u00f3n del color de quienes en el Parlamento legislan.<\/p>\n\n\n\n\n\n<p>           Esta tramitaci\u00f3n para reformar el Consejo General del Poder Judicial, de manera urgente,  atenta peligrosamente  contra el principio de separaci\u00f3n de poderes. Los Jueces son independientes y esa es la garant\u00eda del justiciable, pero querer someterlos al mandato del legislativo o del gobierno de turno tiene par\u00e1metros de rep\u00fablicas bananeras y Espa\u00f1a, por suerte, se encuentra dentro del Consejo de Europa.<\/p>\n\n\n\n\n\n<p>          Es hora de que el Estado de Derecho reaccione, y lo digo en la parte que compete a quienes formamos parte del mismo, pues as\u00ed lo establece el art\u00edculo  122 de nuestra Constituci\u00f3n, por lo que la preocupaci\u00f3n que muestran los vocales de este \u00f3rgano es extensiva no s\u00f3lo a los profesionales del Derecho, sino a la sociedad civil en general. La Mesa del Congreso tiene que velar por sus competencias legislativas, pero siempre y cuando oiga previamente a quienes tienen la capacidad de que en defensa de sus derechos no se pueden alterar instituciones consolidadas y que en la pr\u00e1ctica habitual no est\u00e1n sujetas arbitrariamente, como en este caso, al Poder Legislativo.<\/p>\n\n\n\n<p>          La autonom\u00eda parlamentaria no es legislar airosamente  y sin sentido ni aprovecharse de la coyuntura revanchista para hacer un da\u00f1o directo a quienes aun cuando est\u00e1n en funciones son leg\u00edtimos miembros del Poder Judicial. El principio \u00e9tico, moral y responsable de un parlamentario es votar, previo estudio, aquello que sea  en beneficio del inter\u00e9s general y quien escribe, legislador en la C\u00e1mara Alta durante 12 a\u00f1os, siempre tuve el convencimiento de que la negociaci\u00f3n, el escuchar a otros y el reconocer sus competencias me hac\u00edan simplemente ser el veh\u00edculo para reformar y perfeccionar las leyes, pero no para extorsionarlas y, de manera sectaria, querer apartar de sus competencias a quienes tienen un poder determinado por nuestra Constituci\u00f3n.<\/p>\n\n\n\n<p>          Lo que viene ocurriendo para que  el Consejo General del Poder Judicial en funciones se le recorten competencias tiene el nombre de revanchismo pol\u00edtico,  porque  un determinado Grupo Parlamentario exige, en esa mayor\u00eda cualificada que hay que tener para este tipo de reformas, contar con la parcela que le corresponde, pero querer romper las reglas del juego y lo que es peor romper a las instituciones como es el Poder Judicial puede tener consecuencias muy graves, porque silenciar al Gobierno de  los Jueces no tiene sentido solo y por el simple objeto de dejar patente el poder que por ser Gobierno se tiene, quien curiosamente olvida sus limitaciones y sus responsabilidades, ya que gobernar en democracia  arbitrariamente se asemeja a una dictadura.<\/p>\n\n\n\n<p>          Malo y grave es este atentado a quienes  quieren la separaci\u00f3n de poderes y peor es rechazar en la Mesa del Congreso la petici\u00f3n de los Jueces como a la Comisi\u00f3n Europea para la Democracia por el Derecho (Comisi\u00f3n de Venecia), as\u00ed como  a todos los que se les concede audiencia para que pueda informar sobre este espinoso asunto. Y m\u00e1s cuando es preceptivo, aunque no sea vinculante, pues eso demuestra  y pone de manifiesto lo que significa el saber escuchar.<\/p>\n\n\n\n\n\n<p>          As\u00ed no se puede ir, pues el enfrentamiento de poderes es a\u00fan peor que no reconocer su separaci\u00f3n. Las consecuencias son de inseguridad, de menosprecio, de falta de \u00e9tica y descontrol de valores, lo que puede acarrear a esta Espa\u00f1a democr\u00e1tica un apercibimiento sin precedentes de esa Europa democr\u00e1tica en la que estamos inmersos. Este movimiento absurdo terminar\u00e1 en otras instancias, como as\u00ed se atisba y se prev\u00e9 y si luego no gusta las decisiones o resoluciones posteriores es cuando quien inici\u00f3 toda esta movida no s\u00f3lo se avergonzar\u00e1 de ello, sino que  habr\u00e1 fracasado en un intento de romper pilares de la democracia. <\/p>\n","protected":false},"excerpt":{"rendered":"<p>Estamos acudiendo, de manera incontrolada, a una situaci\u00f3n pand\u00e9mica, tanto en la salud como en la democracia, pues la modificaci\u00f3n que el Congreso de los Diputados quiere llevar a cabo para que se tramite la reforma acelerada del Consejo General del Poder Judicial vulnera claramente la separaci\u00f3n de poderes y as\u00ed lo ha advertido el [&hellip;]<\/p>\n","protected":false},"author":1,"featured_media":0,"comment_status":"open","ping_status":"open","sticky":false,"template":"","format":"standard","meta":{"footnotes":""},"categories":[1],"tags":[],"class_list":["post-3430","post","type-post","status-publish","format-standard","hentry","category-sin-categoria"],"_links":{"self":[{"href":"https:\/\/elblogdejoseblasfernandez.com\/index.php?rest_route=\/wp\/v2\/posts\/3430","targetHints":{"allow":["GET"]}}],"collection":[{"href":"https:\/\/elblogdejoseblasfernandez.com\/index.php?rest_route=\/wp\/v2\/posts"}],"about":[{"href":"https:\/\/elblogdejoseblasfernandez.com\/index.php?rest_route=\/wp\/v2\/types\/post"}],"author":[{"embeddable":true,"href":"https:\/\/elblogdejoseblasfernandez.com\/index.php?rest_route=\/wp\/v2\/users\/1"}],"replies":[{"embeddable":true,"href":"https:\/\/elblogdejoseblasfernandez.com\/index.php?rest_route=%2Fwp%2Fv2%2Fcomments&post=3430"}],"version-history":[{"count":2,"href":"https:\/\/elblogdejoseblasfernandez.com\/index.php?rest_route=\/wp\/v2\/posts\/3430\/revisions"}],"predecessor-version":[{"id":3435,"href":"https:\/\/elblogdejoseblasfernandez.com\/index.php?rest_route=\/wp\/v2\/posts\/3430\/revisions\/3435"}],"wp:attachment":[{"href":"https:\/\/elblogdejoseblasfernandez.com\/index.php?rest_route=%2Fwp%2Fv2%2Fmedia&parent=3430"}],"wp:term":[{"taxonomy":"category","embeddable":true,"href":"https:\/\/elblogdejoseblasfernandez.com\/index.php?rest_route=%2Fwp%2Fv2%2Fcategories&post=3430"},{"taxonomy":"post_tag","embeddable":true,"href":"https:\/\/elblogdejoseblasfernandez.com\/index.php?rest_route=%2Fwp%2Fv2%2Ftags&post=3430"}],"curies":[{"name":"wp","href":"https:\/\/api.w.org\/{rel}","templated":true}]}}