{"id":3441,"date":"2021-02-14T13:37:57","date_gmt":"2021-02-14T12:37:57","guid":{"rendered":"http:\/\/elblogdejoseblasfernandez.com\/?p=3441"},"modified":"2021-02-14T13:37:59","modified_gmt":"2021-02-14T12:37:59","slug":"la-dignidad-de-los-pisos-colmena-y-los-efectos-de-imponer-una-superficie-por-d-gumersinso-fernandez-reyes","status":"publish","type":"post","link":"https:\/\/elblogdejoseblasfernandez.com\/?p=3441","title":{"rendered":"LA DIGNIDAD DE LOS PISOS COLMENA Y LOS EFECTOS DE IMPONER UNA SUPERFICIE, POR D. GUMERSINSO FERNANDEZ REYES"},"content":{"rendered":"\n<p>Os quiero dar traslado de un interesante art\u00edculo del Arquitecto, D. Gumersindo Fern\u00e1ndez Reyes, que espero sea de inter\u00e9s para todos.<\/p>\n\n\n\n<figure class=\"wp-block-embed-wordpress wp-block-embed is-type-wp-embed is-provider-blog-gumersindo-fernandez-arquitectos\"><div class=\"wp-block-embed__wrapper\">\n<blockquote class=\"wp-embedded-content\" data-secret=\"dnrrHbgol9\"><a href=\"https:\/\/gumersindofernandez.com\/blog\/2021\/01\/29\/la-dignidad-de-los-pisos-colmena-y-los-efectos-de-imponer-una-superficie-minima-de-vivienda\/\">LA DIGNIDAD DE LOS PISOS COLMENA Y LOS EFECTOS DE IMPONER UNA SUPERFICIE M\u00cdNIMA DE VIVIENDA.<\/a><\/blockquote><iframe class=\"wp-embedded-content\" sandbox=\"allow-scripts\" security=\"restricted\" style=\"position: absolute; clip: rect(1px, 1px, 1px, 1px);\" title=\"\u00abLA DIGNIDAD DE LOS PISOS COLMENA Y LOS EFECTOS DE IMPONER UNA SUPERFICIE M\u00cdNIMA DE VIVIENDA.\u00bb \u2014 Blog Gumersindo Fern\u00e1ndez Arquitectos\" src=\"https:\/\/gumersindofernandez.com\/blog\/2021\/01\/29\/la-dignidad-de-los-pisos-colmena-y-los-efectos-de-imponer-una-superficie-minima-de-vivienda\/embed\/#?secret=O9XZ66WFT5#?secret=dnrrHbgol9\" data-secret=\"dnrrHbgol9\" width=\"600\" height=\"338\" frameborder=\"0\" marginwidth=\"0\" marginheight=\"0\" scrolling=\"no\"><\/iframe>\n<\/div><\/figure>\n","protected":false},"excerpt":{"rendered":"<p>Os quiero dar traslado de un interesante art\u00edculo del Arquitecto, D. Gumersindo Fern\u00e1ndez Reyes, que espero sea de inter\u00e9s para todos.<\/p>\n","protected":false},"author":1,"featured_media":0,"comment_status":"open","ping_status":"open","sticky":false,"template":"","format":"standard","meta":{"footnotes":""},"categories":[1],"tags":[],"class_list":["post-3441","post","type-post","status-publish","format-standard","hentry","category-sin-categoria"],"_links":{"self":[{"href":"https:\/\/elblogdejoseblasfernandez.com\/index.php?rest_route=\/wp\/v2\/posts\/3441","targetHints":{"allow":["GET"]}}],"collection":[{"href":"https:\/\/elblogdejoseblasfernandez.com\/index.php?rest_route=\/wp\/v2\/posts"}],"about":[{"href":"https:\/\/elblogdejoseblasfernandez.com\/index.php?rest_route=\/wp\/v2\/types\/post"}],"author":[{"embeddable":true,"href":"https:\/\/elblogdejoseblasfernandez.com\/index.php?rest_route=\/wp\/v2\/users\/1"}],"replies":[{"embeddable":true,"href":"https:\/\/elblogdejoseblasfernandez.com\/index.php?rest_route=%2Fwp%2Fv2%2Fcomments&post=3441"}],"version-history":[{"count":1,"href":"https:\/\/elblogdejoseblasfernandez.com\/index.php?rest_route=\/wp\/v2\/posts\/3441\/revisions"}],"predecessor-version":[{"id":3442,"href":"https:\/\/elblogdejoseblasfernandez.com\/index.php?rest_route=\/wp\/v2\/posts\/3441\/revisions\/3442"}],"wp:attachment":[{"href":"https:\/\/elblogdejoseblasfernandez.com\/index.php?rest_route=%2Fwp%2Fv2%2Fmedia&parent=3441"}],"wp:term":[{"taxonomy":"category","embeddable":true,"href":"https:\/\/elblogdejoseblasfernandez.com\/index.php?rest_route=%2Fwp%2Fv2%2Fcategories&post=3441"},{"taxonomy":"post_tag","embeddable":true,"href":"https:\/\/elblogdejoseblasfernandez.com\/index.php?rest_route=%2Fwp%2Fv2%2Ftags&post=3441"}],"curies":[{"name":"wp","href":"https:\/\/api.w.org\/{rel}","templated":true}]}}