{"id":3444,"date":"2021-02-14T13:47:12","date_gmt":"2021-02-14T12:47:12","guid":{"rendered":"http:\/\/elblogdejoseblasfernandez.com\/?p=3444"},"modified":"2021-02-14T13:47:15","modified_gmt":"2021-02-14T12:47:15","slug":"profesion-autonomo","status":"publish","type":"post","link":"https:\/\/elblogdejoseblasfernandez.com\/?p=3444","title":{"rendered":"PROFESION: AUT\u00d3NOMO"},"content":{"rendered":"\n\n\n<p>         No cabe duda que la vida nos ha marcado un par\u00e9ntesis en esta pandemia del coronavirus y que muchos psic\u00f3logos y estudiosos del desarrollo humano nos han dicho que  hay  un antes y un despu\u00e9s. Es decir, al mundo en general le cambiaran costumbres,  quehaceres, h\u00e1bitos, reuniones, etc.,  y donde lo que antes era blanco, luego ser\u00e1 negro. Y digo negro, porque lo pasado queda ah\u00ed y lo que nos viene est\u00e1 lleno de asperezas  y de situaciones   inexplicables,  as\u00ed como ins\u00f3litas que nos ir\u00e1 ocurriendo a toda la generaci\u00f3n que tenga un soplo de vida. Pero en este mundo revuelto  y apartando la salud que es lo m\u00e1s importante, hay profesiones que su desarrollo no tendr\u00e1  horizonte y m\u00e1s a\u00fan, cuando ya antes era una profesi\u00f3n  llena de sacrificios y de barreras, Y me estoy refiriendo al profesional aut\u00f3nomo. Aqu\u00e9l que depende de su propio trabajo, el que no tiene horario ni fechas  para concluir su faena, aqu\u00e9l que cuando los dem\u00e1s finalizan su horario, est\u00e1 detr\u00e1s ahorrando luz y dilucidando c\u00f3mo empieza el d\u00eda siguiente,  qui\u00e9n va a venir a adquirir sus productos y c\u00f3mo paga las deudas  que ha contra\u00eddo para poder tener una actividad competitiva. Es el aut\u00f3nomo aqu\u00e9l que se priva de su propia familia, el que tiene dos socios por imperativo legal como son la agencia tributaria y la seguridad social; socios que no perdonan, que te atosigan los finales de cada mes y que de todas tus ventas y de tu trabajo  tienes que agregarle un impuesto cual es el IVA, para que cuando llegue ese trimestre puedas mand\u00e1rselo puntual y sin recargo  al socio denominado agencia tributaria, sin olvidar tus impuestos  que no te los perdona absolutamente nadie y los tienes que abonar s\u00ed o s\u00ed, quit\u00e1ndolo inclusive de tu propio sustento.<\/p>\n\n\n\n\n\n<p>          Cu\u00e1ntos sacrificios hay detr\u00e1s de esos aut\u00f3nomos, cu\u00e1nta incomprensi\u00f3n de la administraci\u00f3n, la que sabe que como tienes que subsistir y vivir, eres t\u00fa el que se preocupa de que tu frigor\u00edfico est\u00e9 al menos con lo indispensable y que tu familia pueda tener una vida digna. Tienes que estar pendiente de actualizar tus instalaciones de tu comercio o despacho  para ser algo atractivo a quien quiere entrar a verte. No digamos si es un comercio  textil o un taller de autom\u00f3vil, ya que tendr\u00e1s que tener repuestos para no quedarte obsoleto y encima, tendr\u00e1s que tener unas mercader\u00edas atractivas para que los clientes pasen a verte y puedan confiar en tu actividad. Ser\u00e1s colaborador de todos los impuestos municipales que pasen por tu recorrido de vida, seguros por doquier  y si te hace falta la ayuda de alguien ya te complicas con un trabajador o trabajadora por cuenta ajena que te exigir\u00e1 sus derechos, los cuales a ti en tu actividad, no se te pasan ni por la memoria. Es decir, vemos c\u00f3mo frecuentemente muchos aut\u00f3nomos tienen mucha menos jubilaci\u00f3n que los propios trabajadores, porque claro, a ellos hay que aplicarles el convenio colectivo, adem\u00e1s rigurosamente, pero para ti existen unas bases m\u00ednimas de cotizaci\u00f3n que con cumplirlas ya es suficiente, porque  el aumentarlas tendr\u00e1s otras carencias que te faltar\u00e1n para ti y tu familia. Y no digamos si enfermas o te accidentas porque tendr\u00e1s que poner en tu lugar a alguien y cotizando a la Seguridad Social para que t\u00fa percibas una irrisoria prestaci\u00f3n por incapacidad temporal que con eso no tienes ni para pagar la factura del m\u00f3vil y faltando de tu negocio el pilar fundamental que eres t\u00fa.          Todo esto y miles de cosas m\u00e1s las soporta el trabajador aut\u00f3nomo que puede ser un profesional libre, un hostelero, un comerciante  o decenas y decenas de profesiones que viven al amparo de esa denominaci\u00f3n del aut\u00f3nomo. Por eso, es comprensible la desaz\u00f3n y la desaparici\u00f3n de estos, pues tras miles de horas  en la soledad de su trabajo, se  encuentran que los clientes que  no entran, otros que no pueden pagar por su situaci\u00f3n, tambi\u00e9n econ\u00f3mica y pobre de ti  si la administraci\u00f3n de justicia o la administraci\u00f3n en general vienen a pedirte lo que t\u00fa adeudas, porque entonces te caer\u00e1 el peso de la ley, recibir\u00e1s embargos de tus propios  bienes y  si no pagas la Seguridad Social nunca cobrar\u00e1s la jubilaci\u00f3n de aut\u00f3nomo. Por eso,  quiero recordar aquella botella  del aqu\u00e9l genio  que apareci\u00f3 en la orilla de la playa y que ven\u00eda flotando de norte a sur y de este a oeste por los mares de nuestro continente y cuando alguien le quit\u00f3 el tap\u00f3n a esa botella y el genio sali\u00f3 de ella , le pregunt\u00f3 a su salvador \u201cp\u00eddeme lo que quieras\u201d y su salvador le respondi\u00f3 \u201cquiero salud y mucha salud\u201d, a lo que el genio le dijo: \u201cte voy a convertir en aut\u00f3nomo\u201d, d\u00e1ndole a entender que el aut\u00f3nomo no se puede poner ni siquiera enfermo, pues con los antecedentes descritos, ni siquiera una enfermedad le hace vivir en paz como el resto de los mortales.<\/p>\n\n\n\n<p>           Pues bien, tras la pandemia y el hundimiento de miles y miles de aut\u00f3nomos habr\u00e1 una nueva  vida donde  no sabemos c\u00f3mo se realizaran quienes trabajen, pues las perspectivas que se avecinan no son m\u00e1s  que aquellas que  la nueva generaci\u00f3n va a adquirir, que es hacerse funcionario, trabajar por cuenta ajena en una multinacional y esperar acontecimientos, porque desde luego, la profesi\u00f3n de aut\u00f3nomo est\u00e1 a extinguir y cu\u00e1ntos lamentos habr\u00e1 para entonces de quienes entregaron su salud  y su vida al trabajar por cuenta propia. Y mientras, la administraci\u00f3n estar\u00e1 tocando el arpa como Ner\u00f3n cuando ard\u00eda Roma, pero ella en este caso, te dar\u00e1 cuatro limosnas para justificar que ha estado pendiente de los aut\u00f3nomos, pero olvidando  c\u00f3mo pagan asesores, ni\u00f1eras, profesionales de la pol\u00edtica  y gente que a costa de esos aut\u00f3nomos y los contribuyentes no han trabajado en la vida ni por cuenta propia ni por cuenta ajena. <\/p>\n","protected":false},"excerpt":{"rendered":"<p>No cabe duda que la vida nos ha marcado un par\u00e9ntesis en esta pandemia del coronavirus y que muchos psic\u00f3logos y estudiosos del desarrollo humano nos han dicho que hay un antes y un despu\u00e9s. Es decir, al mundo en general le cambiaran costumbres, quehaceres, h\u00e1bitos, reuniones, etc., y donde lo que antes era blanco, [&hellip;]<\/p>\n","protected":false},"author":1,"featured_media":0,"comment_status":"open","ping_status":"open","sticky":false,"template":"","format":"standard","meta":{"footnotes":""},"categories":[1],"tags":[],"class_list":["post-3444","post","type-post","status-publish","format-standard","hentry","category-sin-categoria"],"_links":{"self":[{"href":"https:\/\/elblogdejoseblasfernandez.com\/index.php?rest_route=\/wp\/v2\/posts\/3444","targetHints":{"allow":["GET"]}}],"collection":[{"href":"https:\/\/elblogdejoseblasfernandez.com\/index.php?rest_route=\/wp\/v2\/posts"}],"about":[{"href":"https:\/\/elblogdejoseblasfernandez.com\/index.php?rest_route=\/wp\/v2\/types\/post"}],"author":[{"embeddable":true,"href":"https:\/\/elblogdejoseblasfernandez.com\/index.php?rest_route=\/wp\/v2\/users\/1"}],"replies":[{"embeddable":true,"href":"https:\/\/elblogdejoseblasfernandez.com\/index.php?rest_route=%2Fwp%2Fv2%2Fcomments&post=3444"}],"version-history":[{"count":1,"href":"https:\/\/elblogdejoseblasfernandez.com\/index.php?rest_route=\/wp\/v2\/posts\/3444\/revisions"}],"predecessor-version":[{"id":3447,"href":"https:\/\/elblogdejoseblasfernandez.com\/index.php?rest_route=\/wp\/v2\/posts\/3444\/revisions\/3447"}],"wp:attachment":[{"href":"https:\/\/elblogdejoseblasfernandez.com\/index.php?rest_route=%2Fwp%2Fv2%2Fmedia&parent=3444"}],"wp:term":[{"taxonomy":"category","embeddable":true,"href":"https:\/\/elblogdejoseblasfernandez.com\/index.php?rest_route=%2Fwp%2Fv2%2Fcategories&post=3444"},{"taxonomy":"post_tag","embeddable":true,"href":"https:\/\/elblogdejoseblasfernandez.com\/index.php?rest_route=%2Fwp%2Fv2%2Ftags&post=3444"}],"curies":[{"name":"wp","href":"https:\/\/api.w.org\/{rel}","templated":true}]}}