{"id":3448,"date":"2021-02-14T13:57:20","date_gmt":"2021-02-14T12:57:20","guid":{"rendered":"http:\/\/elblogdejoseblasfernandez.com\/?p=3448"},"modified":"2021-02-14T13:57:40","modified_gmt":"2021-02-14T12:57:40","slug":"las-actividades-esenciales-tambien-se-hunden","status":"publish","type":"post","link":"https:\/\/elblogdejoseblasfernandez.com\/?p=3448","title":{"rendered":"LAS ACTIVIDADES ESENCIALES TAMBI\u00c9N SE HUNDEN"},"content":{"rendered":"\n<p>Desde el inicio oficial de la pandemia en Espa\u00f1a, el Gobierno declar\u00f3 pese a tener muchos errores que luego hubo que corregir, las actividades esenciales y no esenciales. Estas \u00faltimas son las que se han podido acoger a los ERTES y pese a no tener ni aire para respirar, al menos, han podido estar sus trabajadores en desempleo, disfrutar de exoneraciones en las cuotas de seguridad social y alguna que otra subvenci\u00f3n que ello ha hecho que todav\u00eda puedan estar percibiendo desempleo m\u00e1s de 750.000 trabajadores, ya que el resto hemos visto c\u00f3mo aumentan la bolsa del paro.<\/p>\n\n\n\n\n\n<p>Sin embargo, desde el primer momento se crearon una serie de actividades esenciales que para mantener su actividad ni han podido bonificarse de nada y hasta el momento han podido subsistir con mejor o peor situaci\u00f3n, pero que ya por la v\u00eda directa del ERE o despidos est\u00e1n desapareciendo en combate.<\/p>\n\n\n\n<p>Ha sido f\u00e1cil, en algunos casos, incluir a estas actividades esenciales en un listado que no obedece a la realidad, pues muchas de ellas, aunque puedan abrir y desarrollar su actividad comercial nadie les ha comprado nada o las bajadas de ventas han sido desorbitadas, pero con el tiempo estas empresas o actividades est\u00e1n desapareciendo diariamente sin que nadie les diga \u201cpor ah\u00ed te pudras\u201d, pues mientras las esenciales han estado abiertas, nadie podr\u00e1 dudar de que las ventas han sido minoritarias; pod\u00edamos poner miles de ejemplos, pues hasta el propio combustible que se vende en las gasolineras ha sufrido bajadas en sus ventas de m\u00e1s del 80%, o por ejemplo qui\u00e9n puede negar que los profesionales del derecho, los m\u00e9dicos, las \u00f3pticas no han tenido una merma de m\u00e1s del 50%, o los propios medios de comunicaci\u00f3n, donde la prensa escrita ha tenido una p\u00e9rdida que nadie podr\u00e1 calcular y si nos vamos a los supermercados o centros de alimentaci\u00f3n, qui\u00e9n no puede afirmar que el confinamiento de las personas tambi\u00e9n ha hecho una sensible herida en sus ventas, o, por ejemplo, curiosamente, las propias peluquer\u00edas o las tintorer\u00edas, pues que les pregunten qu\u00e9 n\u00famero de facturaci\u00f3n han podido hacer a quienes estaban confinados y no sal\u00edan de sus casas.<\/p>\n\n\n\n\n\n<p>Es decir, un largo etc\u00e9tera que ha mermado sus ventas y su actividad, sin que les apoyase ninguna administraci\u00f3n, pues las cantidades irrisorias que se han dado a algunos aut\u00f3nomos han sido tan deficientes que ni para pagar la cuota de seguridad social han tenido suficiente. Sin embargo, quienes han sido esenciales y han trabajado al 50% como m\u00e1ximo son las administraciones, porque entre las citas previas, las llamadas telef\u00f3nicas sin respuesta y negociados cerrados a cal y canto donde su excusa y gesti\u00f3n ha sido el teletrabajo, podemos concluir que a\u00fan en muchas de ellas ni se les espera, pero ellos s\u00ed han cobrado sus salarios a final de mes, porque para eso son funcionarios y no olvidemos que sus sueldos los pagamos el resto de contribuyentes, pues al igual que hay excepciones de administraciones y funcionarios como en la sanidad, fuerzas del orden, protecci\u00f3n civil y cuerpos militares, otros a\u00fan no han vuelto a pisar su puesto de trabajo que manten\u00edan antes de la pandemia y si se pregunta por ellos, siempre est\u00e1n en teletrabajo y no olvidemos lo vergonzoso de los diez d\u00edas de trabajo en los juzgados y tribunales del mes de agosto pasado, los cuales ni han servido para nada, ni se han celebrado juicios y encima existen se\u00f1alamientos, como ocurre en la jurisdicci\u00f3n social, para dentro de tres a\u00f1os. Pero sin embargo, los profesionales del Derecho estuvimos el mes de agosto sin vacaciones y contestando resoluciones porque a nosotros los plazos no se nos perdonan.<\/p>\n\n\n\n<p>En definitiva, ojal\u00e1 la pandemia desaparezca pronto y el mundo del trabajo y comercial puedan recuperar su econom\u00eda, pero la discriminaci\u00f3n que ha existido entre actividades que han estado abiertas y sacando adelante sus plantillas sin poder pasarlas por ninguna subvenci\u00f3n, nada tiene que ver con las que han sido definidas no esenciales, donde en muchos casos no solo ha existido ayudas estatales y exoneraciones, sino abusos como hoy que al cabo de un a\u00f1o, se est\u00e1 comprobando por los cuerpos de vigilancia de la inspecci\u00f3n en general. As\u00ed vemos y observamos la situaci\u00f3n ruinosa que tiene Espa\u00f1a. Se ha legislado improvisamente, a destajo y sin sentido. Todo ha sido aceleraci\u00f3n y descargar competencias sobre terceros como han hecho con las Comunidades Aut\u00f3nomas, pero el sentido com\u00fan no ha imperado y hoy comprobamos c\u00f3mo unas m\u00e1s que otras, las empresas se hunden y en especial, las pymes y si queremos agregarle esencial, se van a ir al cementerio con el marchamo de \u201cempresa esencial hundida\u201d.<\/p>\n","protected":false},"excerpt":{"rendered":"<p>Desde el inicio oficial de la pandemia en Espa\u00f1a, el Gobierno declar\u00f3 pese a tener muchos errores que luego hubo que corregir, las actividades esenciales y no esenciales. Estas \u00faltimas son las que se han podido acoger a los ERTES y pese a no tener ni aire para respirar, al menos, han podido estar sus [&hellip;]<\/p>\n","protected":false},"author":1,"featured_media":0,"comment_status":"open","ping_status":"open","sticky":false,"template":"","format":"standard","meta":{"footnotes":""},"categories":[1],"tags":[],"class_list":["post-3448","post","type-post","status-publish","format-standard","hentry","category-sin-categoria"],"_links":{"self":[{"href":"https:\/\/elblogdejoseblasfernandez.com\/index.php?rest_route=\/wp\/v2\/posts\/3448","targetHints":{"allow":["GET"]}}],"collection":[{"href":"https:\/\/elblogdejoseblasfernandez.com\/index.php?rest_route=\/wp\/v2\/posts"}],"about":[{"href":"https:\/\/elblogdejoseblasfernandez.com\/index.php?rest_route=\/wp\/v2\/types\/post"}],"author":[{"embeddable":true,"href":"https:\/\/elblogdejoseblasfernandez.com\/index.php?rest_route=\/wp\/v2\/users\/1"}],"replies":[{"embeddable":true,"href":"https:\/\/elblogdejoseblasfernandez.com\/index.php?rest_route=%2Fwp%2Fv2%2Fcomments&post=3448"}],"version-history":[{"count":2,"href":"https:\/\/elblogdejoseblasfernandez.com\/index.php?rest_route=\/wp\/v2\/posts\/3448\/revisions"}],"predecessor-version":[{"id":3453,"href":"https:\/\/elblogdejoseblasfernandez.com\/index.php?rest_route=\/wp\/v2\/posts\/3448\/revisions\/3453"}],"wp:attachment":[{"href":"https:\/\/elblogdejoseblasfernandez.com\/index.php?rest_route=%2Fwp%2Fv2%2Fmedia&parent=3448"}],"wp:term":[{"taxonomy":"category","embeddable":true,"href":"https:\/\/elblogdejoseblasfernandez.com\/index.php?rest_route=%2Fwp%2Fv2%2Fcategories&post=3448"},{"taxonomy":"post_tag","embeddable":true,"href":"https:\/\/elblogdejoseblasfernandez.com\/index.php?rest_route=%2Fwp%2Fv2%2Ftags&post=3448"}],"curies":[{"name":"wp","href":"https:\/\/api.w.org\/{rel}","templated":true}]}}