{"id":3482,"date":"2021-03-06T19:44:08","date_gmt":"2021-03-06T18:44:08","guid":{"rendered":"http:\/\/elblogdejoseblasfernandez.com\/?p=3482"},"modified":"2021-03-06T19:44:11","modified_gmt":"2021-03-06T18:44:11","slug":"el-empleo-se-despena","status":"publish","type":"post","link":"https:\/\/elblogdejoseblasfernandez.com\/?p=3482","title":{"rendered":"EL EMPLEO SE DESPE\u00d1A"},"content":{"rendered":"\n\n\n<p>         El presente mes de Febrero nos ha dado no s\u00f3lo un susto, sino que nos ha convulsionado por el n\u00famero de parados que en estos momentos y por el fuerte impacto de la tercera ola de la pandemia ha dejado en las estad\u00edsticas.  Los datos registrados oficialmente en el SEPE dan como inscritas en situaci\u00f3n de desempleo a 4.008.789 personas, lo que se aumenta en cerca de 45.000  personas m\u00e1s, sin contar los trabajadores que est\u00e1n en los ERTES, que pr\u00e1cticamente es asimilable al desempleo y que suman 900.000 personas. Es decir, el empleo  en Espa\u00f1a est\u00e1 en ca\u00edda libre y si bien la pandemia ha influido notablemente en este desmadre no cabe duda de que no se han puesto soluciones ni se han abortado mecanismos para que esta sangr\u00eda se est\u00e9 despe\u00f1ando cada minuto, pues cerca de 5 millones en total no tienen hoy empleo que echarse a la boca.<\/p>\n\n\n\n<p>          Lo peor  est\u00e1 a\u00fan por venir, pero  la gran preocupaci\u00f3n  es que hasta cu\u00e1ndo vamos a estar pagando desempleo con la desmoralizaci\u00f3n que ello conlleva en los trabajadores y donde  las empresas, cada vez m\u00e1s est\u00e1n desapareciendo, as\u00ed como el peso grueso que tienen los aut\u00f3nomos, por lo que la cat\u00e1strofe est\u00e1 servida, m\u00e1xime  cuando han aumentado desproporcionadamente  el n\u00famero en el sector servicios y  en el caso de las mujeres baten el record en proporci\u00f3n a los varones  y si ya nos vamos al empleo juvenil,  ya no hay quien  los descuelgue del mayor n\u00famero de Europa.<\/p>\n\n\n\n\n\n<p>          Es verdad que la econom\u00eda espa\u00f1ola se ha caracterizado en las \u00faltimas d\u00e9cadas por presentar  tasas de paro muy altas en relaci\u00f3n a la media Europea y en el segmento de los j\u00f3venes, como s\u00edmbolo del futuro de un pa\u00eds, tambi\u00e9n han sido los m\u00e1s vulnerables, pero las tasas a las que hemos llegado nunca existieron y este fuerte impacto se encuentra pr\u00e1cticamente despe\u00f1ado y sin atisbarse arreglo alguno en los meses venideros, ya que  el Gobierno est\u00e1 dedicado a menesteres medi\u00e1ticos y de ideolog\u00eda, mir\u00e1ndose el ombligo de sus carencias y las presiones que posee de los socios que le acompa\u00f1an, que  no  encuentran  soluci\u00f3n a la cat\u00e1strofe que poco a poco nos est\u00e1 destruyendo.<\/p>\n\n\n\n\n\n<p>           El paro tiene nombres y apellidos, tiene a familias destrozadas y a personas destruidas. Por un lado, el alarmante n\u00famero de fallecidos por el COVID, lo cual pudo ser frenado en parte y la r\u00e9mora del desempleo hacen que la desgana  y el desaliento se haya apoderado de nuestra bendita Espa\u00f1a. Volver a lo que fuimos costar\u00e1 muchos a\u00f1os, porque las generaciones una vez que entran en la espiral del desempleo dif\u00edcilmente lo tienen claro para volver a encausarse en el surco del trabajo, porque si no hay voluntad para combatir las consecuencias de este desempleo, dif\u00edcilmente se paralizar\u00e1n los efectos que todo esto produce. Estamos ante una disminuci\u00f3n generalizada de los ingresos que tiene y produce cambios en el estilo de vida, posee consecuencias psicol\u00f3gicas muy negativas, pues el empobrecimiento de la sociedad trae disminuci\u00f3n de la autoestima, ansiedad, depresi\u00f3n y muchas debilidades f\u00edsicas, ya que quien teniendo edad para trabajar no est\u00e1 ocupado ni consigue un puesto de trabajo, como ya nos est\u00e1 ocurriendo,  sufre  una incapacidad de todo orden que no tiene parang\u00f3n, pues quienes est\u00e1n en esta situaci\u00f3n no tienen fuerza moral para mitigar este grave impacto del desempleo, ya que  salir todos los d\u00edas a la calle y hacer frente a ese desaliento que produce estragos en la poblaci\u00f3n no tiene m\u00e1s que desconsuelo y des\u00e1nimo y si de alguna forma en el horizonte  hay falta de inversiones que generan empleo para la sociedad y estamos asistiendo a  tantos despidos masivos por el cierre de las empresas, el deterioro familiar y social es incalculable.<\/p>\n\n\n\n<p><\/p>\n\n\n\n<p>          Espa\u00f1a tiene que dotarse de personas con capacidad para sacarnos de este boquete, profesionales y pol\u00edticos que quieran ayudar a levantar este hundimiento, pero pol\u00edticos no de profesi\u00f3n, sino pol\u00edticos sacados de las esferas de los emprendedores para que con consignas serias y a veces duras, levanten un mercado laboral para todo aqu\u00e9l que lo necesita,  pero pagando subsidios, subiendo  impuestos y  colocando asesores para cubrir sus necesidades del circulo de sus amigos, solo se llega al desenfado, odio y descr\u00e9dito y, por tanto,  o se concentran los que saben de las materias retir\u00e1ndose los pol\u00edticos de pacotilla y marcan directrices  para levantar todo este entramado, o los nubarrones que se nos avecinan en los pr\u00f3ximos meses ser\u00e1n de un calificativo arrollador. <\/p>\n","protected":false},"excerpt":{"rendered":"<p>El presente mes de Febrero nos ha dado no s\u00f3lo un susto, sino que nos ha convulsionado por el n\u00famero de parados que en estos momentos y por el fuerte impacto de la tercera ola de la pandemia ha dejado en las estad\u00edsticas. Los datos registrados oficialmente en el SEPE dan como inscritas en situaci\u00f3n [&hellip;]<\/p>\n","protected":false},"author":1,"featured_media":0,"comment_status":"open","ping_status":"open","sticky":false,"template":"","format":"standard","meta":{"footnotes":""},"categories":[1],"tags":[],"class_list":["post-3482","post","type-post","status-publish","format-standard","hentry","category-sin-categoria"],"_links":{"self":[{"href":"https:\/\/elblogdejoseblasfernandez.com\/index.php?rest_route=\/wp\/v2\/posts\/3482","targetHints":{"allow":["GET"]}}],"collection":[{"href":"https:\/\/elblogdejoseblasfernandez.com\/index.php?rest_route=\/wp\/v2\/posts"}],"about":[{"href":"https:\/\/elblogdejoseblasfernandez.com\/index.php?rest_route=\/wp\/v2\/types\/post"}],"author":[{"embeddable":true,"href":"https:\/\/elblogdejoseblasfernandez.com\/index.php?rest_route=\/wp\/v2\/users\/1"}],"replies":[{"embeddable":true,"href":"https:\/\/elblogdejoseblasfernandez.com\/index.php?rest_route=%2Fwp%2Fv2%2Fcomments&post=3482"}],"version-history":[{"count":1,"href":"https:\/\/elblogdejoseblasfernandez.com\/index.php?rest_route=\/wp\/v2\/posts\/3482\/revisions"}],"predecessor-version":[{"id":3487,"href":"https:\/\/elblogdejoseblasfernandez.com\/index.php?rest_route=\/wp\/v2\/posts\/3482\/revisions\/3487"}],"wp:attachment":[{"href":"https:\/\/elblogdejoseblasfernandez.com\/index.php?rest_route=%2Fwp%2Fv2%2Fmedia&parent=3482"}],"wp:term":[{"taxonomy":"category","embeddable":true,"href":"https:\/\/elblogdejoseblasfernandez.com\/index.php?rest_route=%2Fwp%2Fv2%2Fcategories&post=3482"},{"taxonomy":"post_tag","embeddable":true,"href":"https:\/\/elblogdejoseblasfernandez.com\/index.php?rest_route=%2Fwp%2Fv2%2Ftags&post=3482"}],"curies":[{"name":"wp","href":"https:\/\/api.w.org\/{rel}","templated":true}]}}