{"id":3488,"date":"2021-03-17T20:47:10","date_gmt":"2021-03-17T19:47:10","guid":{"rendered":"http:\/\/elblogdejoseblasfernandez.com\/?p=3488"},"modified":"2021-03-17T20:47:12","modified_gmt":"2021-03-17T19:47:12","slug":"gutierrez-trueba-un-profesional-en-la-politica","status":"publish","type":"post","link":"https:\/\/elblogdejoseblasfernandez.com\/?p=3488","title":{"rendered":"GUTI\u00c9RREZ TRUEBA, UN PROFESIONAL EN LA POL\u00cdTICA"},"content":{"rendered":"\n\n\n<p>         Se nos acaba de marchar una persona cercana, medi\u00e1tica y en especial, con un gran coraz\u00f3n, donde nunca menospreci\u00f3 a nadie y realiz\u00f3 un papel muy digno en aquella pol\u00edtica, donde  no se  viv\u00eda de ella  y donde se pensaba m\u00e1s en tu ciudad  y  tus vecinos  que en escalar o medrar como ocurre hoy en los partidos pol\u00edticos.<\/p>\n\n\n\n<p>           Jos\u00e9 Antonio Guti\u00e9rrez Trueba fue \u201cfichado\u201d para la pol\u00edtica en los escalones de la entrada de la Audiencia Provincial, donde sal\u00eda de un juicio  y tres compa\u00f1eros de la \u00e9poca lo abordamos para que encabezara una lista muy dif\u00edcil,  pero que a cambio de nada, ten\u00edas que darlo todo por tu ciudad.<\/p>\n\n\n\n<p>          Recuerdo que desde  su inicio en 1983 como Concejal y candidato a la Alcald\u00eda, tuvo siempre la comprensi\u00f3n de su equipo que por aquel entonces fue una coalici\u00f3n y donde siempre hab\u00eda el temor de que tres grupos pol\u00edticos metidos en uno no se sab\u00eda c\u00f3mo saldr\u00eda, pero no fue as\u00ed, \u00e9l supo encabezar, dialogar y cualquier propuesta, viniese de quien viniese, le parec\u00eda bien. Recuerdo que me dec\u00eda: \u201cPepe Blas, t\u00fa llevas la intendencia de nosotros, porque  tu trabajo nunca te lo discutir\u00e9\u201d. Es decir,  fue un  hombre que con su gracejo y simpat\u00eda y lleno de amistades por todas partes,  hizo un gran papel mientras estuvo en el Ayuntamiento y en la Diputaci\u00f3n y su presencia y su oratoria fue siempre agradecida, porque a muchas intervenciones le pon\u00eda una gotas de humor para que los Plenos no fueran tan tediosos, porque en aquellas fechas \u00e9stos se celebraban cada tres meses.<\/p>\n\n\n\n\n\n<p>          Recuerdo que cuando ya se desped\u00eda de la Corporaci\u00f3n y se marchaba en el a\u00f1o 1991, tuvo una an\u00e9cdota que es digna de leer en  las actas del Ayuntamiento; \u201crecuerdo que ya no repet\u00eda m\u00e1s y por aqu\u00e9l entonces, el Presidente Regional Gabino Puche, dijo que quer\u00eda gente normal para las listas y \u00e9l en su simp\u00e1tica oratoria y con un tono que siempre recordar\u00e9, el Ayuntamiento en aqu\u00e9l Pleno, nos entreg\u00f3 una tarjeta para aparcar en la puerta del consistorio y la suya, por error, era una tarjeta de discapacitado, cuando se la entregaron dijo: \u201c\u00bfven ustedes por qu\u00e9 me marcho?, porque no soy para mi Presidente una persona normal\u201d\u201d.  El sal\u00f3n de Plenos se llen\u00f3 de carcajadas y siempre mantuvo  una cordial entrega a todo aquello que  fuese relacionado con su partido.<\/p>\n\n\n\n<p>           Por ello, hoy despedimos a un gran amigo que por la Ciudad de C\u00e1diz se entreg\u00f3 todo lo que supo y pudo y el recuerdo en todos los que form\u00e1bamos aquellos a\u00f1os el Partido Popular siempre lo tendremos presente. Por eso, mi respeto y mi honor de  haber estado en la  bancada  junto a \u00e9l, pues todos  eran profesionales en la pol\u00edtica,  como le ocurri\u00f3 a Jos\u00e9 Antonio Guti\u00e9rrez Trueba, cosa de lo que hoy, desgraciadamente, se adolece. <\/p>\n","protected":false},"excerpt":{"rendered":"<p>Se nos acaba de marchar una persona cercana, medi\u00e1tica y en especial, con un gran coraz\u00f3n, donde nunca menospreci\u00f3 a nadie y realiz\u00f3 un papel muy digno en aquella pol\u00edtica, donde no se viv\u00eda de ella y donde se pensaba m\u00e1s en tu ciudad y tus vecinos que en escalar o medrar como ocurre hoy [&hellip;]<\/p>\n","protected":false},"author":1,"featured_media":0,"comment_status":"open","ping_status":"open","sticky":false,"template":"","format":"standard","meta":{"footnotes":""},"categories":[1],"tags":[],"class_list":["post-3488","post","type-post","status-publish","format-standard","hentry","category-sin-categoria"],"_links":{"self":[{"href":"https:\/\/elblogdejoseblasfernandez.com\/index.php?rest_route=\/wp\/v2\/posts\/3488","targetHints":{"allow":["GET"]}}],"collection":[{"href":"https:\/\/elblogdejoseblasfernandez.com\/index.php?rest_route=\/wp\/v2\/posts"}],"about":[{"href":"https:\/\/elblogdejoseblasfernandez.com\/index.php?rest_route=\/wp\/v2\/types\/post"}],"author":[{"embeddable":true,"href":"https:\/\/elblogdejoseblasfernandez.com\/index.php?rest_route=\/wp\/v2\/users\/1"}],"replies":[{"embeddable":true,"href":"https:\/\/elblogdejoseblasfernandez.com\/index.php?rest_route=%2Fwp%2Fv2%2Fcomments&post=3488"}],"version-history":[{"count":1,"href":"https:\/\/elblogdejoseblasfernandez.com\/index.php?rest_route=\/wp\/v2\/posts\/3488\/revisions"}],"predecessor-version":[{"id":3491,"href":"https:\/\/elblogdejoseblasfernandez.com\/index.php?rest_route=\/wp\/v2\/posts\/3488\/revisions\/3491"}],"wp:attachment":[{"href":"https:\/\/elblogdejoseblasfernandez.com\/index.php?rest_route=%2Fwp%2Fv2%2Fmedia&parent=3488"}],"wp:term":[{"taxonomy":"category","embeddable":true,"href":"https:\/\/elblogdejoseblasfernandez.com\/index.php?rest_route=%2Fwp%2Fv2%2Fcategories&post=3488"},{"taxonomy":"post_tag","embeddable":true,"href":"https:\/\/elblogdejoseblasfernandez.com\/index.php?rest_route=%2Fwp%2Fv2%2Ftags&post=3488"}],"curies":[{"name":"wp","href":"https:\/\/api.w.org\/{rel}","templated":true}]}}