{"id":3528,"date":"2021-04-14T20:17:25","date_gmt":"2021-04-14T18:17:25","guid":{"rendered":"http:\/\/elblogdejoseblasfernandez.com\/?p=3528"},"modified":"2021-04-14T20:17:27","modified_gmt":"2021-04-14T18:17:27","slug":"miedo-a-la-vacuna-y-panico-a-la-economia","status":"publish","type":"post","link":"https:\/\/elblogdejoseblasfernandez.com\/?p=3528","title":{"rendered":"MIEDO A LA VACUNA Y P\u00c1NICO A LA ECONOM\u00cdA"},"content":{"rendered":"\n\n\n<p>         A ninguno se nos est\u00e1 escapando la situaci\u00f3n de desaliento que la sociedad civil espa\u00f1ola atraviesa en uno de sus peores momentos de la historia. Se dice que desde la guerra civil ninguna crisis tan profunda como la que mantenemos ha  aflorado en Espa\u00f1a con tanta fuerza  y terror como  la pandemia del covid-19 y sus consecuencias. En estos momentos que parec\u00eda que la salud pod\u00edamos mejorarla y congelar el desarraigo que ha producido los m\u00e1s de 100.000 fallecimientos,  con motivo de la vacunaci\u00f3n tard\u00eda pero con alicientes,  se nos enfrenta el saber  y resolver qu\u00e9 vacuna es la m\u00e1s eficiente y cu\u00e1l de ellas iba a tener mejor resultado para conseguir que la poblaci\u00f3n estuviera inmunizada,  pero no, la astrazeneca, la inseguridad de los poderes p\u00fablicos,  la incertidumbre de Europa o su tardanza en resolver, as\u00ed como la cantidad de opiniones de los distintos pa\u00edses para aplicar lo m\u00e1s correcto,  promueve todo esto una campa\u00f1a regresiva, donde seg\u00fan los tramos de edades ya hay miles de personas que no quieren vacunarse por temor a sus consecuencias. En definitiva, la sociedad tras un duro confinamiento y tras cierres perimetrales de todo tipo, ha dado marcha atr\u00e1s y ha entrado en el acueducto del miedo y m\u00e1s a\u00fan cuando ese miedo ya va invadiendo a muchos tramos de edades que parec\u00eda que con ellos no iba, pero no, en la puerta de la cuarta ola, cada Comunidad Aut\u00f3noma aplica sus criterios y la inseguridad domina a la poblaci\u00f3n. En definitiva, lo que se suele decir es que con miedo no se consigue nada y, por tanto, la ilusi\u00f3n y las perspectivas de renovar la vida que manten\u00edamos a finales del 2019 se vuelve a ver lejana. Estamos ahora en la batalla de qu\u00e9 vacuna es la m\u00e1s eficiente y cu\u00e1l o cu\u00e1les perjudican a los vacunados porque no hay confianza por tanta informaci\u00f3n sesgada, insegura y poco clara.<\/p>\n\n\n\n\n\n<p>          A todo esto, la econom\u00eda est\u00e1 en unos par\u00e1metros que no se conocieron nunca. El desempleo est\u00e1 corriendo cotas  donde ni se esperaban ni se sabe a d\u00f3nde va,  pues si le unimos los casi 900.000 trabajadores  que est\u00e1n en los ERTES al paro existente, la cifra no puede ser m\u00e1s desastrosa. A ello, le tenemos que aumentar casi  nueve millones de pensionistas aun cuando haya tenido una reducci\u00f3n de 8.400 beneficiarios, pero la Seguridad Social, compa\u00f1era de estos, ya tiene un d\u00e9ficit de casi 17.000 millones de euros. Entre desempleados, la ca\u00edda brutal de los Aut\u00f3nomos, los funcionarios o empleados por el sector p\u00fablico, donde la encuesta de poblaci\u00f3n activa correspondiente al cuarto trimestre dice que hay 3.253.300 personas empleadas por el sector p\u00fablico, incluidos los asalariados vinculados a las empresas p\u00fablicas, nos encontramos  que casi 20 millones de personas est\u00e1n cobrando del Estado, lo que hace pensar que con estos par\u00e1metros y en una poblaci\u00f3n donde quienes quieren trabajar no pueden y donde el envejecimiento se est\u00e1 haciendo por d\u00eda m\u00e1s agresivo, \u00bfqui\u00e9n paga esta n\u00f3mina de 20 millones de personas a costa de lo p\u00fablico?, pues si en estos momentos la juventud no tiene empleo porque somos el pa\u00eds con mayor desempleo juvenil de Europa y sus perspectivas de colocaci\u00f3n cuanto terminen muchos sus estudios es nula, \u00bfqui\u00e9nes ser\u00e1n los que paguen esta gran factura  que la Espa\u00f1a del 2021 tiene que afrontar?.<\/p>\n\n\n\n\n\n<p>          Es decir, que si en Espa\u00f1a viven actualmente 47,1 millones de habitantes, datos que hace p\u00fablico el INE y de ah\u00ed 20 millones reciben sus rentas del Estado con un coste de m\u00e1s de 30.000 millones de euros al mes, \u00bfqui\u00e9n soporta este abultado n\u00famero?, pues entre los colectivos que he enumerado, los desempleados y el aumento permanente de nuevos parados que tambi\u00e9n recibir\u00e1n prestaci\u00f3n, no cabe duda que las facturas no podr\u00e1n abonarse y el Gobierno que est\u00e1 inseguro, pues no tiene inclusive ning\u00fan plan para la rehabilitaci\u00f3n de la econom\u00eda,   entramos en la figura del p\u00e1nico, porque si se piensa que tanta n\u00f3mina la van a pagar los pocos que trabajan o que producen y pagan impuestos, no hay  ni para empezar, por lo que no cabe duda que se atisba tras la pandemia, una resaca econ\u00f3mica tan vulnerable que sin un plan de rehabilitaci\u00f3n de la misma no llegamos m\u00e1s que a  vernos obligados a buscar un gobierno de tecn\u00f3cratas que con sentido de resolver la salud y la econom\u00eda, nos haga estar esperanzados en el repunte de esta sociedad abatida.<\/p>\n\n\n\n<p>          Pr\u00f3ximamente vamos a entrar en la \u00e9poca estival donde la hosteler\u00eda y el turismo son nuestros principales valedores, pero vemos que no, que el hundimiento persiste y que cuando alguien se acostumbra a vivir de lo p\u00fablico sin el m\u00ednimo esfuerzo, la agon\u00eda que produce este p\u00e1nico es  imparable, pues  las perspectivas pol\u00edticas, los enfrentamientos entre partidos y la desaz\u00f3n y credibilidad de  quien nos gobierna es cada d\u00eda m\u00e1s funesta, cosa que hace  no pensar en un repunte de nada, por lo que  entre vacunas y econom\u00eda, estamos inmersos en el miedo y en el p\u00e1nico. <\/p>\n","protected":false},"excerpt":{"rendered":"<p>A ninguno se nos est\u00e1 escapando la situaci\u00f3n de desaliento que la sociedad civil espa\u00f1ola atraviesa en uno de sus peores momentos de la historia. Se dice que desde la guerra civil ninguna crisis tan profunda como la que mantenemos ha aflorado en Espa\u00f1a con tanta fuerza y terror como la pandemia del covid-19 y [&hellip;]<\/p>\n","protected":false},"author":1,"featured_media":0,"comment_status":"open","ping_status":"open","sticky":false,"template":"","format":"standard","meta":{"footnotes":""},"categories":[1],"tags":[],"class_list":["post-3528","post","type-post","status-publish","format-standard","hentry","category-sin-categoria"],"_links":{"self":[{"href":"https:\/\/elblogdejoseblasfernandez.com\/index.php?rest_route=\/wp\/v2\/posts\/3528","targetHints":{"allow":["GET"]}}],"collection":[{"href":"https:\/\/elblogdejoseblasfernandez.com\/index.php?rest_route=\/wp\/v2\/posts"}],"about":[{"href":"https:\/\/elblogdejoseblasfernandez.com\/index.php?rest_route=\/wp\/v2\/types\/post"}],"author":[{"embeddable":true,"href":"https:\/\/elblogdejoseblasfernandez.com\/index.php?rest_route=\/wp\/v2\/users\/1"}],"replies":[{"embeddable":true,"href":"https:\/\/elblogdejoseblasfernandez.com\/index.php?rest_route=%2Fwp%2Fv2%2Fcomments&post=3528"}],"version-history":[{"count":2,"href":"https:\/\/elblogdejoseblasfernandez.com\/index.php?rest_route=\/wp\/v2\/posts\/3528\/revisions"}],"predecessor-version":[{"id":3533,"href":"https:\/\/elblogdejoseblasfernandez.com\/index.php?rest_route=\/wp\/v2\/posts\/3528\/revisions\/3533"}],"wp:attachment":[{"href":"https:\/\/elblogdejoseblasfernandez.com\/index.php?rest_route=%2Fwp%2Fv2%2Fmedia&parent=3528"}],"wp:term":[{"taxonomy":"category","embeddable":true,"href":"https:\/\/elblogdejoseblasfernandez.com\/index.php?rest_route=%2Fwp%2Fv2%2Fcategories&post=3528"},{"taxonomy":"post_tag","embeddable":true,"href":"https:\/\/elblogdejoseblasfernandez.com\/index.php?rest_route=%2Fwp%2Fv2%2Ftags&post=3528"}],"curies":[{"name":"wp","href":"https:\/\/api.w.org\/{rel}","templated":true}]}}