{"id":3534,"date":"2021-04-20T20:52:56","date_gmt":"2021-04-20T18:52:56","guid":{"rendered":"http:\/\/elblogdejoseblasfernandez.com\/?p=3534"},"modified":"2021-04-20T20:52:59","modified_gmt":"2021-04-20T18:52:59","slug":"monarquia-y-republica","status":"publish","type":"post","link":"https:\/\/elblogdejoseblasfernandez.com\/?p=3534","title":{"rendered":"MONARQUIA Y REP\u00daBLICA"},"content":{"rendered":"\n\n\n<p>          El pasado d\u00eda 14 del cte. mes hubo un t\u00edmido recuerdo para la Segunda Rep\u00fablica Espa\u00f1ola, donde el Gobierno de  la misma  termin\u00f3 en el exilio  y donde once de sus trece miembros no volvieron nunca m\u00e1s  a Espa\u00f1a. La Rep\u00fablica fue para el recuerdo y a mi entender nefasta y propiciadora de una convulsi\u00f3n entre espa\u00f1oles  que nunca debemos olvidar por sus graves consecuencias, pues  expuls\u00f3 al Rey Alfonso XIII, el cual muri\u00f3 en el exilio y donde propicio 40 a\u00f1os de una Dictadura a la que tampoco debemos volver,  porque las libertades y los Derechos de los espa\u00f1oles tambi\u00e9n fueron postergados. Sin embargo, como aquella Rep\u00fablica no la conoc\u00ed y solo puedo irme a ella por los recuerdos de mis antepasados, los desastres callejeros y el enfrentamiento entre espa\u00f1oles que lo cuentan los historiadores, s\u00ed quiero recordar  a nuestra Monarqu\u00eda y, en especial, al actual Rey de Espa\u00f1a, D. Felipe VI de Borb\u00f3n y quiero recordarlo porque tuve el honor de  presenciar, por mi condici\u00f3n de Parlamentario,  un acontecimiento hist\u00f3rico, como fue su proclamaci\u00f3n como Rey de Espa\u00f1a, la cual se llev\u00f3 a cabo el jueves 19 de Junio de 2014,  en una sesi\u00f3n solemne reunidas las Cortes Generales en el Palacio del Congreso de los Diputados para tal evento. Recuerdo con cari\u00f1o a un Rey maduro, formado  y que  era conocedor de su proclamaci\u00f3n y del mensaje que recib\u00eda  por mandato de la soberan\u00eda popular que reside en el Parlamento. Fue un acto emocionante y lleno de gratitud por el actual Rey que iniciaba un nuevo reinado  y que  era recordado porque en casi los 40 a\u00f1os que su predecesor y padre, D. Juan Carlos I, hab\u00eda dejado  un reinado para quien le segu\u00eda firme  y al servicio de Espa\u00f1a, por lo que  las Cortes Generales apostaban en este nuevo Rey junto con la Reina D\u00f1a. Leticia, por un brillante periodo de progreso y estabilidad y donde los all\u00ed presentes le manifestamos la lealtad y firme voluntad de apoyo a un fruct\u00edfero reinado que comenzaba dicho d\u00eda.<\/p>\n\n\n\n\n\n<p>          Para algunos que hoy cuestionan la monarqu\u00eda  como si la Rep\u00fablica fuese la panacea de la democracia,  no pueden olvidar  que nuestra Constituci\u00f3n est\u00e1 por encima de todos y que a ella est\u00e1  sometido el Rey y, por supuesto, la Corona. D. Felipe, profundamente emocionado  asumi\u00f3 esta responsabilidad consciente de que era la mayor esperanza en el futuro de Espa\u00f1a, pues se encontraba ante una naci\u00f3n forjada a lo largo de siglos de historia  por el trabajo compartido de millones de espa\u00f1oles y ante los all\u00ed presentes rindi\u00f3  un homenaje de gratitud hacia su padre, el Rey D. Juan Carlos I, un reinado que forma parte ya de nuestra historia con un legado pol\u00edtico extraordinario y record\u00f3 aqu\u00e9l d\u00eda que su padre manifest\u00f3 p\u00fablicamente que quer\u00eda ser Rey de todos los espa\u00f1oles y aunque a  algunos no les guste as\u00ed ha sido, por lo que a D. Juan Carlos tambi\u00e9n quiero agradecerle que supo abrir el camino a la democracia,  al entendimiento entre los espa\u00f1oles y a su convivencia de libertad, sin olvidar a su madre, la Reina D\u00f1a. Sof\u00eda, la cual estaba presente en la Tribuna de Honor y que hab\u00eda dedicado una vida de trabajo impecable al servicio de los espa\u00f1oles y, por tanto,  con una alta dignidad y sentido de la responsabilidad, haciendo hincapi\u00e9 aqu\u00ed a aqu\u00e9l 23-F donde si D. Juan Carlos no toma las riendas de su Jefatura, hoy no sabemos c\u00f3mo estar\u00eda Espa\u00f1a.<\/p>\n\n\n\n<p>          D. Felipe es un Rey que con dificultades ha accedido a la primera Magistratura del Estado de acuerdo con una Constituci\u00f3n que fue refrendada por una gran mayor\u00eda de los espa\u00f1oles y, por tanto, es un Rey que se atiene al ejercicio de las funciones que constitucionalmente le han sido encomendadas y, por ello,  es s\u00edmbolo de la unidad y permanencia del Estado, el cual  tambi\u00e9n respeta el principio de separaci\u00f3n de poderes, colabora con el Gobierno de la Naci\u00f3n, pues es conocedor que a este le corresponde  la direcci\u00f3n pol\u00edtica nacional y respeta en todo momento y as\u00ed lo dijo, la independencia del Poder Judicial, aunque algunos quieran cortarle las alas.<\/p>\n\n\n\n<p>           La independencia de la Corona, su neutralidad pol\u00edtica y su vocaci\u00f3n integradora ante las diferentes opciones ideol\u00f3gicas le permiten contribuir a la estabilidad de nuestro sistema pol\u00edtico,  facilitando el equilibrio con los dem\u00e1s \u00f3rganos constitucionales y, por tanto, todos los valores necesarios para la convivencia y el desarrollo de la sociedad civil.<\/p>\n\n\n\n\n\n<p>          Estuve presente y nunca olvidar\u00e9 sus palabras que antes he descrito, pues indic\u00f3  que si tuvi\u00e9ramos que mirar hacia el pasado se hiciera sin nostalgia, pero con gran respeto hacia nuestra historia. Esas palabras son dignas de elogio y le han dado fuerza y solidez al papel de Su Majestad el Rey D. Felipe, pues su promesa de cercan\u00eda  y solidaridad a todos los espa\u00f1oles en este corto periodo de tiempo de casi 7 a\u00f1os, lo ha llevado a cabo y siempre ha mirado hacia delante, mirando hacia un futuro renovador  y que todos queremos tener. Por ello, en ese marco de esperanza y donde somos conscientes de que estamos asistiendo a profundas transformaciones, sin un Rey como D. Felipe, Espa\u00f1a no ser\u00eda la que ha progresado de forma constante, tanto ante Europa como ante el resto del mundo. Han sido desde 1978 a\u00f1os de progreso,  de cambios y donde nuestra Espa\u00f1a tambi\u00e9n mir\u00f3 a nuestros hermanos iberoamericanos porque son parte de nosotros. Por tanto, si analizamos la monarqu\u00eda de estos a\u00f1os  con el progreso y la democracia, as\u00ed como con el esfuerzo diario, los espa\u00f1oles tenemos que sentirnos orgullosos de tener a un Rey y a una Constituci\u00f3n que lo protege, lo contrario es no ser agradecido y mirar solo los defectos habidos, pero en los poquitos a\u00f1os de aquella Rep\u00fablica no podemos m\u00e1s que  tener malos recuerdos, mala gesti\u00f3n y miles de calamidades. Le guste o no le guste a quienes en estos d\u00edas han querido celebrar,  sin eco,  algo que la mayor\u00eda no quiere. <\/p>\n","protected":false},"excerpt":{"rendered":"<p>El pasado d\u00eda 14 del cte. mes hubo un t\u00edmido recuerdo para la Segunda Rep\u00fablica Espa\u00f1ola, donde el Gobierno de la misma termin\u00f3 en el exilio y donde once de sus trece miembros no volvieron nunca m\u00e1s a Espa\u00f1a. La Rep\u00fablica fue para el recuerdo y a mi entender nefasta y propiciadora de una convulsi\u00f3n [&hellip;]<\/p>\n","protected":false},"author":1,"featured_media":0,"comment_status":"open","ping_status":"open","sticky":false,"template":"","format":"standard","meta":{"footnotes":""},"categories":[1],"tags":[],"class_list":["post-3534","post","type-post","status-publish","format-standard","hentry","category-sin-categoria"],"_links":{"self":[{"href":"https:\/\/elblogdejoseblasfernandez.com\/index.php?rest_route=\/wp\/v2\/posts\/3534","targetHints":{"allow":["GET"]}}],"collection":[{"href":"https:\/\/elblogdejoseblasfernandez.com\/index.php?rest_route=\/wp\/v2\/posts"}],"about":[{"href":"https:\/\/elblogdejoseblasfernandez.com\/index.php?rest_route=\/wp\/v2\/types\/post"}],"author":[{"embeddable":true,"href":"https:\/\/elblogdejoseblasfernandez.com\/index.php?rest_route=\/wp\/v2\/users\/1"}],"replies":[{"embeddable":true,"href":"https:\/\/elblogdejoseblasfernandez.com\/index.php?rest_route=%2Fwp%2Fv2%2Fcomments&post=3534"}],"version-history":[{"count":2,"href":"https:\/\/elblogdejoseblasfernandez.com\/index.php?rest_route=\/wp\/v2\/posts\/3534\/revisions"}],"predecessor-version":[{"id":3539,"href":"https:\/\/elblogdejoseblasfernandez.com\/index.php?rest_route=\/wp\/v2\/posts\/3534\/revisions\/3539"}],"wp:attachment":[{"href":"https:\/\/elblogdejoseblasfernandez.com\/index.php?rest_route=%2Fwp%2Fv2%2Fmedia&parent=3534"}],"wp:term":[{"taxonomy":"category","embeddable":true,"href":"https:\/\/elblogdejoseblasfernandez.com\/index.php?rest_route=%2Fwp%2Fv2%2Fcategories&post=3534"},{"taxonomy":"post_tag","embeddable":true,"href":"https:\/\/elblogdejoseblasfernandez.com\/index.php?rest_route=%2Fwp%2Fv2%2Ftags&post=3534"}],"curies":[{"name":"wp","href":"https:\/\/api.w.org\/{rel}","templated":true}]}}