{"id":3562,"date":"2021-05-15T20:16:16","date_gmt":"2021-05-15T18:16:16","guid":{"rendered":"http:\/\/elblogdejoseblasfernandez.com\/?p=3562"},"modified":"2021-05-15T20:16:18","modified_gmt":"2021-05-15T18:16:18","slug":"la-reforma-laboral-enmudece","status":"publish","type":"post","link":"https:\/\/elblogdejoseblasfernandez.com\/?p=3562","title":{"rendered":"LA REFORMA LABORAL ENMUDECE"},"content":{"rendered":"\n<p>         En estos momentos,  Bruselas est\u00e1 esperando  que el Gobierno espa\u00f1ol le aporte entre otros muchos compromisos la reforma laboral que el Gobierno de coalici\u00f3n PSOE-UNIDAS PODEMOS tiene que elevar para justificar de alguna forma, c\u00f3mo tras la pandemia Espa\u00f1a va a resurgir de su hundida econom\u00eda. En esta reforma y al d\u00eda de hoy, solamente sabemos que, al parecer, se reducen los contratos de trabajo a tres tipos, la regulaci\u00f3n de los ERTES estructurales, la negociaci\u00f3n colectiva y para de contar,  porque ni sabemos c\u00f3mo ni cu\u00e1ndo esto se va a llevar a cabo, pues la situaci\u00f3n actual no da para m\u00e1s y menos con las reformas que se avecinan  que, en definitiva, todas consistir\u00e1n en meternos las manos en los bolsillos para pagar impuestos e implantar hasta peajes en las autopistas y autov\u00edas, algo ins\u00f3lito, pero  esto es m\u00e1s de lo mismo de lo que en su d\u00eda llev\u00f3 a cabo el Gobierno de Zapatero.<\/p>\n\n\n\n\n\n<p>          De estos mecanismos que se hablan como la reducci\u00f3n de la temporalidad y con esos contratos a tres bandas, cuales son, los indefinidos, temporales y de formaci\u00f3n, donde su \u00fanico  objetivo es evitar el abuso de la temporalidad y lanzar a la calle a la Inspecci\u00f3n de Trabajo para  llevar a cabo visitas que con el achaque de estos excesos en la contrataci\u00f3n,  ya sea aislada o concatenada, las actas de liquidaci\u00f3n caer\u00e1n con un efecto de millones de euros. Es decir, una reforma que de llevarse a cabo, conlleva sacarle  dinero a las empresas a trav\u00e9s de las actas de infracci\u00f3n  y liquidaci\u00f3n de cuotas  para recuperar en parte todo lo gastado e improvisado durante este a\u00f1o pasado en los ERTEs, pero nunca para resolver los verdaderos problemas del mercado laboral,  que es  donde debemos centrarnos, pues si no existen inversiones y no hay una apertura de contrataci\u00f3n con bonificaciones nada de esto valdr\u00e1, porque seguir\u00e1n sin llevarse a cabo contratos de formaci\u00f3n y se estancar\u00e1n sin empleo,  tanto los j\u00f3venes como las mujeres.<\/p>\n\n\n\n<p>          Otra t\u00edmida pero ya anunciada reforma por imperativo de ley,  ser\u00e1 la igualdad de salarios como el caso de las subcontratas y la empresa principal,  al igual que las ETT, lo que dar\u00e1 una mayor recaudaci\u00f3n de IRPF y una mayor cuant\u00eda de cotizaciones, pero sin embargo la otra reforma que hay que llevar a cabo sobre la Seguridad Social en cuanto a las pensiones ni se sabe ni se le espera, pues cada vez que el Ministro habla sobre ello son como globos sondas que quedan en el aire y se pierden entre las nubes, porque si queremos tener j\u00f3venes para cotizaciones futuras, a estos no se les puede aplicar un sistema que les sobrecargue y a los aut\u00f3nomos,  si se les quiere para cotizar por lo que realmente facturen el coste de esas prestaciones se disparar\u00e1n y es desnudar a un santo para vestir a otro y con un efecto multiplicador de alt\u00edsimo coste.<\/p>\n\n\n\n\n\n<p>          La situaci\u00f3n  fiscal no puede estar a impulsos como por ejemplo la desaparici\u00f3n de la tributaci\u00f3n conjunta, revisi\u00f3n del IVA, subida del impuesto del di\u00e9sel, subida del impuesto de matriculaci\u00f3n, impuesto de envases de pl\u00e1sticos, etc., porque eso hace  de  los consumidores e inversores  una huida hacia adelante que paraliza las inversiones y el consumo, por lo que estamos ante una ola de inseguridades que ni sabemos a d\u00f3nde vamos ni de d\u00f3nde venimos. Y si a esto le sumamos que al d\u00eda de hoy los ERTEs solamente se podr\u00e1n prorrogar hasta septiembre,  cuando los Agentes Sociales est\u00e1n pidiendo hasta el 31 de diciembre, ya me dir\u00e1n qu\u00e9 perspectivas tenemos y c\u00f3mo este pa\u00eds puede salir de este atolladero donde como los barcos a la deriva, Europa no consentir\u00e1  m\u00e1s que claridad y decisiones s\u00f3lidas para poder transferirnos  esos 27.000  millones de la UE en este a\u00f1o y donde se dise\u00f1e claramente reformas  concretas, una modernizaci\u00f3n de la econom\u00eda,  para que con su impulso salgamos de la crisis y as\u00ed canalizar los 140.000 millones de fondos europeos para reconstruir los efectos del coronavirus. Todo lo que no sea eso, nos har\u00e1 ser el farolillo  rojo de los pa\u00edses europeos y, m\u00e1s a\u00fan, cuando  existen millones de prestaciones sociales que hay que afrontar, pues tras el covid, la desaceleraci\u00f3n de la econom\u00eda, como no est\u00e9 con perspectivas de futuro a medio plazo, no podremos pagar  los fondos europeos (porque \u00e9stos son prestados) y encima los dejaremos para varias generaciones como deuda, lo que pone de manifiesto  que ni existen reformas, ni existen proyectos y s\u00f3lo nos metemos de lleno  en una econom\u00eda depauperada  y al estilo de pa\u00edses pobres con una capa de barniz.  <\/p>\n","protected":false},"excerpt":{"rendered":"<p>En estos momentos, Bruselas est\u00e1 esperando que el Gobierno espa\u00f1ol le aporte entre otros muchos compromisos la reforma laboral que el Gobierno de coalici\u00f3n PSOE-UNIDAS PODEMOS tiene que elevar para justificar de alguna forma, c\u00f3mo tras la pandemia Espa\u00f1a va a resurgir de su hundida econom\u00eda. En esta reforma y al d\u00eda de hoy, solamente [&hellip;]<\/p>\n","protected":false},"author":1,"featured_media":0,"comment_status":"open","ping_status":"open","sticky":false,"template":"","format":"standard","meta":{"footnotes":""},"categories":[1],"tags":[],"class_list":["post-3562","post","type-post","status-publish","format-standard","hentry","category-sin-categoria"],"_links":{"self":[{"href":"https:\/\/elblogdejoseblasfernandez.com\/index.php?rest_route=\/wp\/v2\/posts\/3562","targetHints":{"allow":["GET"]}}],"collection":[{"href":"https:\/\/elblogdejoseblasfernandez.com\/index.php?rest_route=\/wp\/v2\/posts"}],"about":[{"href":"https:\/\/elblogdejoseblasfernandez.com\/index.php?rest_route=\/wp\/v2\/types\/post"}],"author":[{"embeddable":true,"href":"https:\/\/elblogdejoseblasfernandez.com\/index.php?rest_route=\/wp\/v2\/users\/1"}],"replies":[{"embeddable":true,"href":"https:\/\/elblogdejoseblasfernandez.com\/index.php?rest_route=%2Fwp%2Fv2%2Fcomments&post=3562"}],"version-history":[{"count":2,"href":"https:\/\/elblogdejoseblasfernandez.com\/index.php?rest_route=\/wp\/v2\/posts\/3562\/revisions"}],"predecessor-version":[{"id":3566,"href":"https:\/\/elblogdejoseblasfernandez.com\/index.php?rest_route=\/wp\/v2\/posts\/3562\/revisions\/3566"}],"wp:attachment":[{"href":"https:\/\/elblogdejoseblasfernandez.com\/index.php?rest_route=%2Fwp%2Fv2%2Fmedia&parent=3562"}],"wp:term":[{"taxonomy":"category","embeddable":true,"href":"https:\/\/elblogdejoseblasfernandez.com\/index.php?rest_route=%2Fwp%2Fv2%2Fcategories&post=3562"},{"taxonomy":"post_tag","embeddable":true,"href":"https:\/\/elblogdejoseblasfernandez.com\/index.php?rest_route=%2Fwp%2Fv2%2Ftags&post=3562"}],"curies":[{"name":"wp","href":"https:\/\/api.w.org\/{rel}","templated":true}]}}