{"id":3626,"date":"2021-08-05T20:39:47","date_gmt":"2021-08-05T18:39:47","guid":{"rendered":"http:\/\/elblogdejoseblasfernandez.com\/?p=3626"},"modified":"2021-08-05T20:39:49","modified_gmt":"2021-08-05T18:39:49","slug":"la-inconstitucionalidad-del-confinamiento","status":"publish","type":"post","link":"https:\/\/elblogdejoseblasfernandez.com\/?p=3626","title":{"rendered":"LA INCONSTITUCIONALIDAD DEL CONFINAMIENTO."},"content":{"rendered":"\n\n\n<p>         Cuando en marzo del pasado a\u00f1o 2020, el Gobierno cre\u00f3 el estado de alarma y no el de excepci\u00f3n,  los espa\u00f1oles, en esa vertiginosa ca\u00edda de muertos diarios, casi no nos d\u00e1bamos cuenta o nos daba igual el estado del pa\u00eds. El  \u00fanico estado que nos preocupaba era el de   los masivos contagios del covid-19  y c\u00f3mo  d\u00eda a d\u00eda se disparaban las intervenciones de las Comunidades para poder abortar tant\u00edsimos enfermos que ni los propios hospitales de uso diario pod\u00eda atender, as\u00ed como las  UCI, ni los fallecimientos que a diario se produc\u00edan. En aquellos meses el miedo y el p\u00e1nico aterriz\u00f3 de manera fulminante en las residencias de mayores y en especial atac\u00f3 duramente a  octogenarios y similares que no supo  respetar ni fronteras,  ni ciudades,  ni lugares de trabajo.<\/p>\n\n\n\n<p>          La realidad es que  la pandemia sin darse cuenta de c\u00f3mo invad\u00eda el Estado de Derecho, ha producido tal desgaste en la sociedad civil que a\u00fan lo estamos padeciendo y ahora cada uno va por un sitio distinto y los Tribunales Superiores de  Justicia, tambi\u00e9n con sentencias dispares,  est\u00e1n creando una inseguridad en las medidas a tomar que d\u00eda a d\u00eda los telediarios nos emborrachan de contagios y nos sit\u00faan en el limbo de esta triste situaci\u00f3n donde no sabemos  cu\u00e1ndo y c\u00f3mo terminar\u00e1 esta pesadilla, pues cada d\u00eda que leemos las estad\u00edsticas desconocemos si nuestra ciudad o pueblo estar\u00e1 cerradas o limitada.<\/p>\n\n\n\n\n\n<p>          El estado de alarma hoy y seg\u00fan el Tribunal Constitucional no proced\u00eda. Es decir, lo ha anulado  y ha dicho que aquella decisi\u00f3n del Gobierno ha sido nula de pleno derecho, pues lo suyo era el estado de excepci\u00f3n que es donde se sustenta el art\u00edculo 116 de nuestra Constituci\u00f3n, lo que ha dado un vuelco de tal calibre en todo lo acontecido que en estos momentos  la responsabilidad patrimonial a la que se puede enfrentar el Gobierno  se desconocen sus l\u00edmites y seguro que no va a quedar solo en la anulaci\u00f3n de las multas, es m\u00e1s,  como en Derecho dos m\u00e1s dos no son cuatro, se buscar\u00e1n medidas legales y basadas en  esta Sentencia  para acometer y reclamar millones de euros  por indemnizaciones, que seguro que el propio Tribunal Constitucional tendr\u00e1 posteriormente  que decir d\u00f3nde est\u00e1 el l\u00edmite de estas reclamaciones.<\/p>\n\n\n\n<p>          Es cierto que el art. 116.3 de la Constituci\u00f3n establece que la proclamaci\u00f3n del estado de excepci\u00f3n deber\u00e1 determinar expresamente  los efectos del mismo, el \u00e1mbito territorial a que se extiende  y su duraci\u00f3n que no podr\u00e1, por cierto, exceder de 30 d\u00edas, prorrogables por otro plazo igual y con los mismos requisitos. Esto nos lleva a pensar que a lo largo de todo lo desarrollado durante el estado de alarma se ha hecho con una falta de  rigor jur\u00eddico importante, porque ha ido m\u00e1s all\u00e1 de lo que establece la propia Constituci\u00f3n. Por lo tanto, ahora habr\u00e1 que comprobar si se han vulnerado derechos fundamentales  con esta Sentencia complicada del Tribunal Constitucional, pues el estado de alarma que ha sido anulado ha dejado al Gobierno  con los calzones ca\u00eddos  y con  una herramienta jur\u00eddica que  le ha devenido nula, ya que cuanto acontecer\u00e1 a partir de esta resoluci\u00f3n tiene connotaciones ilimitadas y lo que es peor, consecuencias  que se atisban dolorosas para la econom\u00eda,  pues todo aquel que vio limitados sus derechos de movimientos, empresas que entraron en ERTES, trabajadores despedidos, profesionales esenciales y no esenciales y un largo caminar hasta el d\u00eda de hoy donde el efecto multiplicador de esta Sentencia del Constitucional ni siquiera se conoce.<\/p>\n\n\n\n<p>          Al Gobierno que le ha supuesto un duro varapalo esta Sentencia y que no es la primera en este orden de la pandemia,  se ha indignado notablemente con el fallo y es l\u00f3gico porque el Tribunal Constitucional con su ajustada mayor\u00eda de 6 Magistrados a favor y 5 en contra ha desmontado  al Gobierno de la Naci\u00f3n, lo que tambi\u00e9n demuestra que el propio Tribunal est\u00e1 fracturado, pero en peores casos nos hemos encontrado cuando el voto de calidad del Presidente ha determinado situaciones  dolorosas, pero no es la primera vez que este tipo de resoluciones van a traer consecuencias en el orden penal, pues recuerdo  que tantas sanciones como se pusieron  por burlar o alterar el confinamiento  dieron condenas  importantes que ahora, con el recurso presentado  por VOX y estimado en parte, seguro que veremos y acudiremos a momentos donde los Juzgados van a aumentar notablemente los litigios y reclamaciones. Es m\u00e1s, el propio Tribunal estableci\u00f3 que entre el 14 de marzo y el 4 de mayo no hubo una mera limitaci\u00f3n de libertades, sino una aut\u00e9ntica suspensi\u00f3n del derecho de circulaci\u00f3n, por lo que debi\u00f3  haberse acordado un estado de excepci\u00f3n y no de alarma, es decir, que entre los votos particulares y la sentencia vamos a tener ponencias de juristas para parar trenes, pero en resumen, lo que s\u00ed es cierto es que el Gobierno de la pandemia se ha descolgado indebidamente  y puede producirle una crisis importante lo acontecido en estos d\u00edas con motivo del pronunciamiento del Tribunal Constitucional. Estemos a la espera porque la tinta ya ha empezado a correr  y gastaremos muchos tinteros. <\/p>\n","protected":false},"excerpt":{"rendered":"<p>Cuando en marzo del pasado a\u00f1o 2020, el Gobierno cre\u00f3 el estado de alarma y no el de excepci\u00f3n, los espa\u00f1oles, en esa vertiginosa ca\u00edda de muertos diarios, casi no nos d\u00e1bamos cuenta o nos daba igual el estado del pa\u00eds. El \u00fanico estado que nos preocupaba era el de los masivos contagios del covid-19 [&hellip;]<\/p>\n","protected":false},"author":1,"featured_media":0,"comment_status":"open","ping_status":"open","sticky":false,"template":"","format":"standard","meta":{"footnotes":""},"categories":[1],"tags":[],"class_list":["post-3626","post","type-post","status-publish","format-standard","hentry","category-sin-categoria"],"_links":{"self":[{"href":"https:\/\/elblogdejoseblasfernandez.com\/index.php?rest_route=\/wp\/v2\/posts\/3626","targetHints":{"allow":["GET"]}}],"collection":[{"href":"https:\/\/elblogdejoseblasfernandez.com\/index.php?rest_route=\/wp\/v2\/posts"}],"about":[{"href":"https:\/\/elblogdejoseblasfernandez.com\/index.php?rest_route=\/wp\/v2\/types\/post"}],"author":[{"embeddable":true,"href":"https:\/\/elblogdejoseblasfernandez.com\/index.php?rest_route=\/wp\/v2\/users\/1"}],"replies":[{"embeddable":true,"href":"https:\/\/elblogdejoseblasfernandez.com\/index.php?rest_route=%2Fwp%2Fv2%2Fcomments&post=3626"}],"version-history":[{"count":2,"href":"https:\/\/elblogdejoseblasfernandez.com\/index.php?rest_route=\/wp\/v2\/posts\/3626\/revisions"}],"predecessor-version":[{"id":3629,"href":"https:\/\/elblogdejoseblasfernandez.com\/index.php?rest_route=\/wp\/v2\/posts\/3626\/revisions\/3629"}],"wp:attachment":[{"href":"https:\/\/elblogdejoseblasfernandez.com\/index.php?rest_route=%2Fwp%2Fv2%2Fmedia&parent=3626"}],"wp:term":[{"taxonomy":"category","embeddable":true,"href":"https:\/\/elblogdejoseblasfernandez.com\/index.php?rest_route=%2Fwp%2Fv2%2Fcategories&post=3626"},{"taxonomy":"post_tag","embeddable":true,"href":"https:\/\/elblogdejoseblasfernandez.com\/index.php?rest_route=%2Fwp%2Fv2%2Ftags&post=3626"}],"curies":[{"name":"wp","href":"https:\/\/api.w.org\/{rel}","templated":true}]}}