{"id":3635,"date":"2021-08-05T20:50:58","date_gmt":"2021-08-05T18:50:58","guid":{"rendered":"http:\/\/elblogdejoseblasfernandez.com\/?p=3635"},"modified":"2021-08-05T20:51:00","modified_gmt":"2021-08-05T18:51:00","slug":"la-longevidad-ya-es-un-obstaculo-para-jubilarse","status":"publish","type":"post","link":"https:\/\/elblogdejoseblasfernandez.com\/?p=3635","title":{"rendered":"LA LONGEVIDAD YA ES UN OBST\u00c1CULO PARA JUBILARSE"},"content":{"rendered":"\n\n\n<p>         A principios del siglo XX se estableci\u00f3 que la edad para jubilarse y as\u00ed marcar unos par\u00e1metros de jubilaci\u00f3n fuesen a los 65 a\u00f1os, es decir, llegar a esa edad supon\u00eda no solamente el haber acabado una vida laboral, sino que tras la misma la esperanza de vida era tan corta que  el sistema de pensiones era duradero en su pago con un m\u00e1ximo de aproximadamente 4 \u00f3 5 a\u00f1os. En estos momentos, donde las pensiones est\u00e1 atravesando una dif\u00edcil situaci\u00f3n y donde no sabemos c\u00f3mo ser\u00e1 el fututo de las mismas, los distintos gobiernos,  tanto de la Uni\u00f3n Europea como especialmente el nuestro, han variado t\u00edmidamente los 65 a\u00f1os que se estableci\u00f3 hace m\u00e1s de un siglo, en un par de a\u00f1os m\u00e1s, pero donde las jubilaciones anticipadas y los derechos  para adquirir una prestaci\u00f3n no son nada dif\u00edciles y  hacen que tengamos que pensar que el verdadero problema de una jubilaci\u00f3n ya no es  el que no existan cotizantes para afrontar a los pensionistas, pues  para no molestar al electorado todo el mundo quiere jubilarse lo m\u00e1s pronto posible y tener una prestaci\u00f3n suficiente para no dar un golpe al agua. Entiendo que tenemos que afrontar con seriedad que la edad de jubilaci\u00f3n no puede ser entre 65 o 67 a\u00f1os.  La longevidad ha subido y en estos momentos la expectativa  de vida ya est\u00e1 establecida como m\u00ednimo en 83 a\u00f1os, es decir, casi 20 a\u00f1os m\u00e1s de los que al comienzo de 1900 se se\u00f1al\u00f3 como edad de jubilaci\u00f3n, por lo tanto, lo que realmente hay que afrontar es una jubilaci\u00f3n de al menos los 75 a\u00f1os, pues estamos comprobando c\u00f3mo quienes se jubilan est\u00e1n  m\u00e1s tiempo percibiendo la prestaci\u00f3n econ\u00f3mica que las propias cotizaciones y eso  es patente en todas las pensiones del sistema p\u00fablico, pues si una persona  tras jubilarse se dedica a los mismos menesteres que tuvo en su vida activa, es que  la edad de jubilaci\u00f3n que tuvo no fue la correcta y no digo correcta en la cuant\u00eda, digo en la edad.          En Alemania y as\u00ed se ha hecho en Espa\u00f1a en tiempos del Gobierno de Rajoy,  se ha implantado la jubilaci\u00f3n activa. Es decir, que el ciudadano puede jubilarse dentro de los requisitos que  marca la norma  con la edad de 65 a\u00f1os y percibir una prestaci\u00f3n del 100% por jubilaci\u00f3n y encima seguir trabajando. L\u00f3gicamente un aliciente para tener en cuenta,  pues antes muchos no  se jubilaban porque esa norma no exist\u00eda,  pero hoy un porcentaje que por cierto no es muy algo, lo est\u00e1 llevando a cabo y compatibiliza su trabajo con la prestaci\u00f3n p\u00fablica. Es m\u00e1s, en estos d\u00edas y por imperativo de los Presupuestos Generales  el que est\u00e9 jubilado y tenga una mutualidad privada y siga trabajando le descuentan un 9% de \u201csolidaridad\u201d, lo que conlleva que se est\u00e1 encubriendo una jubilaci\u00f3n y no existe el valor suficiente para decir cu\u00e1l es el par\u00e1metro o edad adecuada para jubilarse, ya que en algunos casos, como puede ocurrir en algunos funcionarios, pueden alargarla hasta los 72 a\u00f1os de edad, lo que supone un galimat\u00edas de n\u00fameros y de desprop\u00f3sitos por agravios comparativos que nadie sabe cu\u00e1l es la verdadera edad de jubilaci\u00f3n.<\/p>\n\n\n\n<p>           En definitiva, los estudios sociol\u00f3gicos nos est\u00e1n marcando que hay que tener m\u00e1s a\u00f1os de cotizaci\u00f3n o bien de trabajo, porque de seguir as\u00ed ni mochila austriaca ni nada parecido nos va a sacar del boquete en el que nos encontramos y eso puede dar lugar a que la jubilaci\u00f3n sea  morir con las botas puestas, ya que si no hay medios econ\u00f3micos para afrontar un panorama tan deficiente, el futuro no es nada esperanzador.<\/p>\n\n\n\n<p>           S\u00e9 que existen actividades que l\u00f3gicamente con 75 a\u00f1os  supondr\u00eda llegar  con una marca de desgaste imprevisible, pero para ello se deben sentar en una mesa y sin partidismos personas  conocedoras del mundo laboral para ir haciendo par\u00e1metros de edades, como ya ocurre en la Marina Mercante o en la pesca, pero caf\u00e9 para todos con una edad donde el n\u00famero de 65-67 sea el marcador de tu jubilaci\u00f3n no tiene ni orden ni concierto, por lo que afrontemos con sentido de la responsabilidad el futuro de la jubilaci\u00f3n, ya que de lo contrario de aqu\u00ed a 15 a\u00f1os el jubilarse  existir\u00e1 para aqu\u00e9l que no lo necesite y teniendo en cuenta que si no hay un baremo orientador bien trabajado y no a ojo de buen cubero como se hizo en 1920, el fracaso est\u00e1 totalmente asegurado. L\u00e1stima es contarlo, pero m\u00e1s l\u00e1stima va a ser el padecerlo. Atentos que esto tiene un recorrido muy corto,  si no existe la alternativa de la edad. Y, por \u00faltimo, tambi\u00e9n habr\u00e1 que retocar los descuentos de IRPF a los jubilados,  como est\u00e1 ocurriendo con los que padecen una prestaci\u00f3n de incapacidad absoluta, que ni declaran la prestaci\u00f3n ni tributan a Hacienda; otra injusticia que con 65 a\u00f1os de los de hoy, el ser invalido o ser jubilado no puede tener esa discriminaci\u00f3n. <\/p>\n","protected":false},"excerpt":{"rendered":"<p>A principios del siglo XX se estableci\u00f3 que la edad para jubilarse y as\u00ed marcar unos par\u00e1metros de jubilaci\u00f3n fuesen a los 65 a\u00f1os, es decir, llegar a esa edad supon\u00eda no solamente el haber acabado una vida laboral, sino que tras la misma la esperanza de vida era tan corta que el sistema de [&hellip;]<\/p>\n","protected":false},"author":1,"featured_media":0,"comment_status":"open","ping_status":"open","sticky":false,"template":"","format":"standard","meta":{"footnotes":""},"categories":[1],"tags":[],"class_list":["post-3635","post","type-post","status-publish","format-standard","hentry","category-sin-categoria"],"_links":{"self":[{"href":"https:\/\/elblogdejoseblasfernandez.com\/index.php?rest_route=\/wp\/v2\/posts\/3635","targetHints":{"allow":["GET"]}}],"collection":[{"href":"https:\/\/elblogdejoseblasfernandez.com\/index.php?rest_route=\/wp\/v2\/posts"}],"about":[{"href":"https:\/\/elblogdejoseblasfernandez.com\/index.php?rest_route=\/wp\/v2\/types\/post"}],"author":[{"embeddable":true,"href":"https:\/\/elblogdejoseblasfernandez.com\/index.php?rest_route=\/wp\/v2\/users\/1"}],"replies":[{"embeddable":true,"href":"https:\/\/elblogdejoseblasfernandez.com\/index.php?rest_route=%2Fwp%2Fv2%2Fcomments&post=3635"}],"version-history":[{"count":1,"href":"https:\/\/elblogdejoseblasfernandez.com\/index.php?rest_route=\/wp\/v2\/posts\/3635\/revisions"}],"predecessor-version":[{"id":3637,"href":"https:\/\/elblogdejoseblasfernandez.com\/index.php?rest_route=\/wp\/v2\/posts\/3635\/revisions\/3637"}],"wp:attachment":[{"href":"https:\/\/elblogdejoseblasfernandez.com\/index.php?rest_route=%2Fwp%2Fv2%2Fmedia&parent=3635"}],"wp:term":[{"taxonomy":"category","embeddable":true,"href":"https:\/\/elblogdejoseblasfernandez.com\/index.php?rest_route=%2Fwp%2Fv2%2Fcategories&post=3635"},{"taxonomy":"post_tag","embeddable":true,"href":"https:\/\/elblogdejoseblasfernandez.com\/index.php?rest_route=%2Fwp%2Fv2%2Ftags&post=3635"}],"curies":[{"name":"wp","href":"https:\/\/api.w.org\/{rel}","templated":true}]}}