{"id":3638,"date":"2021-08-13T13:34:21","date_gmt":"2021-08-13T11:34:21","guid":{"rendered":"http:\/\/elblogdejoseblasfernandez.com\/?p=3638"},"modified":"2021-08-13T13:34:23","modified_gmt":"2021-08-13T11:34:23","slug":"nos-espera-un-otono-caliente","status":"publish","type":"post","link":"https:\/\/elblogdejoseblasfernandez.com\/?p=3638","title":{"rendered":"NOS ESPERA UN OTO\u00d1O CALIENTE"},"content":{"rendered":"\n\n\n<p>         La sociedad civil espa\u00f1ola est\u00e1 transcurriendo en estos momentos en unos par\u00e1metros econ\u00f3micos y sociales que eran de esperar. No olvidemos que el pasado, a\u00f1o reci\u00e9n salidos del confinamiento,  las expectativas de las vacunas a\u00fan estaban lejanas y la angustia de salir como fuese de este covid-19 nos planch\u00f3 todas las expectativas de empleo y aspiraciones econ\u00f3micas y m\u00e1s a\u00fan cuando Europa no nos hab\u00eda facilitado el estudio de subvenciones que nos iba a destinar, pero el d\u00e9ficit de Espa\u00f1a estaba totalmente descompensado en negativo y el empleo se manten\u00eda dentro de los cauces negativos que la pandemia nos estaba dejando y la mala gesti\u00f3n del Gobierno nos endeudaba por minutos que pasaba. Tras el mes de Agosto y Septiembre de este a\u00f1o parec\u00eda que el turismo nos iba a sacar del boquete, pero hemos visto que la pandemia  cruza su quinta ola y  la aparente subida del empleo no es ni m\u00e1s ni menos que la salida de trabajadores  de tant\u00edsimos ERTES como exist\u00edan y que  como vulgarmente se dice,  \u201ces pan para hoy y hambre para ma\u00f1ana\u201d, porque tras este verano con un turismo interno y de coste bajo, la hosteler\u00eda saldr\u00e1 algo del paso negativo, pero ni qu\u00e9 decir tiene que las cumbres borrascosas las tenemos encima, ya que el turismo exterior est\u00e1 congelado y se asoma un 20% aproximadamente a lo que deber\u00edamos tener.<\/p>\n\n\n\n\n\n<p>          Este Gobierno que es como pinocho,  que no miente m\u00e1s porque no ensaya, nos da una larga cambiada y aparente perspectiva de bonanza que no es cierta. Los ERTES volver\u00e1n a su sitio cuando acabe Septiembre, es decir, que seguro estamos que ser\u00e1n prorrogados o buscar\u00e1n medidas similares para tapar el alto desempleo. Los contratos temporales que ahora se han ido haciendo finiquitar\u00e1n  para el \u00faltimo trimestre, por lo que la recuperaci\u00f3n del mercado laboral iniciada no ser\u00e1 real pese a que tambi\u00e9n nos indiquen que  habr\u00e1 un repunte de las cotizaciones, pues si la Ministra de Trabajo quiere poner en pr\u00e1ctica todo lo que se le ocurre, socialmente tendremos un \u201cchoque de trenes\u201d.<\/p>\n\n\n\n<p>           Lo que s\u00ed es cierto es que la afiliaci\u00f3n al RETA ha subido en registros que nunca se vieron y en especial, de los \u00faltimos trece a\u00f1os, pues se contabilizaban 3.323.000 trabajadores por cuenta propia, lo que es una subida similar a la que existi\u00f3 en el 2008 y todo porque el aut\u00f3nomo ha ido buscando su espacio y como es l\u00f3gico y natural, se ha puesto a trabajar incansablemente  sin horario y sin fecha en el calendario, por lo que es al fin y al cabo quienes est\u00e1n levantando, con su sudor y l\u00e1grimas, el trabajo pero por cuenta propia.  Es m\u00e1s,   ya tenemos una cierta desaceleraci\u00f3n como consecuencia de la quinta ola y eso nos va a pasar factura  m\u00e1s  pronto que tarde y l\u00f3gicamente, entre el paro y los ERTES, suman  un mill\u00f3n de empleados inactivos m\u00e1s, en dos a\u00f1os, por lo que el tejido empresarial pasa por una gran incertidumbre.<\/p>\n\n\n\n<p>          Ahora, cuando acabe Septiembre, vendr\u00e1n negociaciones colectivas, algunas complejas y cierres patronales como consecuencia de la subida de impuestos, pues el Gobierno que va cada Ministro por un sitio distinto,  habla de subida del SMI, de reforma laboral, de impuesto de sucesiones y un sinf\u00edn de normativas para la presi\u00f3n fiscal. Es decir, todo ello,  porque atisba el Gobierno que los ingresos no cubren los gastos y l\u00f3gicamente el empleador que es el que crea trabajo, si se le presiona como as\u00ed ya estamos viendo y se le quiere poner inspectores de todo tipo (hasta en el cielo de la boca), las pymes y micropymes ser\u00e1n no s\u00f3lo las que destruyan mayor empleo, sino las que se vean abocadas a una incertidumbre tal que las reivindicaciones de los trabajadores  har\u00e1n ese oto\u00f1o caliente que  terminar\u00e1 con un tejido empresarial mediano y peque\u00f1o donde nos iremos al 2008 sin darnos cuenta. Es m\u00e1s, hoy las pymes  no saben en el reparto econ\u00f3mico de Europa cu\u00e1nto se les destina a \u00e9stas, lo que har\u00e1 que esa incertidumbre se cierne sobre nuestra econom\u00eda tras este par\u00e9ntesis estival.<\/p>\n\n\n\n\n\n<p>          Los profesionales del Derecho Laboral somos  los aut\u00e9nticos \u201cm\u00e9dicos de cabecera\u201d de las empresas y nos estamos dando cuenta  que los m\u00e1s vulnerables se encuentran a\u00fan en peor situaci\u00f3n que antes de la pandemia y, l\u00f3gicamente, con un Gobierno fracturado y sin sinton\u00eda para hacer frente a la ilusi\u00f3n, hace que vivamos  ficticiamente de esos fondos europeos, pero sin olvidar que el 50% tenemos que devolverlos, lo que conlleva que los niveles de consumo y de inversiones se har\u00e1n t\u00edmidamente y, por tanto, el mercado laboral no sube y, por supuesto, los j\u00f3venes y las mujeres seguir\u00e1n en el ostracismo laboral, salvo la econom\u00eda sumergida que es la que aumenta por d\u00eda, por muchos inspectores que nombren y por muchas limitaciones que nos pongan, pues con la creaci\u00f3n del empleo p\u00fablico aumentar\u00e1 el gasto y terminaremos  que para hablar con el Gobierno no habr\u00e1 m\u00e1s remedio que poner sobre la mesa, una verdadera uni\u00f3n de las CCAA para que cada una en su parcela, sepa distribuir cuanto le corresponda, pero  nos guste o  no, esto no va bien y de aqu\u00ed al \u00faltimo trimestre del a\u00f1o le veremos las orejas al lobo.      <\/p>\n","protected":false},"excerpt":{"rendered":"<p>La sociedad civil espa\u00f1ola est\u00e1 transcurriendo en estos momentos en unos par\u00e1metros econ\u00f3micos y sociales que eran de esperar. No olvidemos que el pasado, a\u00f1o reci\u00e9n salidos del confinamiento, las expectativas de las vacunas a\u00fan estaban lejanas y la angustia de salir como fuese de este covid-19 nos planch\u00f3 todas las expectativas de empleo y [&hellip;]<\/p>\n","protected":false},"author":1,"featured_media":0,"comment_status":"open","ping_status":"open","sticky":false,"template":"","format":"standard","meta":{"footnotes":""},"categories":[1],"tags":[],"class_list":["post-3638","post","type-post","status-publish","format-standard","hentry","category-sin-categoria"],"_links":{"self":[{"href":"https:\/\/elblogdejoseblasfernandez.com\/index.php?rest_route=\/wp\/v2\/posts\/3638","targetHints":{"allow":["GET"]}}],"collection":[{"href":"https:\/\/elblogdejoseblasfernandez.com\/index.php?rest_route=\/wp\/v2\/posts"}],"about":[{"href":"https:\/\/elblogdejoseblasfernandez.com\/index.php?rest_route=\/wp\/v2\/types\/post"}],"author":[{"embeddable":true,"href":"https:\/\/elblogdejoseblasfernandez.com\/index.php?rest_route=\/wp\/v2\/users\/1"}],"replies":[{"embeddable":true,"href":"https:\/\/elblogdejoseblasfernandez.com\/index.php?rest_route=%2Fwp%2Fv2%2Fcomments&post=3638"}],"version-history":[{"count":2,"href":"https:\/\/elblogdejoseblasfernandez.com\/index.php?rest_route=\/wp\/v2\/posts\/3638\/revisions"}],"predecessor-version":[{"id":3643,"href":"https:\/\/elblogdejoseblasfernandez.com\/index.php?rest_route=\/wp\/v2\/posts\/3638\/revisions\/3643"}],"wp:attachment":[{"href":"https:\/\/elblogdejoseblasfernandez.com\/index.php?rest_route=%2Fwp%2Fv2%2Fmedia&parent=3638"}],"wp:term":[{"taxonomy":"category","embeddable":true,"href":"https:\/\/elblogdejoseblasfernandez.com\/index.php?rest_route=%2Fwp%2Fv2%2Fcategories&post=3638"},{"taxonomy":"post_tag","embeddable":true,"href":"https:\/\/elblogdejoseblasfernandez.com\/index.php?rest_route=%2Fwp%2Fv2%2Ftags&post=3638"}],"curies":[{"name":"wp","href":"https:\/\/api.w.org\/{rel}","templated":true}]}}