{"id":3644,"date":"2021-08-20T11:45:07","date_gmt":"2021-08-20T09:45:07","guid":{"rendered":"http:\/\/elblogdejoseblasfernandez.com\/?p=3644"},"modified":"2021-08-20T11:45:09","modified_gmt":"2021-08-20T09:45:09","slug":"el-poder-judicial-no-puede-estar-por-mas-tiempo-dinamitado","status":"publish","type":"post","link":"https:\/\/elblogdejoseblasfernandez.com\/?p=3644","title":{"rendered":"EL PODER JUDICIAL NO PUEDE ESTAR POR M\u00c1S TIEMPO DINAMITADO."},"content":{"rendered":"\n\n\n<p>         Tras la \u00e9poca estival no queda m\u00e1s remedio que afrontar con seriedad y dureza la elecci\u00f3n de un Consejo General del Poder Judicial de acorde a la situaci\u00f3n en la que Espa\u00f1a est\u00e1 inmersa y llena de contradicciones, pues si queremos tener una independencia de los casi 5.600 jueces y magistrados que existen hoy, no cabe  m\u00e1s que  renovar ese \u00f3rgano de los jueces que no puede estar por m\u00e1s tiempo as\u00ed. Estamos asistiendo a una seria llamada que nos ha  hecho la Comisi\u00f3n Europea,  la cual le pide al Gobierno que evite la politizaci\u00f3n del CGPJ, lo que pone de manifiesto que los jueces deben ser elegidos entre ellos y de igual manera, incluir en ese \u00f3rgano superior a otros operadores jur\u00eddicos que viven a diario  el mundo  judicial, como as\u00ed lo establece la Constituci\u00f3n y no que muchos de los vocales sean afines a un partido pol\u00edtico que les haga suyos y que sus decisiones est\u00e9n impregnadas de determinado \u201ccolor\u201d y, por tanto, no vaya en armon\u00eda con esa independencia.<\/p>\n\n\n\n\n\n<p>          Ya es hora  que desde el nombramiento de los magistrados del Tribunal Supremo hasta el r\u00e9gimen disciplinario  de ellos no se encuentre amarrado a decisiones pol\u00edticas y partidistas. Por tanto, para no figurar Espa\u00f1a en los \u00faltimos puestos  en  percepci\u00f3n de la independencia, urge la renovaci\u00f3n como si se tratara de una vacuna que abortar\u00eda el contagio existente y el intentar desprestigiar continuamente a los jueces espa\u00f1oles por ser proclives a colores determinados. Esta renovaci\u00f3n urgente ser\u00eda soluci\u00f3n de muchos  de los grandes problemas que posee la justicia, pues luego  vendr\u00edan soluciones desde las CCAA para organizar tantos desmanes y defectos como existen, pues   desde  la  reforma de unas  sedes judiciales con dignidad, hasta  establecer una buena organizaci\u00f3n de los Juzgados y Tribunales junto a los funcionarios que estos poseen, seguro  que se establecer\u00eda la armon\u00eda y la buena ordenaci\u00f3n ser\u00eda lo m\u00e1s acertado y suficiente para que esos 5.600 jueces y magistrados funcionen mejor, con medios propios de su responsabilidad y con \u201cmandos\u201d \u00fanicos en los juzgados  que ayudados por esos Letrados de la Administraci\u00f3n de Justicia, los cuales tienen un papel esencial, hagan de los \u00f3rganos jurisdiccionales un modelo a seguir.<\/p>\n\n\n\n<p>          Para finalizar, creo que dentro de ese CGPJ hay que incluir la figura del Graduado Social, al igual que  est\u00e1n otros operadores jur\u00eddicos, pues sin ellos los conocimientos de la jurisdicci\u00f3n social no estar\u00edan completos. En definitiva, esperemos que tras el verano, salga un nuevo CGPJ con nuevos aires, el cual ponga en marcha toda una maquinar\u00eda  renovadora y deseada por todos, pues sin un estado garantista  del mundo de la Justicia, los espa\u00f1oles no estaremos tampoco satisfechos y los que vivimos y sufrimos a diario una justicia mal organizada, por el desempe\u00f1o de nuestra profesi\u00f3n jur\u00eddica, cada d\u00eda somos fedatarios p\u00fablicos de un  malestar en alza. <\/p>\n","protected":false},"excerpt":{"rendered":"<p>Tras la \u00e9poca estival no queda m\u00e1s remedio que afrontar con seriedad y dureza la elecci\u00f3n de un Consejo General del Poder Judicial de acorde a la situaci\u00f3n en la que Espa\u00f1a est\u00e1 inmersa y llena de contradicciones, pues si queremos tener una independencia de los casi 5.600 jueces y magistrados que existen hoy, no [&hellip;]<\/p>\n","protected":false},"author":1,"featured_media":0,"comment_status":"open","ping_status":"open","sticky":false,"template":"","format":"standard","meta":{"footnotes":""},"categories":[1],"tags":[],"class_list":["post-3644","post","type-post","status-publish","format-standard","hentry","category-sin-categoria"],"_links":{"self":[{"href":"https:\/\/elblogdejoseblasfernandez.com\/index.php?rest_route=\/wp\/v2\/posts\/3644","targetHints":{"allow":["GET"]}}],"collection":[{"href":"https:\/\/elblogdejoseblasfernandez.com\/index.php?rest_route=\/wp\/v2\/posts"}],"about":[{"href":"https:\/\/elblogdejoseblasfernandez.com\/index.php?rest_route=\/wp\/v2\/types\/post"}],"author":[{"embeddable":true,"href":"https:\/\/elblogdejoseblasfernandez.com\/index.php?rest_route=\/wp\/v2\/users\/1"}],"replies":[{"embeddable":true,"href":"https:\/\/elblogdejoseblasfernandez.com\/index.php?rest_route=%2Fwp%2Fv2%2Fcomments&post=3644"}],"version-history":[{"count":2,"href":"https:\/\/elblogdejoseblasfernandez.com\/index.php?rest_route=\/wp\/v2\/posts\/3644\/revisions"}],"predecessor-version":[{"id":3647,"href":"https:\/\/elblogdejoseblasfernandez.com\/index.php?rest_route=\/wp\/v2\/posts\/3644\/revisions\/3647"}],"wp:attachment":[{"href":"https:\/\/elblogdejoseblasfernandez.com\/index.php?rest_route=%2Fwp%2Fv2%2Fmedia&parent=3644"}],"wp:term":[{"taxonomy":"category","embeddable":true,"href":"https:\/\/elblogdejoseblasfernandez.com\/index.php?rest_route=%2Fwp%2Fv2%2Fcategories&post=3644"},{"taxonomy":"post_tag","embeddable":true,"href":"https:\/\/elblogdejoseblasfernandez.com\/index.php?rest_route=%2Fwp%2Fv2%2Ftags&post=3644"}],"curies":[{"name":"wp","href":"https:\/\/api.w.org\/{rel}","templated":true}]}}