{"id":3663,"date":"2021-09-12T19:10:47","date_gmt":"2021-09-12T17:10:47","guid":{"rendered":"http:\/\/elblogdejoseblasfernandez.com\/?p=3663"},"modified":"2021-09-12T19:10:49","modified_gmt":"2021-09-12T17:10:49","slug":"apaga-la-luz","status":"publish","type":"post","link":"https:\/\/elblogdejoseblasfernandez.com\/?p=3663","title":{"rendered":"\u00a1APAGA LA LUZ!"},"content":{"rendered":"\n\n\n<p>         Los que  ya tenemos cierta edad y hemos pasado de ser los beneficiarios de quienes nos pagan o nos pagaban la electricidad, recordamos c\u00f3mo de ni\u00f1os nuestros abuelos y padres ten\u00edan una permanente frase que nos dec\u00edan que cuando acab\u00e1semos lo que est\u00e1bamos haciendo apag\u00e1semos  la luz que costaba  mucho. Esa cantinela ha sobrevivido d\u00e9cadas en todos los hogares y establecimientos p\u00fablicos, pues el consumo de la electricidad siempre ha tenido un detonante econ\u00f3mico  que en algunos hogares ten\u00edan que recaudar o economizar una parte de los sueldos o pensiones para poder pagar un coste que siempre era desorbitado. Es m\u00e1s, sorte\u00e1bamos, en aquellas l\u00e1mparas de los dormitorios, el tener aflojadas el 50% de las bombillas para que el exceso de esa luz se amortizara y con tal de ver  lo indispensable ya supon\u00eda un ahorro en la electricidad. Por eso, el decir \u201capaga la luz\u201d como  titulo hoy mi tribuna, se ha multiplicado por diez, porque desde luego su consumo va a llevar  unos detonantes de quiebra y un encarecimiento sobrevenido en las empresas que ya se calcula en un 30%.<\/p>\n\n\n\n\n\n<p>          La electricidad,  que se encuentra descontrolada en su coste, avanza de una manera tan desorbitada que la sociedad est\u00e1 altamente  controvertida porque  las consecuencias de estas subidas vertiginosas est\u00e1n produciendo efectos colaterales que no se conocen su resultado final. Los sectores m\u00e1s afectados y que tienen un maltrecho  contexto econ\u00f3mico est\u00e1n clasificados  en funci\u00f3n de la actividad y de la producci\u00f3n que  en su conjunto, lleven a cabo, pues entre los aut\u00f3nomos nadie podr\u00eda olvidar  que los bares, restaurantes, peluquer\u00edas, talleres y negocios, ya fuertemente golpeados por la crisis derivada de la covid-19, est\u00e1n recibiendo  una estocada con la subida de la electricidad  que no saben en qu\u00e9 lugar pueden quedar sus negocios, tanto en el presente, como en el futuro, pues precisamente esta subida no solamente crea una situaci\u00f3n econ\u00f3mica complicada, sino que est\u00e1 anunciando  que para estas actividades,  en especial las pymes  micropymes, el incremento medio de la factura de la luz llega al 30%, pues pagar entre 200  y 400 euros m\u00e1s de electricidad es pr\u00e1cticamente no salir del bache, ya que es l\u00f3gico que cualquier comercio o negocio que posee escaparates, iluminaria, calefacci\u00f3n o aire acondicionado, sin olvidar los que poseen c\u00e1maras frigor\u00edficas, aparatos el\u00e9ctricos, cocinas, m\u00e1quinas de caf\u00e9,  ordenadores, etc., y  curiosamente encendidos en los momentos en que los picos  de la electricidad tienen mayor coste, como est\u00e1 ocurriendo ahora en este verano, el desprop\u00f3sito es incontrolable, pues estas subidas no previstas y sorpresivamente  cargadas mes a mes llegan en un momento de recuperaci\u00f3n para muchos negocios, los cuales est\u00e1n viendo lastrada  esa tendencia positiva y, por supuesto,  no hablemos de las plantillas de trabajadores que tambi\u00e9n unidas a la subida de impuestos  hacen un conjunto negativo a una econom\u00eda que podr\u00eda poco a poco salir adelante, pues de hecho, la subida del IPC que hemos tenido en el pasado mes de Agosto, ha sido  el detonante para que estos negocios tengan que replantearse el seguimiento de su actividad y mantenimiento de las plantillas.<\/p>\n\n\n\n\n\n<p>          Por lo visto nadie tiene la culpa, se echan unos a otros las responsabilidades, lo que en definitiva hace que las ayudas que se han dado en la pandemia se pierdan ahora por el coste de la electricidad, porque ello conlleva que la econom\u00eda dom\u00e9stica nos va a resultar muy regresiva para seguir a delante, por lo que a la recuperaci\u00f3n no se le ve horizonte y de hecho  ya se atisba un oto\u00f1o caliente por la cantidad de  impuestos y gastos que nos van a imprimir en la d\u00e9bil econom\u00eda de muchos espa\u00f1oles, porque no cabe duda que  el desprop\u00f3sito de la subida de la luz est\u00e1 acaparando  todas las esperanzas de mantenimiento, pero ello  y en cascada est\u00e1 taladrando las econom\u00edas de quien produce, de quien da servicios y de quien consume, por lo que las perspectivas que se avecinan no son nada halag\u00fce\u00f1as, ya que si ahora inclusive pretende el Gobierno subir el SMI veremos c\u00f3mo se afronta esa subida,  pues tambi\u00e9n muchos convenios colectivos que estar\u00e1n por debajo del mismo, revolver\u00e1n  la econom\u00eda y las cotizaciones a la Seguridad Social, que unidas a ese IPC  que habr\u00e1 que aplicar a las pensiones,  tendremos un d\u00e9ficit de todos los elementos de la econom\u00eda que aun cuando Europa nos ayude a salir del covid-19 no cabe duda que volveremos a los n\u00fameros rojos y todo porque alguien no ha sabido controlar el precio de la electricidad y  su efecto multiplicador, por lo  que el endeudamiento del pa\u00eds no tiene perspectiva de disminuci\u00f3n, sino todo lo contrario. Entre el alto d\u00e9ficit p\u00fablico y el desempleo que junto a Grecia, somos los que mayores cotas tenemos de Europa, ya me dir\u00e1n qu\u00e9 es lo que se nos avecina.<\/p>\n\n\n\n<p>          En resumen, lo de \u201capaga la luz\u201d sigue vivo  y en directo, porque esa expresi\u00f3n  no s\u00f3lo no ha desaparecido, sino que es la que se est\u00e1 utilizando para poder afrontar la maltrecha situaci\u00f3n  que ya tenemos encima. <\/p>\n","protected":false},"excerpt":{"rendered":"<p>Los que ya tenemos cierta edad y hemos pasado de ser los beneficiarios de quienes nos pagan o nos pagaban la electricidad, recordamos c\u00f3mo de ni\u00f1os nuestros abuelos y padres ten\u00edan una permanente frase que nos dec\u00edan que cuando acab\u00e1semos lo que est\u00e1bamos haciendo apag\u00e1semos la luz que costaba mucho. Esa cantinela ha sobrevivido d\u00e9cadas [&hellip;]<\/p>\n","protected":false},"author":1,"featured_media":0,"comment_status":"open","ping_status":"open","sticky":false,"template":"","format":"standard","meta":{"footnotes":""},"categories":[1],"tags":[],"class_list":["post-3663","post","type-post","status-publish","format-standard","hentry","category-sin-categoria"],"_links":{"self":[{"href":"https:\/\/elblogdejoseblasfernandez.com\/index.php?rest_route=\/wp\/v2\/posts\/3663","targetHints":{"allow":["GET"]}}],"collection":[{"href":"https:\/\/elblogdejoseblasfernandez.com\/index.php?rest_route=\/wp\/v2\/posts"}],"about":[{"href":"https:\/\/elblogdejoseblasfernandez.com\/index.php?rest_route=\/wp\/v2\/types\/post"}],"author":[{"embeddable":true,"href":"https:\/\/elblogdejoseblasfernandez.com\/index.php?rest_route=\/wp\/v2\/users\/1"}],"replies":[{"embeddable":true,"href":"https:\/\/elblogdejoseblasfernandez.com\/index.php?rest_route=%2Fwp%2Fv2%2Fcomments&post=3663"}],"version-history":[{"count":1,"href":"https:\/\/elblogdejoseblasfernandez.com\/index.php?rest_route=\/wp\/v2\/posts\/3663\/revisions"}],"predecessor-version":[{"id":3667,"href":"https:\/\/elblogdejoseblasfernandez.com\/index.php?rest_route=\/wp\/v2\/posts\/3663\/revisions\/3667"}],"wp:attachment":[{"href":"https:\/\/elblogdejoseblasfernandez.com\/index.php?rest_route=%2Fwp%2Fv2%2Fmedia&parent=3663"}],"wp:term":[{"taxonomy":"category","embeddable":true,"href":"https:\/\/elblogdejoseblasfernandez.com\/index.php?rest_route=%2Fwp%2Fv2%2Fcategories&post=3663"},{"taxonomy":"post_tag","embeddable":true,"href":"https:\/\/elblogdejoseblasfernandez.com\/index.php?rest_route=%2Fwp%2Fv2%2Ftags&post=3663"}],"curies":[{"name":"wp","href":"https:\/\/api.w.org\/{rel}","templated":true}]}}