{"id":3684,"date":"2021-10-03T13:05:18","date_gmt":"2021-10-03T11:05:18","guid":{"rendered":"http:\/\/elblogdejoseblasfernandez.com\/?p=3684"},"modified":"2021-10-03T13:05:19","modified_gmt":"2021-10-03T11:05:19","slug":"vocacion-politica","status":"publish","type":"post","link":"https:\/\/elblogdejoseblasfernandez.com\/?p=3684","title":{"rendered":"VOCACI\u00d3N POL\u00cdTICA."},"content":{"rendered":"\n<p>         Siempre he tenido la creencia  de que para ejercer una profesi\u00f3n o estar convencido de que un determinado  proyecto de vida pod\u00eda llevarlo a cabo, era indispensable,  independientemente de los conocimientos en la materia, tener una vocaci\u00f3n de todo aquello en lo que uno se involucra, pues sin vocaci\u00f3n dif\u00edcilmente las cosas salen  bien y l\u00f3gicamente el fracaso puede ser morrocotudo y m\u00e1s a\u00fan si ese proyecto de vida conlleva  que por tus manos y tus decisiones tengan que pasar situaciones controvertidas y dif\u00edciles de resolver.<\/p>\n\n\n\n<figure class=\"wp-block-image is-resized\"><img fetchpriority=\"high\" decoding=\"async\" src=\"http:\/\/elblogdejoseblasfernandez.com\/wp-content\/uploads\/2021\/10\/INFOGRAF\u00cdA-SUBJA.jpg\" alt=\"\" class=\"wp-image-3686\" width=\"511\" height=\"343\" srcset=\"https:\/\/elblogdejoseblasfernandez.com\/wp-content\/uploads\/2021\/10\/INFOGRAF\u00cdA-SUBJA.jpg 600w, https:\/\/elblogdejoseblasfernandez.com\/wp-content\/uploads\/2021\/10\/INFOGRAF\u00cdA-SUBJA-300x202.jpg 300w\" sizes=\"(max-width: 511px) 100vw, 511px\" \/><\/figure>\n\n\n\n<p>          Para tener  una vida consagrada y ejercerla es indispensable tener vocaci\u00f3n de servicio y una entrega para  lo que se est\u00e1 convencido que  hay que  llevar a cabo. Es m\u00e1s, para realizar un trabajo,  si la vocaci\u00f3n no ha estado ah\u00ed permanentemente alerta para impulsarte a ejercerlo, nunca podr\u00e1s terminarlo  convencido de esa meta, porque \u00e9ste es el claro ejemplo de una vocaci\u00f3n nacida de dentro y que en la universidad de la vida  la has acreditado. Sin  embargo,  en la  pol\u00edtica se ha perdido hoy  todo lo que es fruto de la  vocaci\u00f3n. Es decir,  se entra en ella porque es una soluci\u00f3n  pasajera,  en miles de casos, para tu situaci\u00f3n econ\u00f3mica  o bien quieres escalar a otros puestos que est\u00e1n movidos por pol\u00edticos pero que te hace falta estar introducido en ese mundo hoy de tanto laberinto, pues de lo contrario no llegar\u00e1s al ocaso que pretendes.<\/p>\n\n\n\n<p>          Yo mantengo y siempre lo he dicho, que no es lo mismo ser \u201cun profesional de la pol\u00edtica\u201d que \u201cun profesional en la pol\u00edtica\u201d. El primero, est\u00e1  porque quiere mantenerse vivo en unas relaciones  que conllevan escaladas, dinero, popularidad, protagonismo y narcisismo y cuando abandonas esa escuela en la que has entrado,  porque siempre te suelen liquidar, pero con un finiquito en la mano porque te echan otros, te das cuenta de que has estado utilizado y manipulado  y sobretodo, has sido obediente a los mandatos de quien te manten\u00eda en el  puesto, de que a lo mejor has hecho sombra a quien te quita de en medio y que en muchos casos no tienes donde \u201ccaerte muerto\u201d, empezando desde ah\u00ed una larga carrera pedig\u00fce\u00f1a para que te coloquen de \u201casesor\u201d y te mantengan a costa de los  impuestos de los dem\u00e1s,  en partidos pol\u00edticos, grupos parlamentarios, grupos municipales, etc., pero siempre teniendo la fecha de caducidad de quien te recomend\u00f3 y te introdujo en esa ruleta donde hoy muchos ya no est\u00e1n y desgraciadamente los a\u00f1os se lo han comido para pasar a un desempleo  o estar alerta siempre de que te coloquen de algo, porque sin ese pasaporte de sumisi\u00f3n   no   vas a llegar a nada. Sin embargo, ser profesional en la pol\u00edtica, es aqu\u00e9l que tiene una profesi\u00f3n que ejerce, que vive de ella y que cuando  lo quitan o se marcha de ella sabe que va a volver al lugar vocacional que ten\u00eda o al puesto que oposit\u00f3 en su momento, donde la sociedad civil siempre lo esperar\u00e1,  porque sus conocimientos y profesionalidad nunca ser\u00e1n ensombrecidos  por aquellos titiriteros de la pol\u00edtica que te ponen y te quitan en funci\u00f3n de lo adherido que est\u00e9s al l\u00edder de turno y m\u00e1s si hay j\u00f3venes cachorros hambrientos que s\u00f3lo se mueven para servir y chivatear.<\/p>\n\n\n\n<p>          Desde  que  entramos en democracia  hemos visto c\u00f3mo  en todos aquellos puestos pol\u00edticos de los primeros 25 a\u00f1os aproximadamente,   han existido personas documentadas, preparadas, con carreras universitarias o profesiones  propias,  que miraban el inter\u00e9s general de la sociedad, eran disciplinados en sus quehaceres y desde luego, responsables hasta el final de todo aquello que se les encomendaba, por lo que la pol\u00edtica de los primeros a\u00f1os de la democracia era una pol\u00edtica educada, no insultante y donde las personas se antepon\u00edan a cualquier otra causa. De hecho, un largo elenco de pol\u00edticos han pasado por los Parlamentos, Diputaciones, Ayuntamientos, empresas p\u00fablicas,  etc.,  resolviendo en sus cometidos las funciones que se les dieron, pero todo esto se ha perdido y no estaban precisamente por el dinero, pero  hoy s\u00f3lo piensa,  la gran mayor\u00eda, en tener un esca\u00f1o de lo que sea o ser asesor de lo primero que venga, con el \u00fanico fin de tener un sueldo fijo, cotizar a la Seguridad Social por la base m\u00e1xima o intentar entrar en una empresa p\u00fablica con contrato blindado y no tener m\u00e1s carrera de futuro que jubilarse en la misma, sin olvidar las  puertas giratorias sobre las que entonces habr\u00eda que escribir un libro. Eso est\u00e1 ocurriendo en todos los partidos pol\u00edticos y hay un deseo enorme de liberarse  sindicalmente por una parte o liberarse de la nada para convertirse en un personaje, pues  el curriculum que algunos aportan a la vida p\u00fablica es tan vergonzoso que no son m\u00e1s que vividores de lo p\u00fablico y catedr\u00e1ticos de codazos, pues eso s\u00ed, los profesionales de la pol\u00edtica tienen en su carrera  un m\u00e1ster que es \u201cquita a ese para ponerme yo\u201d y claro los codazos,   empujones, chivateos  y artima\u00f1as de ese adversario es la mejor asignatura para mantenerse en lo p\u00fablico.<\/p>\n\n\n\n\n\n<p>          Todo esto viene a demostrar que la vocaci\u00f3n se ha perdido, que el profesional de la pol\u00edtica no tiene vocaci\u00f3n ni tiene esp\u00edritu de servicio, solo horarios como si fueran funcionarios de esa administraci\u00f3n en la que se encuentran y desde que son j\u00f3venes y en esas juventudes de partidos se est\u00e1n formando y su \u00fanico deseo y aspiraci\u00f3n es perpetuarse de lo que sea, ser un maestro liendres en la pol\u00edtica y seguro que aqu\u00e9l que viene con vocaci\u00f3n y es profesional en la pol\u00edtica terminar\u00e1 aburrido  y ser\u00e1 para \u00e9l una triste experiencia el haber estado trabajando para algo que la \u00fanica meta existente es  vivir de un sueldo, ya sea en la oposici\u00f3n como en el gobierno, pero calentito que tener un buen sueldo a final de mes supone tranquilidad y no se es ese trabajador que echa horas extraordinarias,  que lucha por un puesto de trabajo o que es un aut\u00f3nomo  sin horario ni fecha en el calendario, sin olvidar a tantos funcionarios que tambi\u00e9n est\u00e1n entregados en su vida  funcionarial,   rindiendo al m\u00e1ximo y siempre esperanzados en que su trabajo es en definitiva la vocaci\u00f3n  y el deber cumplido.<\/p>\n\n\n\n\n\n<p>          Hoy, ser pol\u00edtico es no tener credibilidad   para la sociedad en general, el concepto es de ser un est\u00f3mago agradecido de terceros, no teniendo personalidad y pobre si en las funciones de tu cargo llevas a cabo algunas declaraciones p\u00fablicas sin consultar con tu \u201cmandatario\u201d, pues te orillaran con la expresi\u00f3n que lo que has dicho no es \u201ccorrectamente pol\u00edtico\u201d y te dar\u00e1n sin piedad la famosa carta de \u201ccarretera y manta\u201d.<\/p>\n\n\n\n<p>          En resumen, la pol\u00edtica actual ha perdido la esencia de la seriedad y el trabajo bien hecho y pasar\u00e1s por un escalaf\u00f3n mediocre que o haces lo que te dicen o  el \u201ccortijo\u201d ser\u00e1 de unos pocos, teniendo que volverte atr\u00e1s o hacerte un camale\u00f3n pol\u00edtico, salvo que seas un profesional en la pol\u00edtica y tu profesi\u00f3n o actividad te sit\u00fae en el lugar  que nunca  abandonaste por tus convicciones y tu trayectoria profesional. <\/p>\n","protected":false},"excerpt":{"rendered":"<p>Siempre he tenido la creencia de que para ejercer una profesi\u00f3n o estar convencido de que un determinado proyecto de vida pod\u00eda llevarlo a cabo, era indispensable, independientemente de los conocimientos en la materia, tener una vocaci\u00f3n de todo aquello en lo que uno se involucra, pues sin vocaci\u00f3n dif\u00edcilmente las cosas salen bien y [&hellip;]<\/p>\n","protected":false},"author":1,"featured_media":0,"comment_status":"open","ping_status":"open","sticky":false,"template":"","format":"standard","meta":{"footnotes":""},"categories":[1],"tags":[],"class_list":["post-3684","post","type-post","status-publish","format-standard","hentry","category-sin-categoria"],"_links":{"self":[{"href":"https:\/\/elblogdejoseblasfernandez.com\/index.php?rest_route=\/wp\/v2\/posts\/3684","targetHints":{"allow":["GET"]}}],"collection":[{"href":"https:\/\/elblogdejoseblasfernandez.com\/index.php?rest_route=\/wp\/v2\/posts"}],"about":[{"href":"https:\/\/elblogdejoseblasfernandez.com\/index.php?rest_route=\/wp\/v2\/types\/post"}],"author":[{"embeddable":true,"href":"https:\/\/elblogdejoseblasfernandez.com\/index.php?rest_route=\/wp\/v2\/users\/1"}],"replies":[{"embeddable":true,"href":"https:\/\/elblogdejoseblasfernandez.com\/index.php?rest_route=%2Fwp%2Fv2%2Fcomments&post=3684"}],"version-history":[{"count":2,"href":"https:\/\/elblogdejoseblasfernandez.com\/index.php?rest_route=\/wp\/v2\/posts\/3684\/revisions"}],"predecessor-version":[{"id":3689,"href":"https:\/\/elblogdejoseblasfernandez.com\/index.php?rest_route=\/wp\/v2\/posts\/3684\/revisions\/3689"}],"wp:attachment":[{"href":"https:\/\/elblogdejoseblasfernandez.com\/index.php?rest_route=%2Fwp%2Fv2%2Fmedia&parent=3684"}],"wp:term":[{"taxonomy":"category","embeddable":true,"href":"https:\/\/elblogdejoseblasfernandez.com\/index.php?rest_route=%2Fwp%2Fv2%2Fcategories&post=3684"},{"taxonomy":"post_tag","embeddable":true,"href":"https:\/\/elblogdejoseblasfernandez.com\/index.php?rest_route=%2Fwp%2Fv2%2Ftags&post=3684"}],"curies":[{"name":"wp","href":"https:\/\/api.w.org\/{rel}","templated":true}]}}